{"id":15765,"date":"2016-09-09T07:03:50","date_gmt":"2016-09-09T05:03:50","guid":{"rendered":"http:\/\/www.manologarciaycia.com\/?p=15765"},"modified":"2016-09-09T07:06:00","modified_gmt":"2016-09-09T05:06:00","slug":"los-premis-altaveu-reconocen-la-trayectoria-de-manolo-garcia-y-quimi-portet","status":"publish","type":"post","link":"https:\/\/www.manologarciaycia.com\/?p=15765","title":{"rendered":"Los Premis Altaveu reconocen la trayectoria de Manolo Garc\u00eda y Quimi Portet"},"content":{"rendered":"<p>Los m\u00fasicos Manolo Garc\u00eda y Quimi Portet, art\u00edfices del grupo El \u00daltimo de la Fila, han sido galardonados por su trayectoria con el Premi Altaveu 2016, junto con otros artistas y grupos como Lax&#8217;n&#8217;Busto, Obeses, Joana Serrat, Francesc Burrull y el sello Guerssen Records.<\/p>\n<p>Fuente y noticia completa en EuropaPress: <a href=\"http:\/\/www.europapress.es\/catalunya\/noticia-premis-altaveu-reconocen-trayectoria-manolo-garcia-quimi-portet-20160908203905.html\" target=\"_blank\">ENLACE<\/a><\/p>\n","protected":false},"excerpt":{"rendered":"<p>Los m\u00fasicos Manolo Garc\u00eda y Quimi Portet, art\u00edfices del grupo El \u00daltimo de la Fila, han sido galardonados por su trayectoria con el Premi Altaveu 2016, junto con otros artistas y grupos como Lax&#8217;n&#8217;Busto, Obeses, Joana Serrat, Francesc Burrull y el sello Guerssen Records. Fuente y noticia completa en EuropaPress: ENLACE<a class=\"moretag\" href=\"https:\/\/www.manologarciaycia.com\/?p=15765\" title=\"Los Premis Altaveu reconocen la trayectoria de Manolo Garc\u00eda y Quimi Portet\" target=\"_self\" rel=\"follow\"> <font face=arial size=2>[Leer m\u00e1s]<\/font> <\/a><\/p>\n","protected":false},"author":2,"featured_media":15766,"comment_status":"closed","ping_status":"closed","sticky":false,"template":"","format":"standard","meta":{"footnotes":""},"categories":[1,9],"tags":[],"class_list":["post-15765","post","type-post","status-publish","format-standard","has-post-thumbnail","hentry","category-manolo-garcia","category-qumi-portet"],"_links":{"self":[{"href":"https:\/\/www.manologarciaycia.com\/index.php?rest_route=\/wp\/v2\/posts\/15765","targetHints":{"allow":["GET"]}}],"collection":[{"href":"https:\/\/www.manologarciaycia.com\/index.php?rest_route=\/wp\/v2\/posts"}],"about":[{"href":"https:\/\/www.manologarciaycia.com\/index.php?rest_route=\/wp\/v2\/types\/post"}],"author":[{"embeddable":true,"href":"https:\/\/www.manologarciaycia.com\/index.php?rest_route=\/wp\/v2\/users\/2"}],"replies":[{"embeddable":true,"href":"https:\/\/www.manologarciaycia.com\/index.php?rest_route=%2Fwp%2Fv2%2Fcomments&post=15765"}],"version-history":[{"count":1,"href":"https:\/\/www.manologarciaycia.com\/index.php?rest_route=\/wp\/v2\/posts\/15765\/revisions"}],"predecessor-version":[{"id":15767,"href":"https:\/\/www.manologarciaycia.com\/index.php?rest_route=\/wp\/v2\/posts\/15765\/revisions\/15767"}],"wp:featuredmedia":[{"embeddable":true,"href":"https:\/\/www.manologarciaycia.com\/index.php?rest_route=\/wp\/v2\/media\/15766"}],"wp:attachment":[{"href":"https:\/\/www.manologarciaycia.com\/index.php?rest_route=%2Fwp%2Fv2%2Fmedia&parent=15765"}],"wp:term":[{"taxonomy":"category","embeddable":true,"href":"https:\/\/www.manologarciaycia.com\/index.php?rest_route=%2Fwp%2Fv2%2Fcategories&post=15765"},{"taxonomy":"post_tag","embeddable":true,"href":"https:\/\/www.manologarciaycia.com\/index.php?rest_route=%2Fwp%2Fv2%2Ftags&post=15765"}],"curies":[{"name":"wp","href":"https:\/\/api.w.org\/{rel}","templated":true}]}}