{"id":15762,"date":"2016-09-06T16:14:19","date_gmt":"2016-09-06T14:14:19","guid":{"rendered":"http:\/\/www.manologarciaycia.com\/?p=15762"},"modified":"2016-09-06T16:14:19","modified_gmt":"2016-09-06T14:14:19","slug":"el-festival-barnasants-toma-madrid-por-la-diada-con-ivette-nadal","status":"publish","type":"post","link":"https:\/\/www.manologarciaycia.com\/?p=15762","title":{"rendered":"El festival Barnasants toma Madrid por la Diada (con Ivette Nadal!)"},"content":{"rendered":"<p>Coincidiendo con la celebraci\u00f3n de su 20 aniversario, el ciclo de conciertos de canci\u00f3n de autor Barnasants sigue ensanchando sus sedes m\u00e1s all\u00e1 de Barcelona. Uni\u00e9ndose al Pa\u00eds Valenci\u00e0, Alguer, Tolosa de Llenguadoc, Uruguay o la Habana, del 8 al 11 de septiembre, y con <b>Ivette Nadal<\/b>, <b>Quico Pi de la Serra<\/b>, <b>Roger Mas<\/b> y <b>Joan Isaac<\/b> como protagonistas, la sala Berlanga acoger\u00e1 la primera edici\u00f3n del festival en Madrid.<\/p>\n<p><img loading=\"lazy\" decoding=\"async\" src=\"http:\/\/www.elnacional.cat\/uploads\/s1\/27\/35\/67\/ivette-21842.jpg\" width=\"450\" height=\"584\" \/><\/p>\n<p><b>Ivette Nadal<\/b> pondr\u00e1 las primeras notas del Barnasants Madrid. Este jueves 8 de septiembre, la cantautora de Granollers presentar\u00e1 en la sala Berlanga de la capital estatal su \u00faltimo trabajo de estudio <em>Tornar a mare<\/em> (2016). Publicado el pasado mes de enero gracias a una campa\u00f1a de micromecenazgo, el cuarto largo de Nadal es un sincero dietario de la lucha que mantuvo con un transtorno alimenticio.<\/p>\n<div><iframe loading=\"lazy\" src=\"https:\/\/www.youtube.com\/embed\/3ZlJVj4MkSQ\" width=\"560\" height=\"315\" frameborder=\"0\" allowfullscreen=\"allowfullscreen\" data-mce-fragment=\"1\"><\/iframe><\/div>\n<p>Destacando la presencia de amigos como <b>Manolo Garcia<\/b> y <b>Joan Colomo<\/b>poniendo voz a \u00abNo saps el mal que em fas\u00bb y \u00abAquest parany\u00bb respectivamente, Ivette Nadal ha dado vida a diez piezas trazadas en notas de un pop rock que no duda a flirtear con las formas de la rumba o el folk y que hablan de la anorexia con una sinceridad cautivadora.<\/p>\n<p><img loading=\"lazy\" decoding=\"async\" src=\"http:\/\/www.elnacional.cat\/uploads\/s1\/27\/35\/75\/joan-isaac-21843.jpg\" width=\"450\" height=\"660\" \/><\/p>\n<p>La segunda jornada del Barnasants Madrid tendr\u00e1 como protagonista a <b>Joan Isaac<\/b>. El viernes 9 de septiembre, el cantautor barcelon\u00e9s dar\u00e1 a conocer su \u00faltima referencia, <em>Joies Italianes i altres meravelles<\/em> (2015), un \u00e1lbum que en palabras del mismo Isaac es \u00abuna declaraci\u00f3n de amor a una m\u00fasica que amo\u00a0y a un pa\u00eds que me apasiona,\u00a0Italia\u00bb.<\/p>\n<div><iframe loading=\"lazy\" src=\"https:\/\/www.youtube.com\/embed\/_EEt3JZ5wQ0\" width=\"560\" height=\"315\" frameborder=\"0\" allowfullscreen=\"allowfullscreen\" data-mce-fragment=\"1\"><\/iframe><\/div>\n<p>Nombre preponderante de la canci\u00f3n de autor catalana, Joan Isaac llevar\u00e1\u00a0a escena temas de autores italianos consagrados como Enzo Jannacci, Giorgio Conte, Eugenio Finardi, Dalla, De Gregori, Fossato, Tosca o Fabrizio Andr\u00e9 junto con composiciones de voces m\u00e1s j\u00f3venes como Samuele Bersani o Vinicio Capossela. Un repertorio que completar\u00e1 con\u00a0versiones de amigos como Silvio Rodr\u00edguez, Luis Eduardo Aute o Luis Pastor.<\/p>\n<p><img loading=\"lazy\" decoding=\"async\" src=\"http:\/\/www.elnacional.cat\/uploads\/s1\/27\/35\/83\/roger-mas-21845.jpg\" width=\"450\" height=\"545\" \/><\/p>\n<p><b>Roger Mas<\/b>, una de las voces m\u00e1s especiales de nuestra escena musical, estar\u00e1 en la Sala Berlanga el s\u00e1bado 10 recreando los acordes de <em>Irredempt<\/em>(2015), su primer \u00e1lbum de estudio con material nuevo desde que en el 2010 public\u00f3 <em>A la casa d\u2019enlloc<\/em>.<\/p>\n<div><iframe loading=\"lazy\" src=\"https:\/\/www.youtube.com\/embed\/VraiiY3p9iE\" width=\"560\" height=\"315\" frameborder=\"0\" allowfullscreen=\"allowfullscreen\" data-mce-fragment=\"1\"><\/iframe><\/div>\n<p>En un concierto \u00edntimo, especialmente pensado para esta velada (e inspirado en tres pilares: las m\u00fasicas modernas, la tradici\u00f3n propia y las diversas m\u00fasicas ancestrales del mundo), Roger Mas compartir\u00e1 con el p\u00fablico madrile\u00f1o su nueva colecci\u00f3n de historias de amor y de guerra, de pasado, presente y futuro, de anhelos y a\u00f1oranzas, de hechos reales e imaginarios.<\/p>\n<p><img loading=\"lazy\" decoding=\"async\" src=\"http:\/\/www.elnacional.cat\/uploads\/s1\/27\/35\/91\/quico-21844.jpg\" width=\"450\" height=\"607\" \/><\/p>\n<p><b>Quico Pi de la Serra<\/b>, figura fundamental de la canci\u00f3n catalana, ser\u00e1 el encargado clausurar la primera edici\u00f3n del Barnasants Madrid en una noche que todo el protagonismo recaer\u00e1 en <em>Dues tasses<\/em> (2015), la 22\u00aa referencia en la n\u00f3mina discogr\u00e1fica del autor de \u00abL&#8217;home del carrer\u00bb.<\/p>\n<div><iframe loading=\"lazy\" src=\"https:\/\/www.youtube.com\/embed\/6XcixsjWWCc\" width=\"560\" height=\"315\" frameborder=\"0\" allowfullscreen=\"allowfullscreen\" data-mce-fragment=\"1\"><\/iframe><\/div>\n<p>Sin tab\u00faes ni dramatismos, con la contundencia, sensibilidad y socarroner\u00eda que le son propias; <em>Dues tasses<\/em> incluye composiciones nuevas, revisiones de algunos de los temas m\u00e1s representativos de su trayectoria (\u00abInventari\u00bb, \u00abEls fariseus\u00bb, \u00abSi la merda fos or\u2026\u00bb) y versiones de compa\u00f1eros de gremio como \u00abL&#8217;escola de la Ribera\u00bb de Ovidi Montllor.<\/p>\n<p>Fuente:\u00a0El Nacional &#8211;\u00a0<a href=\"http:\/\/www.elnacional.cat\/es\/cultura-ideas-artes\/festival-barnasants-edicion-madrid_108789_102.html\" target=\"_blank\">ENLACE<\/a><\/p>\n","protected":false},"excerpt":{"rendered":"<p>Coincidiendo con la celebraci\u00f3n de su 20 aniversario, el ciclo de conciertos de canci\u00f3n de autor Barnasants sigue ensanchando sus sedes m\u00e1s all\u00e1 de Barcelona. Uni\u00e9ndose al Pa\u00eds Valenci\u00e0, Alguer, Tolosa de Llenguadoc, Uruguay o la Habana, del 8 al 11 de septiembre, y con Ivette Nadal, Quico Pi de la Serra, Roger Mas y<a class=\"moretag\" href=\"https:\/\/www.manologarciaycia.com\/?p=15762\" title=\"El festival Barnasants toma Madrid por la Diada (con Ivette Nadal!)\" target=\"_self\" rel=\"follow\"> <font face=arial size=2>[Leer m\u00e1s]<\/font> <\/a><\/p>\n","protected":false},"author":2,"featured_media":15763,"comment_status":"closed","ping_status":"closed","sticky":false,"template":"","format":"standard","meta":{"footnotes":""},"categories":[23],"tags":[],"class_list":["post-15762","post","type-post","status-publish","format-standard","has-post-thumbnail","hentry","category-otros"],"_links":{"self":[{"href":"https:\/\/www.manologarciaycia.com\/index.php?rest_route=\/wp\/v2\/posts\/15762","targetHints":{"allow":["GET"]}}],"collection":[{"href":"https:\/\/www.manologarciaycia.com\/index.php?rest_route=\/wp\/v2\/posts"}],"about":[{"href":"https:\/\/www.manologarciaycia.com\/index.php?rest_route=\/wp\/v2\/types\/post"}],"author":[{"embeddable":true,"href":"https:\/\/www.manologarciaycia.com\/index.php?rest_route=\/wp\/v2\/users\/2"}],"replies":[{"embeddable":true,"href":"https:\/\/www.manologarciaycia.com\/index.php?rest_route=%2Fwp%2Fv2%2Fcomments&post=15762"}],"version-history":[{"count":1,"href":"https:\/\/www.manologarciaycia.com\/index.php?rest_route=\/wp\/v2\/posts\/15762\/revisions"}],"predecessor-version":[{"id":15764,"href":"https:\/\/www.manologarciaycia.com\/index.php?rest_route=\/wp\/v2\/posts\/15762\/revisions\/15764"}],"wp:featuredmedia":[{"embeddable":true,"href":"https:\/\/www.manologarciaycia.com\/index.php?rest_route=\/wp\/v2\/media\/15763"}],"wp:attachment":[{"href":"https:\/\/www.manologarciaycia.com\/index.php?rest_route=%2Fwp%2Fv2%2Fmedia&parent=15762"}],"wp:term":[{"taxonomy":"category","embeddable":true,"href":"https:\/\/www.manologarciaycia.com\/index.php?rest_route=%2Fwp%2Fv2%2Fcategories&post=15762"},{"taxonomy":"post_tag","embeddable":true,"href":"https:\/\/www.manologarciaycia.com\/index.php?rest_route=%2Fwp%2Fv2%2Ftags&post=15762"}],"curies":[{"name":"wp","href":"https:\/\/api.w.org\/{rel}","templated":true}]}}