{"id":15732,"date":"2016-08-19T07:46:11","date_gmt":"2016-08-19T05:46:11","guid":{"rendered":"http:\/\/www.manologarciaycia.com\/?p=15732"},"modified":"2016-08-19T07:46:11","modified_gmt":"2016-08-19T05:46:11","slug":"el-ultimo-de-la-fila-el-loco-de-la-calle-entrevista-cordoba-1988","status":"publish","type":"post","link":"https:\/\/www.manologarciaycia.com\/?p=15732","title":{"rendered":"El \u00daltimo de la Fila, El loco de la calle + entrevista. C\u00f3rdoba 1988"},"content":{"rendered":"<p><span data-offset-key=\"eq33p-0-0\"><span data-text=\"true\">El \u00daltimo de la Fila, El loco de la calle. Concierto en directo 1988 Feria Real (de C\u00f3rdoba) . De Grupo Comunica. <\/span><\/span><span class=\"_5u8n\" spellcheck=\"false\" data-offset-key=\"eq33p-1-0\"><span data-offset-key=\"eq33p-1-0\"><span data-text=\"true\">#El\u00daltimodelaFila<\/span><\/span><\/span> <span class=\"_5u8n\" spellcheck=\"false\" data-offset-key=\"eq33p-3-0\"><span data-offset-key=\"eq33p-3-0\"><span data-text=\"true\">#ManoloGarc\u00eda<\/span><\/span><\/span> <span class=\"_5u8u\" spellcheck=\"false\" data-offset-key=\"eq33p-5-0\"><span data-offset-key=\"eq33p-5-0\"><span data-text=\"true\">Quimi Portet<\/span><\/span><\/span> <span class=\"_5u8n\" spellcheck=\"false\" data-offset-key=\"eq33p-7-0\"><span data-offset-key=\"eq33p-7-0\"><span data-text=\"true\">#QuimiPortet<\/span><\/span><\/span> <span class=\"_5u8n\" spellcheck=\"false\" data-offset-key=\"eq33p-9-0\"><span data-offset-key=\"eq33p-9-0\"><span data-text=\"true\">#EUDLF<\/span><\/span><\/span> <span class=\"_5u8n\" spellcheck=\"false\" data-offset-key=\"eq33p-11-0\"><span data-offset-key=\"eq33p-11-0\"><span data-text=\"true\">#Cordoba<\/span><\/span><\/span><\/p>\n","protected":false},"excerpt":{"rendered":"<p>El \u00daltimo de la Fila, El loco de la calle. Concierto en directo 1988 Feria Real (de C\u00f3rdoba) . De Grupo Comunica. #El\u00daltimodelaFila #ManoloGarc\u00eda Quimi Portet #QuimiPortet #EUDLF #Cordoba<a class=\"moretag\" href=\"https:\/\/www.manologarciaycia.com\/?p=15732\" title=\"El \u00daltimo de la Fila, El loco de la calle + entrevista. C\u00f3rdoba 1988\" target=\"_self\" rel=\"follow\"> <font face=arial size=2>[Leer m\u00e1s]<\/font> <\/a><\/p>\n","protected":false},"author":2,"featured_media":0,"comment_status":"closed","ping_status":"closed","sticky":false,"template":"","format":"video","meta":{"footnotes":""},"categories":[1],"tags":[],"class_list":["post-15732","post","type-post","status-publish","format-video","hentry","category-manolo-garcia","post_format-post-format-video"],"_links":{"self":[{"href":"https:\/\/www.manologarciaycia.com\/index.php?rest_route=\/wp\/v2\/posts\/15732","targetHints":{"allow":["GET"]}}],"collection":[{"href":"https:\/\/www.manologarciaycia.com\/index.php?rest_route=\/wp\/v2\/posts"}],"about":[{"href":"https:\/\/www.manologarciaycia.com\/index.php?rest_route=\/wp\/v2\/types\/post"}],"author":[{"embeddable":true,"href":"https:\/\/www.manologarciaycia.com\/index.php?rest_route=\/wp\/v2\/users\/2"}],"replies":[{"embeddable":true,"href":"https:\/\/www.manologarciaycia.com\/index.php?rest_route=%2Fwp%2Fv2%2Fcomments&post=15732"}],"version-history":[{"count":1,"href":"https:\/\/www.manologarciaycia.com\/index.php?rest_route=\/wp\/v2\/posts\/15732\/revisions"}],"predecessor-version":[{"id":15733,"href":"https:\/\/www.manologarciaycia.com\/index.php?rest_route=\/wp\/v2\/posts\/15732\/revisions\/15733"}],"wp:attachment":[{"href":"https:\/\/www.manologarciaycia.com\/index.php?rest_route=%2Fwp%2Fv2%2Fmedia&parent=15732"}],"wp:term":[{"taxonomy":"category","embeddable":true,"href":"https:\/\/www.manologarciaycia.com\/index.php?rest_route=%2Fwp%2Fv2%2Fcategories&post=15732"},{"taxonomy":"post_tag","embeddable":true,"href":"https:\/\/www.manologarciaycia.com\/index.php?rest_route=%2Fwp%2Fv2%2Ftags&post=15732"}],"curies":[{"name":"wp","href":"https:\/\/api.w.org\/{rel}","templated":true}]}}