{"id":15705,"date":"2016-08-06T08:34:48","date_gmt":"2016-08-06T06:34:48","guid":{"rendered":"http:\/\/www.manologarciaycia.com\/?p=15705"},"modified":"2016-08-06T08:34:48","modified_gmt":"2016-08-06T06:34:48","slug":"tracklist-manolo-garcia-en-musicos-en-la-naturaleza","status":"publish","type":"post","link":"https:\/\/www.manologarciaycia.com\/?p=15705","title":{"rendered":"Tracklist Manolo Garc\u00eda en M\u00fasicos en la Naturaleza"},"content":{"rendered":"<p><img loading=\"lazy\" decoding=\"async\" src=\"http:\/\/www.manologarciaycia.com\/wp-content\/uploads\/2016\/08\/Tracklist_Gredos_RaquelRenedo_1.jpg\" alt=\"Tracklist_Gredos_RaquelRenedo_1\" width=\"764\" height=\"1024\" class=\"aligncenter size-full wp-image-15706\" srcset=\"https:\/\/www.manologarciaycia.com\/wp-content\/uploads\/2016\/08\/Tracklist_Gredos_RaquelRenedo_1.jpg 764w, https:\/\/www.manologarciaycia.com\/wp-content\/uploads\/2016\/08\/Tracklist_Gredos_RaquelRenedo_1-373x500.jpg 373w, https:\/\/www.manologarciaycia.com\/wp-content\/uploads\/2016\/08\/Tracklist_Gredos_RaquelRenedo_1-695x932.jpg 695w\" sizes=\"auto, (max-width: 764px) 100vw, 764px\" \/><\/p>\n<p><img loading=\"lazy\" decoding=\"async\" src=\"http:\/\/www.manologarciaycia.com\/wp-content\/uploads\/2016\/08\/Tracklist_Gredos_RaquelRenedo_2.jpg\" alt=\"Tracklist_Gredos_RaquelRenedo_2\" width=\"713\" height=\"1024\" class=\"aligncenter size-full wp-image-15707\" srcset=\"https:\/\/www.manologarciaycia.com\/wp-content\/uploads\/2016\/08\/Tracklist_Gredos_RaquelRenedo_2.jpg 713w, https:\/\/www.manologarciaycia.com\/wp-content\/uploads\/2016\/08\/Tracklist_Gredos_RaquelRenedo_2-348x500.jpg 348w, https:\/\/www.manologarciaycia.com\/wp-content\/uploads\/2016\/08\/Tracklist_Gredos_RaquelRenedo_2-695x998.jpg 695w\" sizes=\"auto, (max-width: 713px) 100vw, 713px\" \/><\/p>\n<p>Ahora s\u00ed, tracklist del concierto de Manolo Garc\u00eda en M\u00fasicos en la Naturaleza, Hoyos del  Espino, Gredos. Fin de Gira, Todo Es Ahora. De Raquel Renedo, muchas gracias! Salut!<\/p>\n<p>PD: Hay que a\u00f1adir El Rey, ranchera final.<\/p>\n","protected":false},"excerpt":{"rendered":"<p>Ahora s\u00ed, tracklist del concierto de Manolo Garc\u00eda en M\u00fasicos en la Naturaleza, Hoyos del Espino, Gredos. Fin de Gira, Todo Es Ahora. De Raquel Renedo, muchas gracias! Salut! PD: Hay que a\u00f1adir El Rey, ranchera final.<a class=\"moretag\" href=\"https:\/\/www.manologarciaycia.com\/?p=15705\" title=\"Tracklist Manolo Garc\u00eda en M\u00fasicos en la Naturaleza\" target=\"_self\" rel=\"follow\"> <font face=arial size=2>[Leer m\u00e1s]<\/font> <\/a><\/p>\n","protected":false},"author":2,"featured_media":15706,"comment_status":"closed","ping_status":"closed","sticky":false,"template":"","format":"standard","meta":{"footnotes":""},"categories":[1],"tags":[],"class_list":["post-15705","post","type-post","status-publish","format-standard","has-post-thumbnail","hentry","category-manolo-garcia"],"_links":{"self":[{"href":"https:\/\/www.manologarciaycia.com\/index.php?rest_route=\/wp\/v2\/posts\/15705","targetHints":{"allow":["GET"]}}],"collection":[{"href":"https:\/\/www.manologarciaycia.com\/index.php?rest_route=\/wp\/v2\/posts"}],"about":[{"href":"https:\/\/www.manologarciaycia.com\/index.php?rest_route=\/wp\/v2\/types\/post"}],"author":[{"embeddable":true,"href":"https:\/\/www.manologarciaycia.com\/index.php?rest_route=\/wp\/v2\/users\/2"}],"replies":[{"embeddable":true,"href":"https:\/\/www.manologarciaycia.com\/index.php?rest_route=%2Fwp%2Fv2%2Fcomments&post=15705"}],"version-history":[{"count":1,"href":"https:\/\/www.manologarciaycia.com\/index.php?rest_route=\/wp\/v2\/posts\/15705\/revisions"}],"predecessor-version":[{"id":15708,"href":"https:\/\/www.manologarciaycia.com\/index.php?rest_route=\/wp\/v2\/posts\/15705\/revisions\/15708"}],"wp:featuredmedia":[{"embeddable":true,"href":"https:\/\/www.manologarciaycia.com\/index.php?rest_route=\/wp\/v2\/media\/15706"}],"wp:attachment":[{"href":"https:\/\/www.manologarciaycia.com\/index.php?rest_route=%2Fwp%2Fv2%2Fmedia&parent=15705"}],"wp:term":[{"taxonomy":"category","embeddable":true,"href":"https:\/\/www.manologarciaycia.com\/index.php?rest_route=%2Fwp%2Fv2%2Fcategories&post=15705"},{"taxonomy":"post_tag","embeddable":true,"href":"https:\/\/www.manologarciaycia.com\/index.php?rest_route=%2Fwp%2Fv2%2Ftags&post=15705"}],"curies":[{"name":"wp","href":"https:\/\/api.w.org\/{rel}","templated":true}]}}