{"id":15699,"date":"2016-08-05T10:45:34","date_gmt":"2016-08-05T08:45:34","guid":{"rendered":"http:\/\/www.manologarciaycia.com\/?p=15699"},"modified":"2016-08-05T10:45:34","modified_gmt":"2016-08-05T08:45:34","slug":"la-gira-apago-su-eco-en-la-sierras-de-gredos-roquedas-plagadas-de-arboles-y-paz-de-jose-lucena-manologarcia","status":"publish","type":"post","link":"https:\/\/www.manologarciaycia.com\/?p=15699","title":{"rendered":"\u00abLa gira apag\u00f3 su eco en la sierras de Gredos, roquedas plagadas de arboles y paz\u00bb De Jose Lucena. #ManoloGarc\u00eda"},"content":{"rendered":"<p>De Jose Angel Lucena G\u00f3mez:<\/p>\n<p>\u00abLa gira apag\u00f3 su eco en la sierras de Gredos, roquedas plagadas de arboles y paz. Sendas a la espera placida del esp\u00edritu. Un escenario, natural y perfecto, para todo es ahora. Manolo ha trasmitido a lo largo de 16 conciertos su necesidad de entrega. Creciente, ilimitado y feroz, contagioso y excesivo. Como una de sus m\u00e1ximas desde siempre; todo tiene quien todo da.<\/p>\n<p>Este cap\u00edtulo ha congregado nuevos amigos a la hoguera cierta en la que templar el esp\u00edritu y el \u00e1nimo. Encuentros casuales, nunca preparados y siempre agradables, que amenazan con sembrar la felicidad en los rincones del alma y verter sin licencias; la t\u00f3xica carga de la plenitud frente a la rutina. Manuel Garc\u00eda, el maestro como a muchos nos gusta apodar, de nuevo volvi\u00f3 a nuestras vidas a marcar el ritmo de los d\u00edas, con diapas\u00f3n de esencia. Calor en lo vacio del abismo, sonrisa radiante en lo gris del segundero.<\/p>\n<p>Llen\u00f3 de momentos de ternura y lentas melod\u00edas que buscaron el brillo de tus ojos. De armon\u00edas lejanas, que en el sopor de la tarde del verano, al d\u00e9bil y torpe sonido del moviltransistor, desaten el hurac\u00e1n del recuerdo. Nunca fue m\u00e1s cierta la sentencia \u201cse hacen parapetos con poemas, nunca brillaron con m\u00e1s sentido las flores raras en las aceras\u201d. Conozco pocos parajes en los que el pecho salga lleno de luci\u00e9rnagas refulgentes. Pocos paisajes que calmen la sed y tiemplen el \u00e1nimo, all\u00ed a dentro, en lo profundo donde s\u00f3lo la poes\u00eda llega.<\/p>\n<p>No hay secretos, hay espigas que brotan, hay aire puro y vegetal que renueva. Energ\u00eda de soles que calientan a aquellos que quieren sentir. A los dem\u00e1s gracias infinitas, la m\u00fasica necesita del aliento de muchos instrumentos para ser plena y descarnada. Gracias, Ricardo por esa guitarra embrujada a la que tus dedos intentan controlar. Gracias \u00c1lvaro por tu romance perpetuo con las teclas. V\u00edctor que arrulla la guitarra espa\u00f1ola desde su mirad intima. A Juan Carlos que no recuerda si alguna vez no estuvo junto a Manolo y basta un gesto para encauzar tanta creativa improvisaci\u00f3n. A Charly porque simpat\u00eda y buen hacer nunca estuvieron re\u00f1idos. I\u00f1igo, sobrio y preciso amarrado a las cuerdas de su alter ego; un magn\u00edfico y rotundo bajo. Olvido, ninfa de viol\u00edn y danza cristalina, \u00a1cu\u00e1nta m\u00fasica corre por ese puente sin trastes!<\/p>\n<p>A Susana y a Mone que nos regalaron la sorpresa, la reinterpretaci\u00f3n de temas imprescindibles. Seguro que en el largo transito que permite un concierto, en ese esfuerzo mantenido y coordinado, olvido a muchas personas, por cierto, gracias por tu elegancia y saber estar Miguel, tu puesto no es f\u00e1cil pero t\u00fa lo hiciste as\u00ed.<\/p>\n<p>Menci\u00f3n especial al alma mater , a la sombra dulce de las palmeras, al evocador perfil de las gaviotas\u2026 a Carmen Garc\u00eda, nunca , nunca la elegancia se visti\u00f3 con tanto tacto para bregar en la tempestad de cada d\u00eda de concierto, nunca la bocana del puerto apacigu\u00f3 con tanta calma la entrada del entusiasmo y el ansia desatada. Gracias de coraz\u00f3n.<\/p>\n<p>\u2026 Y a aquellos que trabajan en la distancia para que todo siga su curso (Gracias Carmen Arteaga, c\u00f3mo olvidarte).<br \/>\nAhora quedan los ecos de las canciones, de estrofas con tanta luz como para llenar cestillos de esparto, con tanta emoci\u00f3n como para apagar la tristeza de todos los d\u00edas grises.<\/p>\n<p>A la espera de nuevos temas, os dejo, gestos \u00e1vidos de vida atrapados en la gira, algunas fotos distintas, sin\u00f3nimos de entrega y la sensaci\u00f3n de que alg\u00fan d\u00eda conectamos en el secreto de alguna canci\u00f3n, en la contagiosa s\u00edlaba que atrapa y conduce, en la frase que arrastra y libera.\u00bb<\/p>\n<p>Con: Manolo Garc\u00eda, Ricardo Mar\u00edn, \u00c1lvaro Gandul, Juan Carlos Garcia, I\u00f1igo Goldaracena, Victor Iniesta, Albert Serrano, Charly Sard\u00e1, Olvido Lanza, Carmen Garcia, Carmen Arteaga, Susana Ribalta, Mone Teruel, Miguel Gonzalez, Produceme y Perro Records.<\/p>\n","protected":false},"excerpt":{"rendered":"<p>De Jose Angel Lucena G\u00f3mez: \u00abLa gira apag\u00f3 su eco en la sierras de Gredos, roquedas plagadas de arboles y paz. Sendas a la espera placida del esp\u00edritu. Un escenario, natural y perfecto, para todo es ahora. Manolo ha trasmitido a lo largo de 16 conciertos su necesidad de entrega. Creciente, ilimitado y feroz, contagioso<a class=\"moretag\" href=\"https:\/\/www.manologarciaycia.com\/?p=15699\" title=\"\u00abLa gira apag\u00f3 su eco en la sierras de Gredos, roquedas plagadas de arboles y paz\u00bb De Jose Lucena. #ManoloGarc\u00eda\" target=\"_self\" rel=\"follow\"> <font face=arial size=2>[Leer m\u00e1s]<\/font> <\/a><\/p>\n","protected":false},"author":2,"featured_media":15700,"comment_status":"closed","ping_status":"closed","sticky":false,"template":"","format":"standard","meta":{"footnotes":""},"categories":[1],"tags":[],"class_list":["post-15699","post","type-post","status-publish","format-standard","has-post-thumbnail","hentry","category-manolo-garcia"],"_links":{"self":[{"href":"https:\/\/www.manologarciaycia.com\/index.php?rest_route=\/wp\/v2\/posts\/15699","targetHints":{"allow":["GET"]}}],"collection":[{"href":"https:\/\/www.manologarciaycia.com\/index.php?rest_route=\/wp\/v2\/posts"}],"about":[{"href":"https:\/\/www.manologarciaycia.com\/index.php?rest_route=\/wp\/v2\/types\/post"}],"author":[{"embeddable":true,"href":"https:\/\/www.manologarciaycia.com\/index.php?rest_route=\/wp\/v2\/users\/2"}],"replies":[{"embeddable":true,"href":"https:\/\/www.manologarciaycia.com\/index.php?rest_route=%2Fwp%2Fv2%2Fcomments&post=15699"}],"version-history":[{"count":1,"href":"https:\/\/www.manologarciaycia.com\/index.php?rest_route=\/wp\/v2\/posts\/15699\/revisions"}],"predecessor-version":[{"id":15701,"href":"https:\/\/www.manologarciaycia.com\/index.php?rest_route=\/wp\/v2\/posts\/15699\/revisions\/15701"}],"wp:featuredmedia":[{"embeddable":true,"href":"https:\/\/www.manologarciaycia.com\/index.php?rest_route=\/wp\/v2\/media\/15700"}],"wp:attachment":[{"href":"https:\/\/www.manologarciaycia.com\/index.php?rest_route=%2Fwp%2Fv2%2Fmedia&parent=15699"}],"wp:term":[{"taxonomy":"category","embeddable":true,"href":"https:\/\/www.manologarciaycia.com\/index.php?rest_route=%2Fwp%2Fv2%2Fcategories&post=15699"},{"taxonomy":"post_tag","embeddable":true,"href":"https:\/\/www.manologarciaycia.com\/index.php?rest_route=%2Fwp%2Fv2%2Ftags&post=15699"}],"curies":[{"name":"wp","href":"https:\/\/api.w.org\/{rel}","templated":true}]}}