{"id":15669,"date":"2016-08-02T10:52:39","date_gmt":"2016-08-02T08:52:39","guid":{"rendered":"http:\/\/www.manologarciaycia.com\/?p=15669"},"modified":"2016-08-02T10:53:24","modified_gmt":"2016-08-02T08:53:24","slug":"manolo-garcia-se-entrega-al-publico-en-el-cierre-de-su-gira-en-gredos","status":"publish","type":"post","link":"https:\/\/www.manologarciaycia.com\/?p=15669","title":{"rendered":"Manolo Garc\u00eda se entrega al p\u00fablico en el cierre de su gira en Gredos"},"content":{"rendered":"<h2>Era el final de su gira \u2018Todo es ahora\u2019 y Manolo Garc\u00eda derroch\u00f3 simpat\u00eda y buen hacer sobre el escenario de la Sierra de Gredos. Una treintena de temas que puso el broche de oro al concierto de M\u00fasicos en la Naturaleza, que este a\u00f1o ha tenido, sobre todo, sabor espa\u00f1ol.<\/h2>\n<div id=\"TEXTO_NOTICIA\" class=\"TEXTO_PARRAFO \">\u00a0M\u00e1s de cinco horas de concierto congregaron a unas 7.500 personas en la noche del s\u00e1bado al domingo en la und\u00e9cima edici\u00f3n, la segunda que menos p\u00fablico ha congregado en la historia de este festival por el que han pasado m\u00fasicos como Sting, Bob Dylan o Mark Knopfler.Manolo Garc\u00eda encandil\u00f3 a su fiel p\u00fablico, que no dud\u00f3 en corear las m\u00e1s de treinta canciones que interpret\u00f3 en un escenario en el que no falt\u00f3 profusi\u00f3n de plantas, para adecuarlo al marco en el que se desarrolla este festival.<\/div>\n<div id=\"TEXTO_NOTICIA\" class=\"TEXTO_PARRAFO \">\n<p>A \u2018San Gennaro\u2019, canci\u00f3n con la que arranc\u00f3 un concierto lleno de conversaciones con el p\u00fablico, le siguieron otros temas archiconocidos de quien fuera parte de El \u00daltimo de la fila. entre los que no faltaron \u2018P\u00e1jaros de barro\u2019, \u2018San Fernando\u2019, \u2018Nunca el tiempo es perdido\u2019, \u2018Rosa de Alejandr\u00eda\u2019, \u2018Insurrecci\u00f3n\u2019, \u2018Carb\u00f3n y ramas secas\u2019 y hasta una versi\u00f3n nueva de \u2018Gladiadora\u2019, con sonidos reggae. Adem\u00e1s de cantar el famoso &#8216;Insurrecci\u00f3n&#8217; de El \u00daltimo de la Fila, su banda anterior.<\/p>\n<p>&nbsp;<\/p>\n<div class=\"RichTextAlignRight\">\n<p><img decoding=\"async\" id=\"IMAGEN_INSERTADA_59400\" class=\"\" title=\"Manolo Garc\u00eda en el concierto de Gredos. Foto. Ra\u00fal Sanchidri\u00e1n.\" src=\"http:\/\/avilared.com\/upload\/img\/periodico\/img_59400.jpg\" alt=\"[Img #59400]\" \/><\/p>\n<div class=\"pieDeFoto\"><cite>Manolo Garc\u00eda en el concierto de Gredos. Foto. Ra\u00fal Sanchidri\u00e1n.<\/cite><\/div>\n<\/div>\n<p>Entregado al p\u00fablico, en dos ocasines se ha bajado del escenario para meterse entre la gente y arrojarse sobre ellos.<\/p>\n<p>La guinda la ha puesto, a petici\u00f3n del p\u00fablico, entonando la ranchera de Vicente Fern\u00e1ndez: \u00abCon dinero\/y sin dinero\/yo hago siempre\/lo que quiero\/y mi palabra\/es la ley&#8230;\u00bb. As\u00ed ha puesto el final a dos horas y media de concierto<\/p>\n<p><strong>The Orchestra<\/strong><\/p>\n<p>Si Manolo Garc\u00eda se encarg\u00f3 de poner el broche de oro a su gira y a un concierto que arranc\u00f3 tambi\u00e9n con aires espa\u00f1oles, con los donostiarras Duncan Dhu, el toque internacional lleg\u00f3 de la mano de The Orchestra, con algunos de los miembros originales de la banda de rock sinf\u00f3nico brit\u00e1nica The Electric Light Orchestra (ELO).<\/p>\n<p>Entre las melod\u00edas m\u00e1s coreadas por los asistentes, \u2018Evil Woman\u2019, con la que arrancaron su actuaci\u00f3n, sin olvidar otras como \u2018Showdown\u2019 o \u2018All around the world\u2019 y las m\u00edticas \u2018Last train to London\u2019 o \u2018Don\u2019t bring me down\u2019.<\/p>\n<p><strong>Duncan Dhu<\/strong><\/p>\n<p>A las 20 horas, puntuales, Mikel Erentxun y Diego Vasallo salieron al escenario de Hoyos del Espino, este a\u00f1o <strong>con cambio de ubicaci\u00f3n del escenario<\/strong>, de espaldas a los pinares, para evitar la aglomeraci\u00f3n de p\u00fablico que se congregaba en esa zona para ver, fuera del recinto del concierto, a los artistas.<\/p>\n<p>Duncan Dhu pusieron a cantar a los asistentes con \u2018A tientas\u2019, \u2018Cuando llegue a ti\u2019, \u2018Desaparecido\u2019 o \u2018La herida\u2019, con la que se pudo escuchar a Diego Vasallo.<\/p>\n<p>Una versi\u00f3n diferente de \u2018Una calle de Par\u00eds\u2019, as\u00ed como de otras de sus m\u00e1s coreadas canciones, como \u2018Cien gaviotas\u2019 o \u2018No puedo evitar (pensar en ti)\u2019, se intercalaron entre algunos de sus \u00faltimos temas, como \u2018El duelo\u2019, que da t\u00edtulo al \u00e1lbum publicado por el d\u00fao en 2013.<\/p>\n<p>\u201cNo s\u00e9 hacia d\u00f3nde vamos, si esto es s\u00f3lo un cara o cruz, en un duelo con los a\u00f1os\u201d, cantaban Erentxun y Vasallo sobre el escenario del que se despidieron con otra m\u00edtica: \u2018En alg\u00fan lugar\u2019.<\/p>\n<div class=\"RichTextAlignCenter\">\n<p><img decoding=\"async\" id=\"IMAGEN_INSERTADA_59398\" class=\"\" title=\"Concierto de Duncan Dhu en Gredos.\" src=\"http:\/\/avilared.com\/upload\/img\/periodico\/img_59398.jpg\" alt=\"[Img #59398]\" \/><\/p>\n<div class=\"pieDeFoto\"><cite>Concierto de Duncan Dhu en Gredos.<\/cite><\/div>\n<\/div>\n<div class=\"RichTextAlignCenter\">\n<p><img decoding=\"async\" id=\"IMAGEN_INSERTADA_59399\" class=\"\" title=\"La ELO en el concierto de Gredos.\" src=\"http:\/\/avilared.com\/upload\/img\/periodico\/img_59399.jpg\" alt=\"[Img #59399]\" \/><\/p>\n<div class=\"pieDeFoto\"><cite>La ELO en el concierto de Gredos.<\/cite><\/div>\n<\/div>\n<p><iframe loading=\"lazy\" src=\"https:\/\/www.youtube.com\/embed\/EUBzFzh1nho\" width=\"640\" height=\"360\" frameborder=\"0\"><\/iframe><\/p>\n<\/div>\n<div class=\"TEXTO_PARRAFO \"><\/div>\n<div class=\"TEXTO_PARRAFO \">Fuente: Avila Red &#8211; Carlos de Miguel &#8211;\u00a0<a href=\"http:\/\/avilared.com\/not\/21850\/manolo-garcia-se-entrega-al-publico-en-el-cierre-de-su-gira-en-gredos\/\" target=\"_blank\">ENLACE<\/a><\/div>\n","protected":false},"excerpt":{"rendered":"<p>Era el final de su gira \u2018Todo es ahora\u2019 y Manolo Garc\u00eda derroch\u00f3 simpat\u00eda y buen hacer sobre el escenario de la Sierra de Gredos. Una treintena de temas que puso el broche de oro al concierto de M\u00fasicos en la Naturaleza, que este a\u00f1o ha tenido, sobre todo, sabor espa\u00f1ol. \u00a0M\u00e1s de cinco horas<a class=\"moretag\" href=\"https:\/\/www.manologarciaycia.com\/?p=15669\" title=\"Manolo Garc\u00eda se entrega al p\u00fablico en el cierre de su gira en Gredos\" target=\"_self\" rel=\"follow\"> <font face=arial size=2>[Leer m\u00e1s]<\/font> <\/a><\/p>\n","protected":false},"author":2,"featured_media":15670,"comment_status":"closed","ping_status":"closed","sticky":false,"template":"","format":"standard","meta":{"footnotes":""},"categories":[1],"tags":[],"class_list":["post-15669","post","type-post","status-publish","format-standard","has-post-thumbnail","hentry","category-manolo-garcia"],"_links":{"self":[{"href":"https:\/\/www.manologarciaycia.com\/index.php?rest_route=\/wp\/v2\/posts\/15669","targetHints":{"allow":["GET"]}}],"collection":[{"href":"https:\/\/www.manologarciaycia.com\/index.php?rest_route=\/wp\/v2\/posts"}],"about":[{"href":"https:\/\/www.manologarciaycia.com\/index.php?rest_route=\/wp\/v2\/types\/post"}],"author":[{"embeddable":true,"href":"https:\/\/www.manologarciaycia.com\/index.php?rest_route=\/wp\/v2\/users\/2"}],"replies":[{"embeddable":true,"href":"https:\/\/www.manologarciaycia.com\/index.php?rest_route=%2Fwp%2Fv2%2Fcomments&post=15669"}],"version-history":[{"count":3,"href":"https:\/\/www.manologarciaycia.com\/index.php?rest_route=\/wp\/v2\/posts\/15669\/revisions"}],"predecessor-version":[{"id":15673,"href":"https:\/\/www.manologarciaycia.com\/index.php?rest_route=\/wp\/v2\/posts\/15669\/revisions\/15673"}],"wp:featuredmedia":[{"embeddable":true,"href":"https:\/\/www.manologarciaycia.com\/index.php?rest_route=\/wp\/v2\/media\/15670"}],"wp:attachment":[{"href":"https:\/\/www.manologarciaycia.com\/index.php?rest_route=%2Fwp%2Fv2%2Fmedia&parent=15669"}],"wp:term":[{"taxonomy":"category","embeddable":true,"href":"https:\/\/www.manologarciaycia.com\/index.php?rest_route=%2Fwp%2Fv2%2Fcategories&post=15669"},{"taxonomy":"post_tag","embeddable":true,"href":"https:\/\/www.manologarciaycia.com\/index.php?rest_route=%2Fwp%2Fv2%2Ftags&post=15669"}],"curies":[{"name":"wp","href":"https:\/\/api.w.org\/{rel}","templated":true}]}}