{"id":15663,"date":"2016-08-01T14:08:50","date_gmt":"2016-08-01T12:08:50","guid":{"rendered":"http:\/\/www.manologarciaycia.com\/?p=15663"},"modified":"2016-08-01T14:11:40","modified_gmt":"2016-08-01T12:11:40","slug":"adios-manolo-y-gracias-video","status":"publish","type":"post","link":"https:\/\/www.manologarciaycia.com\/?p=15663","title":{"rendered":"Adios Manolo y gracias! (con v\u00eddeo)"},"content":{"rendered":"<p>Manolo Garc\u00eda en Musicos en la Naturaleza<\/p>\n<p><object id=\"flashObj\" width=\"640\" height=\"360\" classid=\"clsid:D27CDB6E-AE6D-11cf-96B8-444553540000\" codebase=\"http:\/\/download.macromedia.com\/pub\/shockwave\/cabs\/flash\/swflash.cab#version=9,0,47,0\"><param name=\"movie\" value=\"http:\/\/c.brightcove.com\/services\/viewer\/federated_f9?isVid=1&#038;isUI=1\" \/><param name=\"bgcolor\" value=\"#FFFFFF\" \/><param name=\"flashVars\" value=\"web=externos&#038;videoId=5066125744001&#038;playerID=292158289001&#038;playerKey=AQ%2E%2E,AAAAFDJ-VPE%2E,Eo2syZI20l5qSPyqyW2nq2mxhqqCje57&#038;domain=embed&#038;dynamicStreaming=true\" \/><param name=\"base\" value=\"http:\/\/admin.brightcove.com\" \/><param name=\"wmode\" value=\"transparent\" \/><param name=\"seamlesstabbing\" value=\"false\" \/><param name=\"allowFullScreen\" value=\"true\" \/><param name=\"swLiveConnect\" value=\"true\" \/><param name=\"allowScriptAccess\" value=\"always\" \/><embed src=\"http:\/\/c.brightcove.com\/services\/viewer\/federated_f9?isVid=1&#038;isUI=1\" wmode=\"transparent\" bgcolor=\"#FFFFFF\" flashVars=\"web=externos&#038;videoId=5066125744001&#038;playerID=292158289001&#038;playerKey=AQ%2E%2E,AAAAFDJ-VPE%2E,Eo2syZI20l5qSPyqyW2nq2mxhqqCje57&#038;domain=embed&#038;dynamicStreaming=true\" base=\"http:\/\/admin.brightcove.com\" name=\"flashObj\" width=\"640\" height=\"360\" seamlesstabbing=\"false\" type=\"application\/x-shockwave-flash\" allowFullScreen=\"true\" allowScriptAccess=\"always\" swLiveConnect=\"true\" pluginspage=\"http:\/\/www.macromedia.com\/shockwave\/download\/index.cgi?P1_Prod_Version=ShockwaveFlash\"><\/embed><\/object><\/p>\n<p>El cantautor catal\u00e1n cerr\u00f3 anoche su gira en un concierto en la sierra de Gredos en el que se entreg\u00f3 con intensidad, talento y tablas, muchas tablas<\/p>\n<p>Rozaban ya las dos y media de la madrugada, cuando en la sierra de Gredos, sobre el arbolado escenario de M\u00fasicos en la naturaleza, Manolo Garc\u00eda se marcaba una ranchera con la que pon\u00eda fin a una gira que inici\u00f3 el 19 de febrero en Madrid y que solo ha contado con veinte conciertos. Ayer, en Hoyos del Espino, se congraciaba con sus seguidores castellanos y leoneses despu\u00e9s de no incluir ninguna de las ciudades de esta comunidad en su tour musical. Pero sonaron los acordes de &#8216;Sigo siendo el rey&#8217; y la ranchera, en el tiempo de descuento del concierto, en la profundidad de la fr\u00eda noche abulense, sirvi\u00f3 de remate de una noche perfecta en la que el ex Los R\u00e1pidos, el ex Burros y el ex El \u00daltimo de la Fila se entreg\u00f3 hasta la extenuaci\u00f3n a un p\u00fablico que ya le adoraba.<\/p>\n<p>No por ello Manolo fue menos Manolo, ni rebaj\u00f3 unos tonos la intensidad de su actuaci\u00f3n al saber que jugaba en casa; cant\u00f3 como se canta en el primer concierto de una vida musical, con el entusiasmo del que inicia una carrera con miedo e ilusi\u00f3n a partes iguales, pero con las tablas de un profesional que sabe reconocer lo que su p\u00fablico necesita y se lo entrega con pasi\u00f3n, talento y orgullo.<\/p>\n<p>Al de Pueblo Nuevo, que el pr\u00f3ximo 16 de agosto cumple 60 a\u00f1os, la edad tampoco le impidi\u00f3 lanzarse sobre sus fans en plena actuaci\u00f3n, cantar entre sus seguidores dejando atr\u00e1s el escenario o aparecer sobre la barra de los bares port\u00e1tiles para demostrar que, despu\u00e9s de 36 a\u00f1os de carrera, sigue siendo el rey.<\/p>\n<p>Un monarca que rein\u00f3 desde el minuto uno del concierto, cuando abri\u00f3 el fuego con nuevas canciones de su \u00faltimo \u00e1lbum &#8216;Todo es ahora&#8217;. &#8216;Caminar\u00e9&#8217;, &#8216;Es mejor sentir&#8217;, &#8216;Exprimir la vida&#8217;, &#8216;Volveremos a encontrarnos&#8217; dieron paso a temas de sus anteriores \u00e1lbumes como &#8216;Lo quiero todo&#8217;, &#8216;Un giro teatral&#8217; o &#8216;Estoy alegre&#8217;, de &#8216;Los d\u00edas intactos&#8217; (2011), o &#8216;Prefiero el trapecio&#8217;, &#8216;P\u00e1jaros de barro&#8217;, &#8216;Zapatero&#8217;, &#8216;San Fernando&#8217; o &#8216;Como quien da un refresco&#8217;, de &#8216;Arena en los bolsillos&#8217; (1998).<\/p>\n<p>Manolo Garc\u00eda despide su gira en Gredos ante 7.500 personas<\/p>\n<p>De El \u00faltimo de la fila solo sonaron dos: &#8216;Llanto de Pasi\u00f3n&#8217; e &#8216;Insurrecci\u00f3n&#8217;, como un regalo a las m\u00e1s de siete mil personas que segu\u00edan el concierto tras seis horas de m\u00fasica, con un fr\u00edo helador y con un buen rollo contagioso que, seguramente, podr\u00e1n atesorar durante a\u00f1os en los recuerdos que, como canta el de Pueblo Nuevo, todos guardamos en una caja de galletas.<\/p>\n<p>Y con la ranchera, y agradeciendo el incre\u00edble trabajo de los m\u00fasicos sobre el escenario y la entrega y el cari\u00f1o del p\u00fablico, el cantautor despidi\u00f3 la noche mientras en el ambiente a\u00fan sonaba el recuerdo de \u00abTodo es ahora, detr\u00e1s no queda nada. Todo es ahora, cuando en las hogueras se baila. Todo es ahora, mientras se siga girando la noria\u00bb.<\/p>\n<p>Fuente: Liliana Martinez &#8211; Norte de Castilla &#8211; <a href=\"http:\/\/www.elnortedecastilla.es\/culturas\/musica\/201607\/31\/adios-manolo-gracias-20160731144552.html\" target=\"_blank\">ENLACE<\/a><\/p>\n","protected":false},"excerpt":{"rendered":"<p>Manolo Garc\u00eda en Musicos en la Naturaleza El cantautor catal\u00e1n cerr\u00f3 anoche su gira en un concierto en la sierra de Gredos en el que se entreg\u00f3 con intensidad, talento y tablas, muchas tablas Rozaban ya las dos y media de la madrugada, cuando en la sierra de Gredos, sobre el arbolado escenario de M\u00fasicos<a class=\"moretag\" href=\"https:\/\/www.manologarciaycia.com\/?p=15663\" title=\"Adios Manolo y gracias! (con v\u00eddeo)\" target=\"_self\" rel=\"follow\"> <font face=arial size=2>[Leer m\u00e1s]<\/font> <\/a><\/p>\n","protected":false},"author":2,"featured_media":0,"comment_status":"closed","ping_status":"closed","sticky":false,"template":"","format":"video","meta":{"footnotes":""},"categories":[1],"tags":[],"class_list":["post-15663","post","type-post","status-publish","format-video","hentry","category-manolo-garcia","post_format-post-format-video"],"_links":{"self":[{"href":"https:\/\/www.manologarciaycia.com\/index.php?rest_route=\/wp\/v2\/posts\/15663","targetHints":{"allow":["GET"]}}],"collection":[{"href":"https:\/\/www.manologarciaycia.com\/index.php?rest_route=\/wp\/v2\/posts"}],"about":[{"href":"https:\/\/www.manologarciaycia.com\/index.php?rest_route=\/wp\/v2\/types\/post"}],"author":[{"embeddable":true,"href":"https:\/\/www.manologarciaycia.com\/index.php?rest_route=\/wp\/v2\/users\/2"}],"replies":[{"embeddable":true,"href":"https:\/\/www.manologarciaycia.com\/index.php?rest_route=%2Fwp%2Fv2%2Fcomments&post=15663"}],"version-history":[{"count":3,"href":"https:\/\/www.manologarciaycia.com\/index.php?rest_route=\/wp\/v2\/posts\/15663\/revisions"}],"predecessor-version":[{"id":15666,"href":"https:\/\/www.manologarciaycia.com\/index.php?rest_route=\/wp\/v2\/posts\/15663\/revisions\/15666"}],"wp:attachment":[{"href":"https:\/\/www.manologarciaycia.com\/index.php?rest_route=%2Fwp%2Fv2%2Fmedia&parent=15663"}],"wp:term":[{"taxonomy":"category","embeddable":true,"href":"https:\/\/www.manologarciaycia.com\/index.php?rest_route=%2Fwp%2Fv2%2Fcategories&post=15663"},{"taxonomy":"post_tag","embeddable":true,"href":"https:\/\/www.manologarciaycia.com\/index.php?rest_route=%2Fwp%2Fv2%2Ftags&post=15663"}],"curies":[{"name":"wp","href":"https:\/\/api.w.org\/{rel}","templated":true}]}}