{"id":15660,"date":"2016-08-01T14:02:59","date_gmt":"2016-08-01T12:02:59","guid":{"rendered":"http:\/\/www.manologarciaycia.com\/?p=15660"},"modified":"2016-08-01T14:02:59","modified_gmt":"2016-08-01T12:02:59","slug":"manolo-garcia-despide-su-exitosa-gira-todo-es-ahora","status":"publish","type":"post","link":"https:\/\/www.manologarciaycia.com\/?p=15660","title":{"rendered":"Manolo Garc\u00eda despide su exitosa gira \u2018Todo es ahora\u2019"},"content":{"rendered":"<p>El m\u00fasico cant\u00f3 ante la atenta mirada de 7.500 espectadores en Hoyos del Espino<\/p>\n<div class=\"Texto\">\n<p>El cantante Manolo Garc\u00eda concluy\u00f3 su gira <span class=\"Apple-style-span\">Todo es ahora<\/span>, la noche del pasado s\u00e1bado en Hoyos del Espino (\u00c1vila), ante la atenta mirada de 7.500 espectadores, quienes corearon algunos de los conocidos temas de la discograf\u00eda del cantautor, tanto la de su carrera en solitario como la del tiempo que estuvo como cantante del grupo El \u00faltimo de la fila.<\/p>\n<p>Garc\u00eda cerr\u00f3 as\u00ed la und\u00e9cima edici\u00f3n del Festival M\u00fasicos en la Naturaleza 2016, cuyo cartel completaron este a\u00f1o artistas como Duncan Dhu y The Orchestra, compuesta por miembros de la m\u00edtica Electric Light Orchestra (ELO).<\/p>\n<p>As\u00ed, la finca <span class=\"Apple-style-span\">Mesegosillo<\/span>, ubicada en en la abulense Sierra de Gredos, volvi\u00f3 a convertirse en un lugar en el que se dan cita la mejor m\u00fasica estatal e internacional, ya que en a\u00f1os anteriores pasaron por este mismo recinto Sting, Mark Knopfler, Bob Dylan, Amaral o Joaqu\u00edn Sabina, entre otros.<\/p>\n<p>Ahora, tras esta edici\u00f3n, han sido ya 110.000 las personas que han disfrutado de buena m\u00fasica en un entorno natural situado en el borde de este Parque Regional.<\/p>\n<p>Estos m\u00edticos grupos calentaron el escenario los d\u00edas previos a la actuaci\u00f3n de Manolo Garc\u00eda. As\u00ed, el pistoletazo de salida del festival lo dieron Diego Vasallo y Mikel Erentxun, que actuaron ante un buen n\u00famero de fieles.<\/p>\n<p>De esta manera recordaron algunos de sus m\u00edticos temas de Duncan Dhu como <span class=\"Apple-style-span\">A tientas<\/span>, con el que iniciaron su actuaci\u00f3n, <span class=\"Apple-style-span\">Cien gaviotas<\/span>,<span class=\"Apple-style-span\">Esos ojos negros, En alg\u00fan lugar<\/span> o <span class=\"Apple-style-span\">Una calle de Par\u00eds<\/span>, entre otros.<\/p>\n<p>Con los temas con lo que tambi\u00e9n se entreg\u00f3 al m\u00e1ximo el p\u00fablico fue con los m\u00fasicos de The Orchestra, banda integrada por miembros de Electric Light Orchestra (ELO), quienes dieron el toque m\u00e1s internacional a este evento con temas como <span class=\"Apple-style-span\">Evil woman, Rock and roll king, Last train to London<\/span> o <span class=\"Apple-style-span\">Don\u2019t bring me down<\/span>, con el que cerraron su actuaci\u00f3n.<\/p>\n<p><span class=\"MayusculasNegrita\">CL\u00c1SICO REPERTORIO <\/span>Manolo Garc\u00eda fue, a sus 61 a\u00f1os, quien encabez\u00f3 el cartel en esta edici\u00f3n, eligi\u00f3 este espacio natural para despedir su gira <span class=\"Apple-style-span\">Todo es ahora<\/span>, tras haber estado desde hace casi una d\u00e9cada alejado de los grandes recintos.<\/p>\n<p>Pero, el pasado s\u00e1bado, interpret\u00f3 en el escenario algunos de los cl\u00e1sicos incluidos en sus seis discos en solitario:<span class=\"Apple-style-span\"> Nunca el tiempo es perdido, Rosa de Alejandr\u00eda, P\u00e1jaros de barro, Levedad <\/span>o <span class=\"Apple-style-span\">San<\/span><span class=\"Apple-style-span\">Gennaro<\/span>. Con este \u00faltimo fue con el que inici\u00f3 el concierto, que estuvo repleto de energ\u00eda y de interacci\u00f3n con sus admiradores.<\/p>\n<p>Por ejemplo, el barcelon\u00e9s se baj\u00f3 del escenario en dos momentos del concierto para cantar entre el p\u00fablico y arrojarse sobre sus espectadores, al tiempo que interpretaba <span class=\"Apple-style-span\">Sobre el oscuro abismo<\/span> y, al finalizar <span class=\"Apple-style-span\">A San Fernando<\/span>. Asimismo, el cantautor barcelon\u00e9s tambi\u00e9n interpret\u00f3 algunas de los famosos sencillos que cantaba en la banda El \u00faltimo de la fila, como <span class=\"Apple-style-span\">Insurrecci\u00f3n.<\/span><\/p>\n<p>Y, una vez concluido el repertorio, el artista se vio obligado a protagonizar, bajo la petici\u00f3n del entregado p\u00fablico, la ranchera <span class=\"Apple-style-span\">El rey<\/span>, tras m\u00e1s de dos horas y media de concierto. Finalizado este, el cantante se dirigi\u00f3 a la gente que le estaba viendo para agradecerles su apoyo y para instigarles a que cuiden el planeta.<\/p>\n<p>Fuente: Noticias de Alava\u00a0&#8211; <a href=\"http:\/\/www.noticiasdealava.com\/2016\/08\/01\/ocio-y-cultura\/cultura\/manolo-garcia-despide-su-exitosa-gira-todo-es-ahora\" target=\"_blank\">ENLACE<\/a><\/p>\n<\/div>\n","protected":false},"excerpt":{"rendered":"<p>El m\u00fasico cant\u00f3 ante la atenta mirada de 7.500 espectadores en Hoyos del Espino El cantante Manolo Garc\u00eda concluy\u00f3 su gira Todo es ahora, la noche del pasado s\u00e1bado en Hoyos del Espino (\u00c1vila), ante la atenta mirada de 7.500 espectadores, quienes corearon algunos de los conocidos temas de la discograf\u00eda del cantautor, tanto la<a class=\"moretag\" href=\"https:\/\/www.manologarciaycia.com\/?p=15660\" title=\"Manolo Garc\u00eda despide su exitosa gira \u2018Todo es ahora\u2019\" target=\"_self\" rel=\"follow\"> <font face=arial size=2>[Leer m\u00e1s]<\/font> <\/a><\/p>\n","protected":false},"author":2,"featured_media":15661,"comment_status":"closed","ping_status":"closed","sticky":false,"template":"","format":"standard","meta":{"footnotes":""},"categories":[1],"tags":[],"class_list":["post-15660","post","type-post","status-publish","format-standard","has-post-thumbnail","hentry","category-manolo-garcia"],"_links":{"self":[{"href":"https:\/\/www.manologarciaycia.com\/index.php?rest_route=\/wp\/v2\/posts\/15660","targetHints":{"allow":["GET"]}}],"collection":[{"href":"https:\/\/www.manologarciaycia.com\/index.php?rest_route=\/wp\/v2\/posts"}],"about":[{"href":"https:\/\/www.manologarciaycia.com\/index.php?rest_route=\/wp\/v2\/types\/post"}],"author":[{"embeddable":true,"href":"https:\/\/www.manologarciaycia.com\/index.php?rest_route=\/wp\/v2\/users\/2"}],"replies":[{"embeddable":true,"href":"https:\/\/www.manologarciaycia.com\/index.php?rest_route=%2Fwp%2Fv2%2Fcomments&post=15660"}],"version-history":[{"count":1,"href":"https:\/\/www.manologarciaycia.com\/index.php?rest_route=\/wp\/v2\/posts\/15660\/revisions"}],"predecessor-version":[{"id":15662,"href":"https:\/\/www.manologarciaycia.com\/index.php?rest_route=\/wp\/v2\/posts\/15660\/revisions\/15662"}],"wp:featuredmedia":[{"embeddable":true,"href":"https:\/\/www.manologarciaycia.com\/index.php?rest_route=\/wp\/v2\/media\/15661"}],"wp:attachment":[{"href":"https:\/\/www.manologarciaycia.com\/index.php?rest_route=%2Fwp%2Fv2%2Fmedia&parent=15660"}],"wp:term":[{"taxonomy":"category","embeddable":true,"href":"https:\/\/www.manologarciaycia.com\/index.php?rest_route=%2Fwp%2Fv2%2Fcategories&post=15660"},{"taxonomy":"post_tag","embeddable":true,"href":"https:\/\/www.manologarciaycia.com\/index.php?rest_route=%2Fwp%2Fv2%2Ftags&post=15660"}],"curies":[{"name":"wp","href":"https:\/\/api.w.org\/{rel}","templated":true}]}}