{"id":15658,"date":"2016-08-01T08:24:42","date_gmt":"2016-08-01T06:24:42","guid":{"rendered":"http:\/\/www.manologarciaycia.com\/?p=15658"},"modified":"2016-08-01T08:24:42","modified_gmt":"2016-08-01T06:24:42","slug":"manolo-en-su-naturaleza","status":"publish","type":"post","link":"https:\/\/www.manologarciaycia.com\/?p=15658","title":{"rendered":"Manolo en su Naturaleza"},"content":{"rendered":"<p>Manolo Garc\u00eda cerr\u00f3 su gira en el Festival M\u00fasicos en la Naturaleza en Hoyos del Espino junto a Duncan Dhu y The Orchestra, los miembros fundadores de la ELO.<\/p>\n<p>Un a\u00f1o m\u00e1s M\u00fasicos en la Naturaleza se celebr\u00f3 en Hoyos del Espino dando cita en esta ocasi\u00f3n a m\u00e1s de 7.500 asistentes, una cifra alejada de los m\u00e1s de 14 mil de la edici\u00f3n del a\u00f1o pasado, lo que se ha traducido en menos agobios tanto de p\u00fablico como de tr\u00e1fico en el municipio serrano.<\/p>\n<p>Los asistentes pudieron celebrar un cambio respecto a las ediciones anteriores, y es que el escenario cambiaba su posici\u00f3n en la finca Mesegosillo y situ\u00e1ndose en la parte m\u00e1s baja de la finca. Esto permiti\u00f3 al p\u00fablico estar mucho m\u00e1s c\u00f3modo y sin impedimentos a la hora de disfrutar del escenario, el cual estaba repleto de plantas que rodeaban e incluso ocultaban a las tres orquestas de la actuaci\u00f3n. Hubo otras novedades, como la entrega de un kit ambiental a los asistentes de forma gratuita, compuesto por un vaso, un cenicero y una bolsa de basura, para intentar reducir la cantidad de residuos que se pudieran producir.<\/p>\n<p>A las 8 de la tarde como est\u00e1 siendo costumbre en este festival, comenz\u00f3 el primer concierto con los donostiarras Duncan Dhu que comenzaron a\u00fan con la luz del Sol un repaso a temas de su \u00faltimo trabajo \u00abEl Duelo\u00bb, con temas de toda su historia musical, como \u00abCien gaviotas\u00bb, \u00abEsos ojos negros\u00bb o \u00abUna calle de Par\u00eds\u00bb. Con Mikel Erentxun quiz\u00e1 algo fr\u00edo en su comienzo, poco a poco fue calentando al p\u00fablico duranto algo m\u00e1s de una hora, momento en el que tom\u00f3 el relevo The Orchestra.<\/p>\n<p>Y es que el p\u00fablico pudo disfrutar de un concierto muy animado con The Orchestra feat. Electric Light Orchestra Former Members, nombre que los fundadores de la ELO han tomado para continuar su carrera musical fuera de la ELO, interpretando canciones como \u00abLiving&#8217; thing\u00bb o \u00abShowdown\u00bb.<\/p>\n<p><strong>Manolo Grac\u00eda incombustible<\/strong><\/p>\n<p>Tras una pausa para el cambio de orquesta, decoraci\u00f3n y a\u00f1adir dos pantallas gigantes \u00a0comenz\u00f3 el espect\u00e1culo de Manolo Garc\u00eda con una divertida pero inexplicable secuencia de im\u00e1genes de gallinas y huevos rozando lo surrealista, como ocurre con las letras de sus canciones. Sobre esto brome\u00f3 en una de las canciones posteriormente cuando indic\u00f3 que se le hab\u00eda olvidado la letra para luego decir que no era verdad, que estas son f\u00e1ciles \u00abno como las del \u00daltimo\u00bb.<\/p>\n<div><\/div>\n<p>En una conversaci\u00f3n sin medios esa misma ma\u00f1ana en el Parador de Gredos, Manolo Garc\u00eda indic\u00f3 que el concierto no ser\u00eda de tres horas como otros de su gira debido a que eran tres grupos tocando. Pues fueron 2 horas y 40 minutos de actuaci\u00f3n con la friolera de m\u00e1s de 30 canciones de su \u00faltimo disco, de los anteriores y alguna del \u00daltimo de la Fila, entre las que por poner alg\u00fan inconveniente, no estuvo \u00abComo un burro amarrado\u00bb.<\/p>\n<p>M\u00e1s comedido al principio, poco a poco empez\u00f3 a notarse el final de la gira \u00abTodo es ahora\u00bb, con continuos bailes, movimientos dentro y fuera del escenario con un despliegue de luz y sonido simplemente espectacular.<\/p>\n<p>Manolo lleg\u00f3 a hacer bromas con el p\u00fablico de todo tipo, como recoger todo tipo de objetos arrojados al escenario, como flores, un pa\u00f1uelo o un sombrero de pollo. Hizo con que terminaba el concierto para volver en varias ocasiones al grito de \u00ab\u00bfPero no os vais ya? \u00bfEs que quereis m\u00e1s?\u00bb.<\/p>\n<p>Pero Manolo Garc\u00eda se llev\u00f3 a la gente de Gredos de calle, tir\u00e1ndose al p\u00fablico o saliendo del escenario en tantas ocasiones, que en m\u00e1s de un momento era imposible saber donde estaba apareciendo encima de la barra del bar del Festival, o en la plataforma de minusv\u00e1lidos que la organizaci\u00f3n hab\u00eda habilitado, donde estuvo cantando con ellos.<\/p>\n<p>Este Manolo tan loco consigui\u00f3 que los asistentes aguantaran todo el concierto mientras le jaleaban para que no se fuera a pesar de los 14 grados de temperatura que hab\u00eda cuando termin\u00f3 el concierto, a eso de las 2 menos cuarto de la noche.<\/p>\n<p>Tuvo tambi\u00e9n palabras para la naturaleza y el medio ambiente, pidiendo a los asistentes que lo cuidasen sobre todo en un entorno como es el Parque Regional de la Sierra de Gredos.<\/p>\n<p><strong>Gredos se llen\u00f3 de m\u00fasica<\/strong><\/p>\n<p>Adem\u00e1s de los conciertos del Festival, a pocos metros de all\u00ed se organizaron otros gratuitos aprovechando la afluencia de p\u00fablico.<\/p>\n<p>Previamente al Festival, el tradicional OpenMic de M\u00fasicos en la Naturaleza, como un concierto en El Camping de Gredos amenizaron la espera de los asistentes. Y luego, desde las 2 de la madrugada, tanto en el mismo camping como en el \u00e1rea recreativa del Puente del Duque, llevaron la m\u00fasica hasta las 6 de la ma\u00f1ana de forma ininterrumpida.<\/p>\n<p><strong>Quejas por el Festival<\/strong><\/p>\n<p>Un a\u00f1o m\u00e1s las quejas por el festival vienen principalmente por parte de los grupos ecologistas. En esta ocasi\u00f3n una veintena de organizaciones se han manifestado en contra de la celebraci\u00f3n del mismo por la presi\u00f3n tur\u00edstica que ejerce \u00a0el mismo en la zona.<\/p>\n<p>Adem\u00e1s, este a\u00f1o la Junta de Castilla y Le\u00f3n ha procedido a asfaltar parte de la ruta GR-10 paralela al r\u00edo Tormes, para habilitar una v\u00eda alternativa a la carretera de la Plataforma de Gredos tanto desde Hoyos del Espino como desde Navarredonda de Gredos, actuaci\u00f3n que ha sido duramente criticada por estos grupos.<\/p>\n<p>Fuente: Gredos.Info &#8211; <a href=\"http:\/\/www.gredos.info\/1210-manolo-en-su-naturaleza.html\" target=\"_blank\">ENLACE<\/a><\/p>\n","protected":false},"excerpt":{"rendered":"<p>Manolo Garc\u00eda cerr\u00f3 su gira en el Festival M\u00fasicos en la Naturaleza en Hoyos del Espino junto a Duncan Dhu y The Orchestra, los miembros fundadores de la ELO. Un a\u00f1o m\u00e1s M\u00fasicos en la Naturaleza se celebr\u00f3 en Hoyos del Espino dando cita en esta ocasi\u00f3n a m\u00e1s de 7.500 asistentes, una cifra alejada<a class=\"moretag\" href=\"https:\/\/www.manologarciaycia.com\/?p=15658\" title=\"Manolo en su Naturaleza\" target=\"_self\" rel=\"follow\"> <font face=arial size=2>[Leer m\u00e1s]<\/font> <\/a><\/p>\n","protected":false},"author":2,"featured_media":0,"comment_status":"closed","ping_status":"closed","sticky":false,"template":"","format":"standard","meta":{"footnotes":""},"categories":[1],"tags":[],"class_list":["post-15658","post","type-post","status-publish","format-standard","hentry","category-manolo-garcia"],"_links":{"self":[{"href":"https:\/\/www.manologarciaycia.com\/index.php?rest_route=\/wp\/v2\/posts\/15658","targetHints":{"allow":["GET"]}}],"collection":[{"href":"https:\/\/www.manologarciaycia.com\/index.php?rest_route=\/wp\/v2\/posts"}],"about":[{"href":"https:\/\/www.manologarciaycia.com\/index.php?rest_route=\/wp\/v2\/types\/post"}],"author":[{"embeddable":true,"href":"https:\/\/www.manologarciaycia.com\/index.php?rest_route=\/wp\/v2\/users\/2"}],"replies":[{"embeddable":true,"href":"https:\/\/www.manologarciaycia.com\/index.php?rest_route=%2Fwp%2Fv2%2Fcomments&post=15658"}],"version-history":[{"count":1,"href":"https:\/\/www.manologarciaycia.com\/index.php?rest_route=\/wp\/v2\/posts\/15658\/revisions"}],"predecessor-version":[{"id":15659,"href":"https:\/\/www.manologarciaycia.com\/index.php?rest_route=\/wp\/v2\/posts\/15658\/revisions\/15659"}],"wp:attachment":[{"href":"https:\/\/www.manologarciaycia.com\/index.php?rest_route=%2Fwp%2Fv2%2Fmedia&parent=15658"}],"wp:term":[{"taxonomy":"category","embeddable":true,"href":"https:\/\/www.manologarciaycia.com\/index.php?rest_route=%2Fwp%2Fv2%2Fcategories&post=15658"},{"taxonomy":"post_tag","embeddable":true,"href":"https:\/\/www.manologarciaycia.com\/index.php?rest_route=%2Fwp%2Fv2%2Ftags&post=15658"}],"curies":[{"name":"wp","href":"https:\/\/api.w.org\/{rel}","templated":true}]}}