{"id":1552,"date":"2011-09-28T13:26:30","date_gmt":"2011-09-28T12:26:30","guid":{"rendered":"http:\/\/petaos.net\/?p=1552"},"modified":"2011-09-29T08:14:59","modified_gmt":"2011-09-29T07:14:59","slug":"mg-1-minuto-del-videoclip-oficial-de-un-giro-teatral","status":"publish","type":"post","link":"https:\/\/www.manologarciaycia.com\/?p=1552","title":{"rendered":"MG: 1 minuto del videoclip oficial de Un Giro Teatral"},"content":{"rendered":"<p><center><object id=\"flashObj\" classid=\"clsid:d27cdb6e-ae6d-11cf-96b8-444553540000\" width=\"486\" height=\"412\" codebase=\"http:\/\/download.macromedia.com\/pub\/shockwave\/cabs\/flash\/swflash.cab#version=6,0,40,0\"><param name=\"bgcolor\" value=\"#FFFFFF\" \/><param name=\"flashVars\" value=\"@videoPlayer=1184434963001&amp;playerID=33388349001&amp;playerKey=AQ~~,AAAABm4M2uE~,P4hlqUB0VO7H2jXiua7ijHqUvlTyi_OJ&amp;domain=embed&amp;dynamicStreaming=true\" \/><param name=\"base\" value=\"http:\/\/admin.brightcove.com\" \/><param name=\"seamlesstabbing\" value=\"false\" \/><param name=\"allowFullScreen\" value=\"true\" \/><param name=\"swLiveConnect\" value=\"true\" \/><param name=\"allowScriptAccess\" value=\"always\" \/><param name=\"src\" value=\"http:\/\/c.brightcove.com\/services\/viewer\/federated_f9?isVid=1\" \/><embed id=\"flashObj\" type=\"application\/x-shockwave-flash\" width=\"486\" height=\"412\" src=\"http:\/\/c.brightcove.com\/services\/viewer\/federated_f9?isVid=1\" allowscriptaccess=\"always\" swliveconnect=\"true\" allowfullscreen=\"true\" seamlesstabbing=\"false\" base=\"http:\/\/admin.brightcove.com\" flashvars=\"@videoPlayer=1184434963001&amp;playerID=33388349001&amp;playerKey=AQ~~,AAAABm4M2uE~,P4hlqUB0VO7H2jXiua7ijHqUvlTyi_OJ&amp;domain=embed&amp;dynamicStreaming=true\" bgcolor=\"#FFFFFF\"><\/embed><\/object><\/center><\/p>\n<p><img loading=\"lazy\" decoding=\"async\" class=\"size-full wp-image-1555 alignleft\" title=\"mg_gt_1\" src=\"http:\/\/petaos.net\/wp-content\/uploads\/2011\/09\/mg_gt_1.jpg\" alt=\"mg_gt_1\" width=\"461\" height=\"232\" srcset=\"https:\/\/www.manologarciaycia.com\/wp-content\/uploads\/2011\/09\/mg_gt_1.jpg 1280w, https:\/\/www.manologarciaycia.com\/wp-content\/uploads\/2011\/09\/mg_gt_1-300x151.jpg 300w, https:\/\/www.manologarciaycia.com\/wp-content\/uploads\/2011\/09\/mg_gt_1-1024x516.jpg 1024w\" sizes=\"auto, (max-width: 461px) 100vw, 461px\" \/> En la web oficial de Manolo Garc\u00eda ya est\u00e1 disponible (seg\u00fan con qu\u00e9 navegador no funciona), 1 minuto del videoclip oficial de \u201cUn giro teatral\u00bb, que es un clip con la \u00fanica intenci\u00f3n de divertir, sorprender y provocar una sonrisa en los labios. En este momento que nos toca vivir, buena falta nos hace\u201d dice Joan Riedweg del videoclip de la canci\u00f3n Un giro teatral, primer single de Los d\u00edas intactos, el nuevo \u00e1lbum de Manolo Garc\u00eda que se publica el pr\u00f3ximo 25 de octubre.  Joan Riedweg es el director del clip y contin\u00faa: \u201cUn giro teatral es el que hacemos gracias al cameo de la excelente actriz y fan de Manolo Garc\u00eda, Silvia Bel. Me gustaba tener una actriz teatral de la talla de Silvia en un v\u00eddeo de Manolo, por un lado porque ella me manifest\u00f3 su debilidad por su m\u00fasica durante el rodaje de mi primera pel\u00edcula, Xtrems, y por otro la relaci\u00f3n directa que hay entre el t\u00edtulo de la canci\u00f3n y la carrera de Silvia Bel\u201d.<\/p>\n<p>Velo en el web oficial <a href=\"http:\/\/manolo-garcia.com\/noticias\/view?id=6\" target=\"_blank\">http:\/\/manolo-garcia.com\/noticias\/view?id=6<\/a><\/p>\n<p><img loading=\"lazy\" decoding=\"async\" class=\"aligncenter size-medium wp-image-1556\" title=\"mg_gt_2\" src=\"http:\/\/petaos.net\/wp-content\/uploads\/2011\/09\/mg_gt_2-300x158.jpg\" alt=\"mg_gt_2\" width=\"300\" height=\"158\" srcset=\"https:\/\/www.manologarciaycia.com\/wp-content\/uploads\/2011\/09\/mg_gt_2-300x158.jpg 300w, https:\/\/www.manologarciaycia.com\/wp-content\/uploads\/2011\/09\/mg_gt_2.jpg 474w\" sizes=\"auto, (max-width: 300px) 100vw, 300px\" \/><\/p>\n<p><img loading=\"lazy\" decoding=\"async\" class=\"aligncenter size-medium wp-image-1557\" title=\"mg_gt_3\" src=\"http:\/\/petaos.net\/wp-content\/uploads\/2011\/09\/mg_gt_3-300x156.jpg\" alt=\"mg_gt_3\" width=\"300\" height=\"156\" srcset=\"https:\/\/www.manologarciaycia.com\/wp-content\/uploads\/2011\/09\/mg_gt_3-300x156.jpg 300w, https:\/\/www.manologarciaycia.com\/wp-content\/uploads\/2011\/09\/mg_gt_3.jpg 459w\" sizes=\"auto, (max-width: 300px) 100vw, 300px\" \/><\/p>\n<p><img loading=\"lazy\" decoding=\"async\" class=\"aligncenter size-full wp-image-1558\" title=\"mg_gt_4\" src=\"http:\/\/petaos.net\/wp-content\/uploads\/2011\/09\/mg_gt_4.jpg\" alt=\"mg_gt_4\" width=\"459\" height=\"239\" srcset=\"https:\/\/www.manologarciaycia.com\/wp-content\/uploads\/2011\/09\/mg_gt_4.jpg 459w, https:\/\/www.manologarciaycia.com\/wp-content\/uploads\/2011\/09\/mg_gt_4-300x156.jpg 300w\" sizes=\"auto, (max-width: 459px) 100vw, 459px\" \/><\/p>\n<p><img loading=\"lazy\" decoding=\"async\" class=\"aligncenter size-full wp-image-1559\" title=\"mg_gt_5\" src=\"http:\/\/petaos.net\/wp-content\/uploads\/2011\/09\/mg_gt_5.jpg\" alt=\"mg_gt_5\" width=\"459\" height=\"239\" srcset=\"https:\/\/www.manologarciaycia.com\/wp-content\/uploads\/2011\/09\/mg_gt_5.jpg 459w, https:\/\/www.manologarciaycia.com\/wp-content\/uploads\/2011\/09\/mg_gt_5-300x156.jpg 300w\" sizes=\"auto, (max-width: 459px) 100vw, 459px\" \/> El videoclip es at\u00edpico en la carrera del artista, que hace un cambio de registro radical, y Riedweg lo explica: \u201cPor primera vez en la vida musical de Manolo Garc\u00eda, \u00e9ste se atreve a disfrazarse e interpretar un papel de actor, y no solo eso sino que lo hace ante Silvia. Pero no pod\u00eda ser de otra manera y a pesar de sus temores interpret\u00f3 excelentemente un personaje muy ir\u00f3nico, a lo Robert de Niro en su versi\u00f3n c\u00f3mica. El mundo interior visual de Manolo es muy particular, est\u00e1 m\u00e1s cerca del surrealismo ir\u00f3nico y on\u00edrico que de la seriedad\u201d. Antes del estreno de este videoclip, Manolo Garc\u00eda present\u00f3 otro con una versi\u00f3n ac\u00fastica de Un giro teatral, que es n\u00ba1 en la lista de descargas de v\u00eddeos de iTunes Espa\u00f1a.<\/p>\n<p><font size=1 face=arial>Por si acaso: el minuto de adelanto del v\u00eddeo de Un Giro Teatral se ha publicado en la p\u00e1gina oficial de Manolo Garc\u00eda (<a href=\"http:\/\/manolo-garcia.com\/noticias\/view?id=6\"> http:\/\/www.manologarcia.net<\/a>), pero puedes verlo ENLAZADO aqu\u00ed, ya que se emite desde su sitio ORIGINAL, sin copiar ni alterar PARA QUE SE PUEDA VER CON TODOS LOS NAVEGADORES; se reproduce en este portal simplemente para dar nuestro humilde apoyo a la promoci\u00f3n y m\u00e1xima difusi\u00f3n del nuevo trabajo de Manolo Garc\u00eda, sin ning\u00fan \u00e1nimo, de nada, ni mucho menos de lucro. Igual que las capturas de pantalla, que no fotograf\u00edas, del videoclip, s\u00f3lo queremos apoyar y difundir. Por cierto como dec\u00edamos es posible que s\u00f3lo lo veas con Internet Explorer en la web oficial, aunque me temo que en minutos ya andar\u00e1 colgado en Youtube para todos los navegadores y publicado en mil y un sitios.<\/p>\n","protected":false},"excerpt":{"rendered":"<p>En la web oficial de Manolo Garc\u00eda ya est\u00e1 disponible (seg\u00fan con qu\u00e9 navegador no funciona), 1 minuto del videoclip oficial de \u201cUn giro teatral\u00bb, que es un clip con la \u00fanica intenci\u00f3n de divertir, sorprender y provocar una sonrisa en los labios. En este momento que nos toca vivir, buena falta nos hace\u201d dice<a class=\"moretag\" href=\"https:\/\/www.manologarciaycia.com\/?p=1552\" title=\"MG: 1 minuto del videoclip oficial de Un Giro Teatral\" target=\"_self\" rel=\"follow\"> <font face=arial size=2>[Leer m\u00e1s]<\/font> <\/a><\/p>\n","protected":false},"author":2,"featured_media":0,"comment_status":"closed","ping_status":"closed","sticky":false,"template":"","format":"standard","meta":{"footnotes":""},"categories":[1],"tags":[247],"class_list":["post-1552","post","type-post","status-publish","format-standard","hentry","category-manolo-garcia","tag-manolo-garcia-giro-teatral-videoclip-oficial"],"_links":{"self":[{"href":"https:\/\/www.manologarciaycia.com\/index.php?rest_route=\/wp\/v2\/posts\/1552","targetHints":{"allow":["GET"]}}],"collection":[{"href":"https:\/\/www.manologarciaycia.com\/index.php?rest_route=\/wp\/v2\/posts"}],"about":[{"href":"https:\/\/www.manologarciaycia.com\/index.php?rest_route=\/wp\/v2\/types\/post"}],"author":[{"embeddable":true,"href":"https:\/\/www.manologarciaycia.com\/index.php?rest_route=\/wp\/v2\/users\/2"}],"replies":[{"embeddable":true,"href":"https:\/\/www.manologarciaycia.com\/index.php?rest_route=%2Fwp%2Fv2%2Fcomments&post=1552"}],"version-history":[{"count":19,"href":"https:\/\/www.manologarciaycia.com\/index.php?rest_route=\/wp\/v2\/posts\/1552\/revisions"}],"predecessor-version":[{"id":1585,"href":"https:\/\/www.manologarciaycia.com\/index.php?rest_route=\/wp\/v2\/posts\/1552\/revisions\/1585"}],"wp:attachment":[{"href":"https:\/\/www.manologarciaycia.com\/index.php?rest_route=%2Fwp%2Fv2%2Fmedia&parent=1552"}],"wp:term":[{"taxonomy":"category","embeddable":true,"href":"https:\/\/www.manologarciaycia.com\/index.php?rest_route=%2Fwp%2Fv2%2Fcategories&post=1552"},{"taxonomy":"post_tag","embeddable":true,"href":"https:\/\/www.manologarciaycia.com\/index.php?rest_route=%2Fwp%2Fv2%2Ftags&post=1552"}],"curies":[{"name":"wp","href":"https:\/\/api.w.org\/{rel}","templated":true}]}}