{"id":15399,"date":"2016-06-28T18:15:08","date_gmt":"2016-06-28T16:15:08","guid":{"rendered":"http:\/\/www.manologarciaycia.com\/?p=15399"},"modified":"2016-06-28T18:15:08","modified_gmt":"2016-06-28T16:15:08","slug":"manolo-garcia-una-manana-me-levante-y-pense-que-queria-ser-un-musico-libre","status":"publish","type":"post","link":"https:\/\/www.manologarciaycia.com\/?p=15399","title":{"rendered":"Manolo Garc\u00eda: \u00abUna ma\u00f1ana me levant\u00e9 y pens\u00e9 que quer\u00eda ser un m\u00fasico libre\u00bb"},"content":{"rendered":"<p>El cantante Manolo Garc\u00eda, que lleva en los escenarios m\u00e1s de treinta a\u00f1os, afirma que su amor por la m\u00fasica no se agota porque con 13 a\u00f1os \u00abuna ma\u00f1ana me levant\u00e9 y pens\u00e9: voy a ser m\u00fasico toda mi vida, quiero ser libre y a d\u00eda de hoy sigo con ese amor a la profesi\u00f3n\u00bb.<\/p>\n<p>Garc\u00eda inform\u00f3 en rueda de prensa de su gira por Canarias que inicia el pr\u00f3ximo jueves 30 de junio y contin\u00faa en Gran Canaria el 2 de julio en el Auditorio Parque San Juan de Telde y en la que presentar\u00e1 su tour \u00abTodo es ahora\u00bb.<\/p>\n<p>Se trata del sexto \u00e1lbum de estudio del m\u00fasico barcelon\u00e9s y en las 14 canciones de este disco, Garc\u00eda vuelve a sus temas favoritos: el medio ambiente, el amor y sus \u00eddolos, como el homenaje a David Bownie.<\/p>\n<p>Amante de la pintura y de la literatura espa\u00f1ola, Garc\u00eda asegura que nunca ha perdido la ilusi\u00f3n en toda su carrera, al contrario, \u00abcon los a\u00f1os ha crecido porque te das cuenta de que el mundo de la m\u00fasica abarca un espacio infinito y adem\u00e1s tiene una parte muy emocional y muy aleccionadora y es que est\u00e1s compartiendo vida con los dem\u00e1s, sentimientos, emoci\u00f3n\u00bb.<\/p>\n<p>El ex vocalista de \u00abEl \u00daltimo de la Fila\u00bb explica que en sus canciones siempre ha tenido la pretensi\u00f3n de que las letras importaran, porque cuando escribe una letra \u00abestoy respirando y viviendo, estoy encontr\u00e1ndome a m\u00ed mismo\u00bb.<\/p>\n<p>Dice que las letras que hac\u00eda con el grupo \u00abLos R\u00e1pidos\u00bb en el a\u00f1o 1980 y 81, son letras m\u00e1s inocentes, m\u00e1s sencillas y peor construidas y las de ahora cambian \u00abporque sencillamente soy otra persona\u00bb.<\/p>\n<p>Asimismo, el cantante hizo referencia a la importancia de la cultura en la sociedad y se refiri\u00f3 a ella como \u00abel alimento para el esp\u00edritu\u00bb.<\/p>\n<p>Reivindic\u00f3 ante los periodistas la injusticia del IVA cultural que es del 21 por ciento, y lo calific\u00f3 de \u00ababusivo\u00bb y adem\u00e1s afirm\u00f3 que desde el Gobierno \u00abtienen que admitir\u00bb que no es correcto y que no es bueno para el pa\u00eds.<\/p>\n<p>\u00abEn el mundo de la cultura son todos \u00abrojillos\u00bb, de izquierdas, y al gobernar la derecha, lo que hace es estrangularlos\u00bb opin\u00f3 el artista.<\/p>\n<p>Sobre los a\u00f1os en los que aguantar\u00e1 encima de un escenario, Garc\u00eda argumenta que la m\u00fasica estar\u00e1 ah\u00ed para siempre y explica que la energ\u00eda y la voluntad existen en \u00e9l porque es una profesi\u00f3n que adora.<\/p>\n<p>\u00abYo soy consciente de que ese tren que he llevado siempre ya no puedo aguantarlo del mismo modo pero las canciones est\u00e1n ah\u00ed y ellas aguantan los conciertos, no hace falta estar todo el tiempo corriendo\u00bb, dijo entre risas el artista.<\/p>\n<p>Revela asimismo la f\u00f3rmula que utiliza para crear las canciones y asegura que no tienen que ver con su vida privada, sino que es muy observador y se fija en todo y ah\u00ed est\u00e1n las canciones, \u00aben las conversaciones, en lo que ves, en lo que imaginas\u00bb.<\/p>\n<p>Para ejemplificar la creaci\u00f3n de sus letras, Garc\u00eda cont\u00f3 como un d\u00eda que fue solo al cine y escuch\u00f3 que la \u00faltima frase de la pel\u00edcula que dec\u00eda la actriz era \u00abel tiempo se nos escapa\u00bb y a partir de ella, cogi\u00f3 su guitarra y cre\u00f3 una canci\u00f3n llamada \u00abLo quiero todo\u00bb, de su disco \u00abLos d\u00edas intactos\u00bb, publicado en el a\u00f1o 2011.<\/p>\n<p>Sobre su actuaci\u00f3n en Canarias, el cantante explic\u00f3 que ser\u00e1 una funci\u00f3n de tiempo generoso, que estar\u00e1 acompa\u00f1ado en el escenario por una banda de 11 m\u00fasicos, y que va a repasar su discograf\u00eda, por lo que tocar\u00e1 algunas canciones del \u00faltimo disco en la primera parte del concierto y luego cantar\u00e1 hitos de los anteriores \u00e1lbumes, as\u00ed como un peque\u00f1o recuerdo al grupo \u00abEl \u00faltimo de la fila\u00bb.<\/p>\n<p>\u00abPor ejemplo, querr\u00e1n que toque \u00abP\u00e1jaros de barro\u00bb y la toco encantado, es una canci\u00f3n fetiche para m\u00ed\u00bb, termin\u00f3 Garc\u00eda.<\/p>\n<p>Fuente: Canarias 7 &#8211; <a href=\"http:\/\/canarias7.es\/articulo.cfm?id=425373\" target=\"_blank\">Enlace<\/a><\/p>\n","protected":false},"excerpt":{"rendered":"<p>El cantante Manolo Garc\u00eda, que lleva en los escenarios m\u00e1s de treinta a\u00f1os, afirma que su amor por la m\u00fasica no se agota porque con 13 a\u00f1os \u00abuna ma\u00f1ana me levant\u00e9 y pens\u00e9: voy a ser m\u00fasico toda mi vida, quiero ser libre y a d\u00eda de hoy sigo con ese amor a la profesi\u00f3n\u00bb.<a class=\"moretag\" href=\"https:\/\/www.manologarciaycia.com\/?p=15399\" title=\"Manolo Garc\u00eda: \u00abUna ma\u00f1ana me levant\u00e9 y pens\u00e9 que quer\u00eda ser un m\u00fasico libre\u00bb\" target=\"_self\" rel=\"follow\"> <font face=arial size=2>[Leer m\u00e1s]<\/font> <\/a><\/p>\n","protected":false},"author":2,"featured_media":0,"comment_status":"closed","ping_status":"closed","sticky":false,"template":"","format":"standard","meta":{"footnotes":""},"categories":[1],"tags":[],"class_list":["post-15399","post","type-post","status-publish","format-standard","hentry","category-manolo-garcia"],"_links":{"self":[{"href":"https:\/\/www.manologarciaycia.com\/index.php?rest_route=\/wp\/v2\/posts\/15399","targetHints":{"allow":["GET"]}}],"collection":[{"href":"https:\/\/www.manologarciaycia.com\/index.php?rest_route=\/wp\/v2\/posts"}],"about":[{"href":"https:\/\/www.manologarciaycia.com\/index.php?rest_route=\/wp\/v2\/types\/post"}],"author":[{"embeddable":true,"href":"https:\/\/www.manologarciaycia.com\/index.php?rest_route=\/wp\/v2\/users\/2"}],"replies":[{"embeddable":true,"href":"https:\/\/www.manologarciaycia.com\/index.php?rest_route=%2Fwp%2Fv2%2Fcomments&post=15399"}],"version-history":[{"count":1,"href":"https:\/\/www.manologarciaycia.com\/index.php?rest_route=\/wp\/v2\/posts\/15399\/revisions"}],"predecessor-version":[{"id":15400,"href":"https:\/\/www.manologarciaycia.com\/index.php?rest_route=\/wp\/v2\/posts\/15399\/revisions\/15400"}],"wp:attachment":[{"href":"https:\/\/www.manologarciaycia.com\/index.php?rest_route=%2Fwp%2Fv2%2Fmedia&parent=15399"}],"wp:term":[{"taxonomy":"category","embeddable":true,"href":"https:\/\/www.manologarciaycia.com\/index.php?rest_route=%2Fwp%2Fv2%2Fcategories&post=15399"},{"taxonomy":"post_tag","embeddable":true,"href":"https:\/\/www.manologarciaycia.com\/index.php?rest_route=%2Fwp%2Fv2%2Ftags&post=15399"}],"curies":[{"name":"wp","href":"https:\/\/api.w.org\/{rel}","templated":true}]}}