{"id":15387,"date":"2016-06-26T07:06:57","date_gmt":"2016-06-26T05:06:57","guid":{"rendered":"http:\/\/www.manologarciaycia.com\/?p=15387"},"modified":"2016-06-26T07:07:40","modified_gmt":"2016-06-26T05:07:40","slug":"manolo-garcia-llena-el-auditorio-del-recinto-ferial","status":"publish","type":"post","link":"https:\/\/www.manologarciaycia.com\/?p=15387","title":{"rendered":"Manolo Garc\u00eda llena el Auditorio del recinto ferial"},"content":{"rendered":"<p><strong><\/strong><\/p>\n<h3><strong>\u00bbManolo en estado puro\u00bb<\/strong><\/h3>\n<div>El cantautor barcelon\u00e9s ha actuado este s\u00e1bado 25 de junio en el auditorio del recinto ferial de Badajoz en el marco de la <strong>Feria de San Juan 2016<\/strong>. En su concierto ha presentado los nuevos temas de su \u00faltimo trabajo<strong>\u00bbTodo es ahora\u00bb<\/strong>, su sexto \u00e1lbum de estudio, grabado en esta ocasi\u00f3n en Nueva York.<\/div>\n<div><\/div>\n<div>Tambi\u00e9n ha interpretado temas de sus otros discos en solitario y algunas canciones de sus anteriores formaciones.<\/div>\n<p>Seg\u00fan la organizaci\u00f3n, un total de 5.500 personas han seguido en directo esta noche la actuaci\u00f3n de Manolo Garc\u00eda, ex componente de una de las bandas de rock m\u00e1s legendarias de Espa\u00f1a, <strong>\u00abEl \u00faltimo de la fila\u2019<\/strong>\u2019.<\/p>\n<p>Con este concierto se da fin a <strong>nueve d\u00edas de feria<\/strong> en Badajoz, en los que no ha faltado de nada. M\u00fasica, festejos taurinos, gastronom\u00eda, deporte, espect\u00e1culos y atracciones para los m\u00e1s peque\u00f1os<\/p>\n<p>De Directo Extremadura: http:\/\/www.directoextremadura.com\/noticias_ciudad\/2016-06-26\/153\/21796\/-manolo-garcia-llena-el-auditorio-del-recinto-ferial.html<\/p>\n","protected":false},"excerpt":{"rendered":"<p>\u00bbManolo en estado puro\u00bb El cantautor barcelon\u00e9s ha actuado este s\u00e1bado 25 de junio en el auditorio del recinto ferial de Badajoz en el marco de la Feria de San Juan 2016. En su concierto ha presentado los nuevos temas de su \u00faltimo trabajo\u00bbTodo es ahora\u00bb, su sexto \u00e1lbum de estudio, grabado en esta ocasi\u00f3n<a class=\"moretag\" href=\"https:\/\/www.manologarciaycia.com\/?p=15387\" title=\"Manolo Garc\u00eda llena el Auditorio del recinto ferial\" target=\"_self\" rel=\"follow\"> <font face=arial size=2>[Leer m\u00e1s]<\/font> <\/a><\/p>\n","protected":false},"author":2,"featured_media":0,"comment_status":"closed","ping_status":"closed","sticky":false,"template":"","format":"video","meta":{"footnotes":""},"categories":[1],"tags":[],"class_list":["post-15387","post","type-post","status-publish","format-video","hentry","category-manolo-garcia","post_format-post-format-video"],"_links":{"self":[{"href":"https:\/\/www.manologarciaycia.com\/index.php?rest_route=\/wp\/v2\/posts\/15387","targetHints":{"allow":["GET"]}}],"collection":[{"href":"https:\/\/www.manologarciaycia.com\/index.php?rest_route=\/wp\/v2\/posts"}],"about":[{"href":"https:\/\/www.manologarciaycia.com\/index.php?rest_route=\/wp\/v2\/types\/post"}],"author":[{"embeddable":true,"href":"https:\/\/www.manologarciaycia.com\/index.php?rest_route=\/wp\/v2\/users\/2"}],"replies":[{"embeddable":true,"href":"https:\/\/www.manologarciaycia.com\/index.php?rest_route=%2Fwp%2Fv2%2Fcomments&post=15387"}],"version-history":[{"count":2,"href":"https:\/\/www.manologarciaycia.com\/index.php?rest_route=\/wp\/v2\/posts\/15387\/revisions"}],"predecessor-version":[{"id":15389,"href":"https:\/\/www.manologarciaycia.com\/index.php?rest_route=\/wp\/v2\/posts\/15387\/revisions\/15389"}],"wp:attachment":[{"href":"https:\/\/www.manologarciaycia.com\/index.php?rest_route=%2Fwp%2Fv2%2Fmedia&parent=15387"}],"wp:term":[{"taxonomy":"category","embeddable":true,"href":"https:\/\/www.manologarciaycia.com\/index.php?rest_route=%2Fwp%2Fv2%2Fcategories&post=15387"},{"taxonomy":"post_tag","embeddable":true,"href":"https:\/\/www.manologarciaycia.com\/index.php?rest_route=%2Fwp%2Fv2%2Ftags&post=15387"}],"curies":[{"name":"wp","href":"https:\/\/api.w.org\/{rel}","templated":true}]}}