{"id":15384,"date":"2016-06-24T08:02:24","date_gmt":"2016-06-24T06:02:24","guid":{"rendered":"http:\/\/www.manologarciaycia.com\/?p=15384"},"modified":"2016-06-24T08:02:24","modified_gmt":"2016-06-24T06:02:24","slug":"manolo-garcia-cantautor-quiero-seguir-escribiendo-en-pos-de-esa-cancion-perfecta-que-nunca-conseguire","status":"publish","type":"post","link":"https:\/\/www.manologarciaycia.com\/?p=15384","title":{"rendered":"Manolo Garc\u00eda, cantautor: \u00abQuiero seguir escribiendo en pos de esa canci\u00f3n perfecta que nunca conseguir\u00e9\u00bb"},"content":{"rendered":"<h2>\u00abLas redes sociales no me interesan\u00bb<\/h2>\n<p>El veterano cantautor Manolo Garc\u00eda vuelve a tocar en las Islas tras a\u00f1os de ausencia con su gira Todo es ahora. Desde 30 euros se podr\u00e1 disfrutar del barcelon\u00e9s el pr\u00f3ximo jueves d\u00eda 30 en el pabell\u00f3n Santiago Mart\u00edn de La Laguna y el s\u00e1bado 2 de julio en el grancanario Auditorio Parque San Juan de Telde.<\/p>\n<p>\u00bfQu\u00e9 nos trae en esta gira?<\/p>\n<p>Ha ocurrido algo poco habitual en m\u00ed y es que ha pasado tiempo desde que publiqu\u00e9 el \u00faltimo disco y sal\u00ed a la carretera. Con lo cual, m\u00e1s que presentar el disco lo que hago es tocar mis canciones, un repaso general de toda la discograf\u00eda. Traigo una banda bastante nutrida, la habitual m\u00eda m\u00e1s alg\u00fan a\u00f1adido. En Canarias hace como cinco a\u00f1os que no estoy y por eso en esta gira, de unos 16 conciertos, he querido tocar en Canarias. Lo ped\u00ed expresamente porque me apetec\u00eda. Cuando he ido me he sentido bien, las Islas me gustan y pens\u00e9 que hab\u00eda un inter\u00e9s por parte de un sector del p\u00fablico en las Islas que querr\u00eda que fuese y yo, encantado.<\/p>\n<div id=\"clover-test-1465309672-3\" class=\"clover-test\">\n<div id=\"adm-player-wrapper-1465309672-3\" class=\"adm-player\">\n<div id=\"vjs_video_612\" class=\"video-js vjs-default-skin vjs_video_612-dimensions vjs-controls-enabled vjs-user-inactive vjs-has-started vjs-waiting vjs-paused vjs-vpaid-ad vjs-vpaid-flash-ad vjs-ad-playing\">\n<div><\/div>\n<div class=\"vjs-loading-spinner\"><\/div>\n<div class=\"VPAID-container\"><\/div>\n<div class=\"VPAID-container\"><object id=\"vpaid_2\" data=\"http:\/\/icarus-wings.s3.amazonaws.com\/player\/VPAIDFlash.swf\" type=\"application\/x-shockwave-flash\" width=\"600\" height=\"338\"><\/object><\/div>\n<div class=\"vjs-control-bar\"><\/div>\n<\/div>\n<\/div>\n<\/div>\n<div id=\"clover-test-1465309672-4\" class=\"clover-test\">\n<div id=\"adm-player-wrapper-1465309672-4\" class=\"adm-player\">\n<div id=\"vjs_video_876\" class=\"video-js vjs-default-skin vjs_video_876-dimensions vjs-controls-enabled vjs-user-inactive vjs-has-started vjs-waiting vjs-paused vjs-vpaid-ad vjs-vpaid-flash-ad vjs-ad-playing\">\n<div><\/div>\n<div class=\"vjs-loading-spinner\"><\/div>\n<div class=\"VPAID-container\"><\/div>\n<div class=\"VPAID-container\"><object id=\"vpaid_1\" data=\"http:\/\/icarus-wings.s3.amazonaws.com\/player\/VPAIDFlash.swf\" type=\"application\/x-shockwave-flash\" width=\"600\" height=\"338\"><\/object><\/div>\n<div class=\"vjs-control-bar\"><\/div>\n<\/div>\n<\/div>\n<\/div>\n<p>\u00bfQu\u00e9 recuerdos tiene de sus ultimas citas en las Islas?<\/p>\n<p>Siempre me ha gustado ir a las Islas. La verdad es que viv\u00eds de otra manera. Tengo la sensaci\u00f3n de m\u00e1s placidez, de un discurrir m\u00e1s lento del tiempo y son cuestiones que a m\u00ed me interesan mucho. Las giras desde fuera pueden parecer que son un trabajo pero para m\u00ed son un momento m\u00e1gico: reencontrarme con las canciones y el p\u00fablico dispuesto a la felicidad, a estar a gusto, a la evasi\u00f3n, a la enso\u00f1aci\u00f3n&#8230; Mi reencuentro con el p\u00fablico de las Islas puede ser lo que ya he sentido las otras veces: alegr\u00eda, ganas de baile, fiesta y dejarse llevar, sentir que el tiempo no existe.<\/p>\n<p>Viene de una gira en espacios cerrados, m\u00e1s intimista, y ahora vuelve a los grandes conciertos, \u00bfqu\u00e9 es lo que m\u00e1s le gusta de cada formato?<\/p>\n<p>Cada manera tiene sus pros y contras. Quiz\u00e1 en los espacios peque\u00f1os el acercamiento, la proximidad f\u00edsica es un punto a favor y el sonido suena mejor, y el concierto grande lo que tiene de bueno es la energ\u00eda, aflora m\u00e1s la fuerza y te dejas llevar por la necesidad que te da el espacio de hacer m\u00e1s ruido, bien entendido, y llegar m\u00e1s lejos. Me gusta ir alternando los formatos, seg\u00fan se me demanda.<\/p>\n<p>Aun siendo en espacios abiertos sigue agotando entradas, \u00bfc\u00f3mo se vive sabiendo esto?<\/p>\n<p>Agotando entradas en ciudades muy grandes donde hay m\u00e1s p\u00fablico, en las peque\u00f1as cuesta m\u00e1s. A todo el mundo le cuesta mucho comprar una entrada. A los lugares con menos densidad poblacional acude menos gente, solo los que est\u00e1n realmente interesados en ese artista o m\u00fasica.<\/p>\n<p>Da la sensaci\u00f3n de que ahora, con la bajada de ventas de discos, el artista tiene que darle m\u00e1s peso al directo.<\/p>\n<p>Al final el m\u00fasico de algo tiene que vivir. Con los discos la cosa se ha terminado con la irrupci\u00f3n de internet y las ventas digitales. Todo esto ha dejado al mercado del disco en el aire. El m\u00fasico no se gana la vida como antes, vendiendo discos, sino que tiene que salir a la carretera quiera o no quiera. Yo salgo muy a gusto cuando salgo, tampoco estoy siempre en gira porque no me interesa que mi vida se convierta en una estancia continua en aeropuertos, hoteles, estaciones de tren, coches, autopistas&#8230; Una de mis formas de vivir es con la m\u00fasica, pero tengo otra, por ejemplo pintando, yo ahora mismo estoy hablando contigo y estoy pintando un cuadro con un pincel. Me gusta, preparo exposiciones&#8230; Me llena de una manera muy vital. La tela o el papel en blanco es para crear mundos y empezar a imaginar&#8230; Salgo a la carretera a gusto y genero trabajo.<\/p>\n<p>\u00bfLas giras le cortan esa pulsi\u00f3n creativa de pintar o componer?<\/p>\n<p>Claro, hay que acostumbrar a la energ\u00eda. Quien mucho abarca poco aprieta. Estando en gira es muy raro que puedas ponerte a componer porque tienes la energ\u00eda puesta en la carretera, los conciertos, el d\u00eda a d\u00eda, de ciudad en ciudad. Generalmente cuando acabas la gira es cuando te pones a componer. Yo a veces hago locuras, ahora mismo tambi\u00e9n estoy componiendo a ratos, los d\u00edas libres me pongo a hacer canciones nuevas. Como mi oficio me gusta desde de que tengo uso de raz\u00f3n&#8230; Recuerdo que con seis a\u00f1os yo ya cantaba en el coro del colegio y siempre he tenido o\u00eddo musical y sentido del ritmo. Con el paso de los a\u00f1os, al ver que mi propuesta musical y art\u00edstica llegaba a un sector del p\u00fablico aficionado me he crecido y de alguna manera me siento \u00fatil porque.<\/p>\n<p>La forma de entender la m\u00fasica ha cambiado, \u00bflo ha hecho su proceso creativo?<\/p>\n<p>S\u00ed porque antes trabajaba de una manera m\u00e1s sencilla y matem\u00e1tica, sab\u00eda menos. Ahora disfruto de la pr\u00e1ctica de lo an\u00e1rquico, picoteo: Empiezo una canci\u00f3n, otra, escribo un texto&#8230; He aprendido que as\u00ed es m\u00e1s divertido. Antes hac\u00edamos discos como m\u00e1quinas, ahora me puedo permitir el lujo de ir a mi aire pero eso no quiere decir que no trabaje. Estoy continuamente en el tajo, probando, investigando y viviendo para hacer canciones. Mi necesidad de hacer canciones y pintar es muy grande y para eso necesito vivir, leer, ver pel\u00edculas, hablar con los amigos&#8230; existir. Eso me aporta nutrientes emocionales e intelectuales y luego desarrollo mi m\u00fasica a partir de vivencias, ensue\u00f1os, conocimientos, lecturas&#8230; Me he propuesto que la vida no solo es labor, trabajo, generar dividendos, producir para comer y pagar a Hacienda y mantener a un Estado que a veces nos mete miedo, nos joroba la vida y nos hace los d\u00edas grises. Cada d\u00eda hay que sacar un trocito de sonrisa a la vida. Para mucha gente es angustioso porque las prioridades son brutales: hay que trabajar y ganarse la vida. El que tiene familia tiene que mantenerla, comprar zapatos para sus hijos, mandarlos a la escuela&#8230; eso es lo m\u00e1s importante pero tambi\u00e9n hay que luchar para cada d\u00eda sonre\u00edr un poco y ese padre de familia o maestro de escuela tiene que hacer que la gente joven que le rodea vea el brillo de la vida, para que no entren en ella por una pista oscura de tensiones, nervios, estr\u00e9s, miedos, malas noticias&#8230; La vida tambi\u00e9n es tumbarse al sol, pasear, no hacer nada. Las prioridades tienen que ir de la mano de vivir. Suerte tiene el que trabaja en algo que le gusta porque a la vez que trabaja est\u00e1 viviendo y el que trabaja en algo que no le gusta entiendo que tiene que asumir su situaci\u00f3n con dignidad pero buscar sus peque\u00f1os espacios para respirar.<\/p>\n<p>Las redes sociales se han convertido en la gran herramienta de muchos artistas, \u00bfc\u00f3mo ha llevado este cambio?<\/p>\n<p>Personalmente no me interesa. El camino que tengo que hacer lo hago seg\u00fan mi intuici\u00f3n y maneras pero no necesito m\u00e1s difusi\u00f3n. Las p\u00e1ginas son \u00fatiles para informar pero tampoco tengo inter\u00e9s en estar a todas horas explic\u00e1ndome y dando noticias. Antes de internet tambi\u00e9n se hac\u00edan discos. A m\u00ed no me interesa internet, todos mis respetos para los que lo usan, yo como artista lo utilizo a una intensidad baj\u00edsima. Me puede interesar un art\u00edculo de prensa que no he podido comprar en el peri\u00f3dico pero para nada estoy pendiente de lo que se dice o hace. En eso quiz\u00e1 soy un poco antiguo pero cada uno es como es y yo puedo vivir perfectamente sin internet. Mi m\u00f3vil lo atiendo los martes y los jueves y de resto de d\u00edas lo tengo apagado; quiero ser libre y no estar atado a una cantidad de veleidades y de conversaciones mortecinas e in\u00fatiles.<\/p>\n<p>\u00bfTiene alguna espina clavada?<\/p>\n<p>Quiero seguir cantando y componiendo en pos de esa canci\u00f3n perfecta que nunca conseguir\u00e9 pero en ese intento pretendo ir mejorando mi propuesta y disfrute musical. La vida tecnol\u00f3gica e industrial a veces duele y la natural, esos parajes donde la vida es pura y limpia, cada vez est\u00e1 m\u00e1s alejada de nosotros.<\/p>\n<p>Fuente: La Opini\u00f3n &#8211; <a href=\"http:\/\/www.laopinion.es\/cultura\/2016\/06\/24\/manolo-garcia-cantautor-quiero-seguir\/684285.html\" target=\"_blank\">ENLACE<\/a><\/p>\n","protected":false},"excerpt":{"rendered":"<p>\u00abLas redes sociales no me interesan\u00bb El veterano cantautor Manolo Garc\u00eda vuelve a tocar en las Islas tras a\u00f1os de ausencia con su gira Todo es ahora. Desde 30 euros se podr\u00e1 disfrutar del barcelon\u00e9s el pr\u00f3ximo jueves d\u00eda 30 en el pabell\u00f3n Santiago Mart\u00edn de La Laguna y el s\u00e1bado 2 de julio en<a class=\"moretag\" href=\"https:\/\/www.manologarciaycia.com\/?p=15384\" title=\"Manolo Garc\u00eda, cantautor: \u00abQuiero seguir escribiendo en pos de esa canci\u00f3n perfecta que nunca conseguir\u00e9\u00bb\" target=\"_self\" rel=\"follow\"> <font face=arial size=2>[Leer m\u00e1s]<\/font> <\/a><\/p>\n","protected":false},"author":2,"featured_media":15385,"comment_status":"closed","ping_status":"closed","sticky":false,"template":"","format":"standard","meta":{"footnotes":""},"categories":[1],"tags":[],"class_list":["post-15384","post","type-post","status-publish","format-standard","has-post-thumbnail","hentry","category-manolo-garcia"],"_links":{"self":[{"href":"https:\/\/www.manologarciaycia.com\/index.php?rest_route=\/wp\/v2\/posts\/15384","targetHints":{"allow":["GET"]}}],"collection":[{"href":"https:\/\/www.manologarciaycia.com\/index.php?rest_route=\/wp\/v2\/posts"}],"about":[{"href":"https:\/\/www.manologarciaycia.com\/index.php?rest_route=\/wp\/v2\/types\/post"}],"author":[{"embeddable":true,"href":"https:\/\/www.manologarciaycia.com\/index.php?rest_route=\/wp\/v2\/users\/2"}],"replies":[{"embeddable":true,"href":"https:\/\/www.manologarciaycia.com\/index.php?rest_route=%2Fwp%2Fv2%2Fcomments&post=15384"}],"version-history":[{"count":1,"href":"https:\/\/www.manologarciaycia.com\/index.php?rest_route=\/wp\/v2\/posts\/15384\/revisions"}],"predecessor-version":[{"id":15386,"href":"https:\/\/www.manologarciaycia.com\/index.php?rest_route=\/wp\/v2\/posts\/15384\/revisions\/15386"}],"wp:featuredmedia":[{"embeddable":true,"href":"https:\/\/www.manologarciaycia.com\/index.php?rest_route=\/wp\/v2\/media\/15385"}],"wp:attachment":[{"href":"https:\/\/www.manologarciaycia.com\/index.php?rest_route=%2Fwp%2Fv2%2Fmedia&parent=15384"}],"wp:term":[{"taxonomy":"category","embeddable":true,"href":"https:\/\/www.manologarciaycia.com\/index.php?rest_route=%2Fwp%2Fv2%2Fcategories&post=15384"},{"taxonomy":"post_tag","embeddable":true,"href":"https:\/\/www.manologarciaycia.com\/index.php?rest_route=%2Fwp%2Fv2%2Ftags&post=15384"}],"curies":[{"name":"wp","href":"https:\/\/api.w.org\/{rel}","templated":true}]}}