{"id":15378,"date":"2016-06-19T18:05:52","date_gmt":"2016-06-19T16:05:52","guid":{"rendered":"http:\/\/www.manologarciaycia.com\/?p=15378"},"modified":"2016-06-19T18:06:10","modified_gmt":"2016-06-19T16:06:10","slug":"insurreccion-son-fusteret-mallorca","status":"publish","type":"post","link":"https:\/\/www.manologarciaycia.com\/?p=15378","title":{"rendered":"Insurrecci\u00f3n! (Son Fusteret, Mallorca)"},"content":{"rendered":"<p>Final de Insurrecci\u00f3n, Manolo Garc\u00eda en Son Fusteret &#8211; Recinto Socio Cultural, Mallorca&#8230; anoche. Grande!!!! De Ferm\u00edn Chamarro, gracias mil Fer! <span class=\"_58cl\">\u202a#\u200e<\/span><span class=\"_58cm\">ManoloGarc\u00eda\u202c<\/span> <span class=\"_58cl\">\u202a#\u200e<\/span><span class=\"_58cm\">Mallorca\u202c<\/span> <span class=\"_58cl\">\u202a#\u200e<\/span><span class=\"_58cm\">Gira2016\u202c<\/span> <span class=\"_58cl\">\u202a#\u200e<\/span><span class=\"_58cm\">TodoEsAhora\u202c<\/span><\/p>\n","protected":false},"excerpt":{"rendered":"<p>Final de Insurrecci\u00f3n, Manolo Garc\u00eda en Son Fusteret &#8211; Recinto Socio Cultural, Mallorca&#8230; anoche. Grande!!!! De Ferm\u00edn Chamarro, gracias mil Fer! \u202a#\u200eManoloGarc\u00eda\u202c \u202a#\u200eMallorca\u202c \u202a#\u200eGira2016\u202c \u202a#\u200eTodoEsAhora\u202c<a class=\"moretag\" href=\"https:\/\/www.manologarciaycia.com\/?p=15378\" title=\"Insurrecci\u00f3n! (Son Fusteret, Mallorca)\" target=\"_self\" rel=\"follow\"> <font face=arial size=2>[Leer m\u00e1s]<\/font> <\/a><\/p>\n","protected":false},"author":2,"featured_media":0,"comment_status":"closed","ping_status":"closed","sticky":false,"template":"","format":"video","meta":{"footnotes":""},"categories":[1],"tags":[],"class_list":["post-15378","post","type-post","status-publish","format-video","hentry","category-manolo-garcia","post_format-post-format-video"],"_links":{"self":[{"href":"https:\/\/www.manologarciaycia.com\/index.php?rest_route=\/wp\/v2\/posts\/15378","targetHints":{"allow":["GET"]}}],"collection":[{"href":"https:\/\/www.manologarciaycia.com\/index.php?rest_route=\/wp\/v2\/posts"}],"about":[{"href":"https:\/\/www.manologarciaycia.com\/index.php?rest_route=\/wp\/v2\/types\/post"}],"author":[{"embeddable":true,"href":"https:\/\/www.manologarciaycia.com\/index.php?rest_route=\/wp\/v2\/users\/2"}],"replies":[{"embeddable":true,"href":"https:\/\/www.manologarciaycia.com\/index.php?rest_route=%2Fwp%2Fv2%2Fcomments&post=15378"}],"version-history":[{"count":1,"href":"https:\/\/www.manologarciaycia.com\/index.php?rest_route=\/wp\/v2\/posts\/15378\/revisions"}],"predecessor-version":[{"id":15379,"href":"https:\/\/www.manologarciaycia.com\/index.php?rest_route=\/wp\/v2\/posts\/15378\/revisions\/15379"}],"wp:attachment":[{"href":"https:\/\/www.manologarciaycia.com\/index.php?rest_route=%2Fwp%2Fv2%2Fmedia&parent=15378"}],"wp:term":[{"taxonomy":"category","embeddable":true,"href":"https:\/\/www.manologarciaycia.com\/index.php?rest_route=%2Fwp%2Fv2%2Fcategories&post=15378"},{"taxonomy":"post_tag","embeddable":true,"href":"https:\/\/www.manologarciaycia.com\/index.php?rest_route=%2Fwp%2Fv2%2Ftags&post=15378"}],"curies":[{"name":"wp","href":"https:\/\/api.w.org\/{rel}","templated":true}]}}