{"id":15374,"date":"2016-06-19T15:40:31","date_gmt":"2016-06-19T13:40:31","guid":{"rendered":"http:\/\/www.manologarciaycia.com\/?p=15374"},"modified":"2016-06-19T15:40:31","modified_gmt":"2016-06-19T13:40:31","slug":"manolo-garcia-triunfa-y-desata-la-pasion-de-miles-de-personas-en-palma","status":"publish","type":"post","link":"https:\/\/www.manologarciaycia.com\/?p=15374","title":{"rendered":"Manolo Garc\u00eda triunfa y desata la pasi\u00f3n de miles de personas en Palma"},"content":{"rendered":"<p>Sin duda ha sido, hasta el momento, el concierto del a\u00f1o en Palma y no solo porque Manolo Garc\u00eda es uno de los grandes de la m\u00fasica de este pa\u00eds sino porque es incombustible y as\u00ed lo demostr\u00f3 en las m\u00e1s\u00a0de dos horas y media de concierto durante las cuales miles de personas aclamaron al artista sin parar.<\/p>\n<p>Manolo Garc\u00eda estuvo sublime no permitiendo que en ning\u00fan momento se instalara la monoton\u00eda en un espect\u00e1culo en el que dio repaso a sus nuevos temas as\u00ed como a sus grandes \u00e9xitos.<\/p>\n<p>En varios ocasiones baj\u00f3 del escenario y se acerc\u00f3 al p\u00fablico y tuvo un gesto especialmente emotivo cuando no dud\u00f3 en adentrarse entre los miles de seguidores hasta alcanzar la zona habilitada para minusv\u00e1lidos a quienes salud\u00f3 uno por uno sin dejar de cantar.<\/p>\n<p>Destacar tambi\u00e9n el fant\u00e1stico comportamiento de los chicos de \u00a0seguridad que demostraron amabilidad con el p\u00fablico repartiendo botellas de agua y ayud\u00e1ndolos a subir al escenario cuando lo pidi\u00f3 el cantante.<\/p>\n<p>La gente se resisti\u00f3 a que Manolo Garc\u00eda abandonase el escenario y tuvo que atender varios bises.<\/p>\n<p>Una noche, en definitiva, espectacular.<\/p>\n<div class=\"flashalbum minima_jn\"><object id=\"sid_1154604038\" class=\"flashalbum\" data=\"http:\/\/www.cronicabalear.es\/wp-content\/plugins\/flagallery-skins\/minima_jn\/gallery.swf\" type=\"application\/x-shockwave-flash\" width=\"100%\" height=\"100%\"><\/object><\/div>\n<div class=\"addthis_toolbox addthis_default_style addthis_32x32_style\"><\/div>\n<div class=\"addthis_toolbox addthis_default_style addthis_32x32_style\">Fuente: Cronica Balear &#8211; <a href=\"http:\/\/www.cronicabalear.es\/2016\/06\/manolo-garcia-triunfa-y-desata-la-pasion-de-miles-de-personas-en-palma\/\" target=\"_blank\">ENLACE<\/a><\/div>\n","protected":false},"excerpt":{"rendered":"<p>Sin duda ha sido, hasta el momento, el concierto del a\u00f1o en Palma y no solo porque Manolo Garc\u00eda es uno de los grandes de la m\u00fasica de este pa\u00eds sino porque es incombustible y as\u00ed lo demostr\u00f3 en las m\u00e1s\u00a0de dos horas y media de concierto durante las cuales miles de personas aclamaron al<a class=\"moretag\" href=\"https:\/\/www.manologarciaycia.com\/?p=15374\" title=\"Manolo Garc\u00eda triunfa y desata la pasi\u00f3n de miles de personas en Palma\" target=\"_self\" rel=\"follow\"> <font face=arial size=2>[Leer m\u00e1s]<\/font> <\/a><\/p>\n","protected":false},"author":2,"featured_media":15375,"comment_status":"closed","ping_status":"closed","sticky":false,"template":"","format":"standard","meta":{"footnotes":""},"categories":[1],"tags":[],"class_list":["post-15374","post","type-post","status-publish","format-standard","has-post-thumbnail","hentry","category-manolo-garcia"],"_links":{"self":[{"href":"https:\/\/www.manologarciaycia.com\/index.php?rest_route=\/wp\/v2\/posts\/15374","targetHints":{"allow":["GET"]}}],"collection":[{"href":"https:\/\/www.manologarciaycia.com\/index.php?rest_route=\/wp\/v2\/posts"}],"about":[{"href":"https:\/\/www.manologarciaycia.com\/index.php?rest_route=\/wp\/v2\/types\/post"}],"author":[{"embeddable":true,"href":"https:\/\/www.manologarciaycia.com\/index.php?rest_route=\/wp\/v2\/users\/2"}],"replies":[{"embeddable":true,"href":"https:\/\/www.manologarciaycia.com\/index.php?rest_route=%2Fwp%2Fv2%2Fcomments&post=15374"}],"version-history":[{"count":1,"href":"https:\/\/www.manologarciaycia.com\/index.php?rest_route=\/wp\/v2\/posts\/15374\/revisions"}],"predecessor-version":[{"id":15376,"href":"https:\/\/www.manologarciaycia.com\/index.php?rest_route=\/wp\/v2\/posts\/15374\/revisions\/15376"}],"wp:featuredmedia":[{"embeddable":true,"href":"https:\/\/www.manologarciaycia.com\/index.php?rest_route=\/wp\/v2\/media\/15375"}],"wp:attachment":[{"href":"https:\/\/www.manologarciaycia.com\/index.php?rest_route=%2Fwp%2Fv2%2Fmedia&parent=15374"}],"wp:term":[{"taxonomy":"category","embeddable":true,"href":"https:\/\/www.manologarciaycia.com\/index.php?rest_route=%2Fwp%2Fv2%2Fcategories&post=15374"},{"taxonomy":"post_tag","embeddable":true,"href":"https:\/\/www.manologarciaycia.com\/index.php?rest_route=%2Fwp%2Fv2%2Ftags&post=15374"}],"curies":[{"name":"wp","href":"https:\/\/api.w.org\/{rel}","templated":true}]}}