{"id":15344,"date":"2016-06-18T14:02:26","date_gmt":"2016-06-18T12:02:26","guid":{"rendered":"http:\/\/www.manologarciaycia.com\/?p=15344"},"modified":"2016-06-18T14:05:48","modified_gmt":"2016-06-18T12:05:48","slug":"manolo-garcia-en-mallorca","status":"publish","type":"post","link":"https:\/\/www.manologarciaycia.com\/?p=15344","title":{"rendered":"Manolo Garc\u00eda en Mallorca"},"content":{"rendered":"<p>Del Telediario Informatiu Balear ayer. En Mallorqu\u00ed \/ Catal\u00e0<\/p>\n<div  style=\"width:100%;padding-top:64%;position:relative;border-bottom:1px solid #aaa;display:inline-block;background:#eee;background:rgba(255,255,255,0.9);\"  >    <iframe frameborder=\"0\" src=\"http:\/\/www.rtve.es\/drmn\/embed\/video\/3637587\"            name=\"Manolo Garc\u00eda, a Palma\" scrolling=\"no\" style=\"width:100%;height:90%;position:absolute;left:0;top:0;overflow:hidden;\"  ><\/iframe>    <\/p>\n<div style=\"position:absolute;bottom:0;left:0;font-family:arial,helvetica,sans-serif;font-size:12px;line-height:1.833;display:inline-block;padding:5px 0 5px 10px;\">        <span style=\"float:left;margin-right:10px;\"><img decoding=\"async\"                style=\"height:20px;width:auto;background: transparent;padding:0;margin:0;\"                src=\"http:\/\/img.irtve.es\/css\/rtve.commons\/rtve.header.footer\/i\/logoRTVEes.png\"><\/span> <a            style=\"color:#333;font-weight:bold;\" title=\"Manolo Garc\u00eda, a Palma\"            href=\"http:\/\/www.rtve.es\/alacarta\/videos\/informatiu-balear\/manolo-garcia-palma\/3637587\/\"><strong>Manolo Garc\u00eda, a Palma<\/strong><\/a><\/div>\n<\/div>\n<p>Fuente: RTVE &#8211; <a href=\"http:\/\/www.rtve.es\/alacarta\/videos\/informatiu-balear\/manolo-garcia-palma\/3637587\/\" target=\"_blank\">ENLACE<\/a><\/p>\n<p>#ManoloGarc\u00eda #Gira2016 #TodoEsAhora #Mallorca<\/p>\n","protected":false},"excerpt":{"rendered":"<p>Del Telediario Informatiu Balear ayer. En Mallorqu\u00ed \/ Catal\u00e0 Manolo Garc\u00eda, a Palma Fuente: RTVE &#8211; ENLACE #ManoloGarc\u00eda #Gira2016 #TodoEsAhora #Mallorca<a class=\"moretag\" href=\"https:\/\/www.manologarciaycia.com\/?p=15344\" title=\"Manolo Garc\u00eda en Mallorca\" target=\"_self\" rel=\"follow\"> <font face=arial size=2>[Leer m\u00e1s]<\/font> <\/a><\/p>\n","protected":false},"author":2,"featured_media":15347,"comment_status":"closed","ping_status":"closed","sticky":false,"template":"","format":"standard","meta":{"footnotes":""},"categories":[1],"tags":[],"class_list":["post-15344","post","type-post","status-publish","format-standard","has-post-thumbnail","hentry","category-manolo-garcia"],"_links":{"self":[{"href":"https:\/\/www.manologarciaycia.com\/index.php?rest_route=\/wp\/v2\/posts\/15344","targetHints":{"allow":["GET"]}}],"collection":[{"href":"https:\/\/www.manologarciaycia.com\/index.php?rest_route=\/wp\/v2\/posts"}],"about":[{"href":"https:\/\/www.manologarciaycia.com\/index.php?rest_route=\/wp\/v2\/types\/post"}],"author":[{"embeddable":true,"href":"https:\/\/www.manologarciaycia.com\/index.php?rest_route=\/wp\/v2\/users\/2"}],"replies":[{"embeddable":true,"href":"https:\/\/www.manologarciaycia.com\/index.php?rest_route=%2Fwp%2Fv2%2Fcomments&post=15344"}],"version-history":[{"count":2,"href":"https:\/\/www.manologarciaycia.com\/index.php?rest_route=\/wp\/v2\/posts\/15344\/revisions"}],"predecessor-version":[{"id":15346,"href":"https:\/\/www.manologarciaycia.com\/index.php?rest_route=\/wp\/v2\/posts\/15344\/revisions\/15346"}],"wp:featuredmedia":[{"embeddable":true,"href":"https:\/\/www.manologarciaycia.com\/index.php?rest_route=\/wp\/v2\/media\/15347"}],"wp:attachment":[{"href":"https:\/\/www.manologarciaycia.com\/index.php?rest_route=%2Fwp%2Fv2%2Fmedia&parent=15344"}],"wp:term":[{"taxonomy":"category","embeddable":true,"href":"https:\/\/www.manologarciaycia.com\/index.php?rest_route=%2Fwp%2Fv2%2Fcategories&post=15344"},{"taxonomy":"post_tag","embeddable":true,"href":"https:\/\/www.manologarciaycia.com\/index.php?rest_route=%2Fwp%2Fv2%2Ftags&post=15344"}],"curies":[{"name":"wp","href":"https:\/\/api.w.org\/{rel}","templated":true}]}}