{"id":15340,"date":"2016-06-18T09:11:02","date_gmt":"2016-06-18T07:11:02","guid":{"rendered":"http:\/\/www.manologarciaycia.com\/?p=15340"},"modified":"2016-06-18T09:11:02","modified_gmt":"2016-06-18T07:11:02","slug":"manolo-garcia-te-metes-en-el-mundo-del-arte-para-no-volverte-loco","status":"publish","type":"post","link":"https:\/\/www.manologarciaycia.com\/?p=15340","title":{"rendered":"Manolo Garc\u00eda: \u00abTe metes en el mundo del arte para no volverte loco\u00bb"},"content":{"rendered":"<p><a href=\"http:\/\/ultimahora.es\/etiqueta\/Manolo+Garc%C3%ADa.html\">Manolo Garc\u00eda<\/a> (Barcelona, 1955) contin\u00faa siendo un chico de barrio en muchos sentidos. Cercano, conversador y concienciado con los problemas de la gente de a pie. El compositor est\u00e1 en la Isla para presentar su \u00faltimo \u00e1lbum, Todo es ahora, con un concierto que promete dejar satisfechos a los asistentes. La actuaci\u00f3n ser\u00e1 este s\u00e1bado en <a href=\"http:\/\/ultimahora.es\/etiqueta\/Son+Fusteret.html\">Son Fusteret<\/a>, a las 22.00 horas.<\/p>\n<p><strong>\u2014Parece que con su \u00faltimo \u00e1lbum ha querido regresar al sonido m\u00e1s rock de sus inicios.<\/strong><br \/>\n\u2014Cuando estaba con Los R\u00e1pidos hac\u00edamos rock, porque siempre me ha gustado, pero, a lo largo de mi carrera, he ido a Brasil o Grecia para buscar otros sonidos con los que me he divertido mucho. Al final, en ciertos momentos de la vida tienes que buscar hacer cosas diferentes para no aburrirte. Tras contactar con un guitarrista norteamericano volv\u00ed a hacer rock. Las guitarras el\u00e9ctricas no enga\u00f1an nunca, siempre dan vida. Son un amigo que nunca te deja tirado.<\/p>\n<p><strong>\u2014Tengo entendido que est\u00e1 muy pendiente la escenograf\u00eda de sus conciertos, \u00bfse considera un perfeccionista?<\/strong><br \/>\n\u2014Lo que ocurre es que me interesa todo el proceso, porque lo que el p\u00fablico ve es un concierto del que yo soy responsable. S\u00e9 que quiero que cada gira sea diferente y que no me gustar\u00eda que un fan pensara que uso el mismo escenario que hace cuatro a\u00f1os. Me doler\u00eda. Me gusta que cada vez que doy un concierto sea una sorpresa. Por eso dejo clara mi pretensi\u00f3n y conf\u00edo en otras personas, porque al final uno no puede acapararlo todo, hay que formar equipo. Estoy ah\u00ed porque soy el que sale en la foto, el que da la cara. Adem\u00e1s, todas las artes esc\u00e9nicas me interesan.<\/p>\n<p><strong>\u2014Tambi\u00e9n le generan inter\u00e9s otras disciplinas art\u00edsticas.<\/strong><br \/>\n\u2014S\u00ed. La m\u00fasica, las artes pl\u00e1sticas y el mundo de la cultura en general. Lo dem\u00e1s ya sabemos lo que es: burocracia, elecciones repetidas, pol\u00edticos que roban, vidas inseguras, gente joven sin futuro en el pa\u00eds, refugiados sirios que nadie acoge&#8230; Al final te metes en el mundo del arte para no volverte loco. Para sentir que tu vida es algo especial y que consigues que la de los dem\u00e1s tambi\u00e9n lo sea, por lo menos durante los minutos que escuchan una canci\u00f3n u observan una pintura. En momentos como esos pienso que la vida tiene sentido.<\/p>\n<p><strong>\u2014Su faceta de pintor es algo m\u00e1s desconocida. \u00bfTienen similitudes la m\u00fasica y los cuadros de <a href=\"http:\/\/ultimahora.es\/etiqueta\/Manolo+Garc%C3%ADa.html\">Manolo Garc\u00eda<\/a>?<\/strong><br \/>\n\u2014Creo que se comunican. En la m\u00fasica, al margen del momento de composici\u00f3n, el resto de proceso te obliga a estar rodeado de gente. La pintura es la ant\u00edtesis, el polo opuesto, la soledad absoluta frente a un lienzo. Es un tiempo que a m\u00ed me llena, como un ejercicio para encontrarse a uno mismo. Estar tranquilo es lo m\u00e1s importante en la vida. No hacerle da\u00f1o a nadie y procurar que no te lo hagan a ti, porque, evidentemente, lo van a intentar.<\/p>\n<p><strong>\u2014\u00bfY siendo un personaje p\u00fablico todav\u00eda lo intentan m\u00e1s?<\/strong><br \/>\n\u2014No, como a todo el mundo. Me considero un personaje p\u00fablico relativo, de tercera regional. Soy una persona de la calle que naci\u00f3 y creci\u00f3 en un barrio.<\/p>\n<p><strong>\u2014Tras tantos a\u00f1os de carrera, \u00bfcu\u00e1les son las inquietudes de <a href=\"http:\/\/ultimahora.es\/etiqueta\/Manolo+Garc%C3%ADa.html\">Manolo Garc\u00eda<\/a>?<\/strong><br \/>\n\u2014Han crecido. Toda la vida he querido componer canciones, y ahora es cuando m\u00e1s consciente soy de la dificultad que supone eso. Siempre quieres crear la mejor canci\u00f3n del mundo. El amor por la m\u00fasica solo avanza, al igual que el amor por la pintura, por la lectura&#8230; Cada vez me gusta m\u00e1s vivir, as\u00ed que dir\u00eda que mi proyecto es, simplemente, ser feliz.<\/p>\n<p><strong>\u2014El pr\u00f3ximo martes es la fiesta internacional de la m\u00fasica. \u00bfCu\u00e1l cree que es la situaci\u00f3n de la industria actualmente?<\/strong><br \/>\n\u2014La m\u00fasica, como el mundo de la cultura en general, est\u00e1 tocada. Es injusto. Es una l\u00e1stima que los que formamos parte de la cultura no podamos rebelarnos pac\u00edficamente. Es una m\u00e1s de las muchas cosas que sabemos que no son buenas para nadie, pero que contin\u00faan ocurriendo. El mundo de la m\u00fasica est\u00e1 tocado, pero yo trato de mirar adelante con orgullo, porque lo estoy de ser m\u00fasico, pero no est\u00e1 bien lo que est\u00e1n haciendo con nosotros. Se cargan una industria que da ilusi\u00f3n, alegr\u00eda e incluso trabajo a much\u00edsima gente. Es una queja. Son malas personas e ir\u00e1n al infierno, aunque ellos se llamen cat\u00f3licos.<\/p>\n<p><strong>\u2014\u00bfEst\u00e1 preparando un nuevo \u00e1lbum?<\/strong><br \/>\n\u2014Voy picoteando. Tengo algunas canciones nuevas, algunas historias&#8230; El sonido definitivo todav\u00eda no est\u00e1 definido, pero acabo de reencontrarme con el sonido de las guitarras el\u00e9ctricas y tengo ganas de rock and roll. Tengo un demonio dentro que me pide dar ca\u00f1a.<\/p>\n<p>Fuente: UltimaHora Noticias &#8211; Jennifer Munar &#8211; Jaume Murey &#8211;\u00a0<a href=\"http:\/\/ultimahora.es\/noticias\/cultura\/2016\/06\/17\/199080\/manolo-garcia-metes-mundo-del-arte-para-volverte-loco.html\" target=\"_blank\">ENLACE<\/a><\/p>\n","protected":false},"excerpt":{"rendered":"<p>Manolo Garc\u00eda (Barcelona, 1955) contin\u00faa siendo un chico de barrio en muchos sentidos. Cercano, conversador y concienciado con los problemas de la gente de a pie. El compositor est\u00e1 en la Isla para presentar su \u00faltimo \u00e1lbum, Todo es ahora, con un concierto que promete dejar satisfechos a los asistentes. La actuaci\u00f3n ser\u00e1 este s\u00e1bado<a class=\"moretag\" href=\"https:\/\/www.manologarciaycia.com\/?p=15340\" title=\"Manolo Garc\u00eda: \u00abTe metes en el mundo del arte para no volverte loco\u00bb\" target=\"_self\" rel=\"follow\"> <font face=arial size=2>[Leer m\u00e1s]<\/font> <\/a><\/p>\n","protected":false},"author":2,"featured_media":15341,"comment_status":"closed","ping_status":"closed","sticky":false,"template":"","format":"standard","meta":{"footnotes":""},"categories":[1],"tags":[],"class_list":["post-15340","post","type-post","status-publish","format-standard","has-post-thumbnail","hentry","category-manolo-garcia"],"_links":{"self":[{"href":"https:\/\/www.manologarciaycia.com\/index.php?rest_route=\/wp\/v2\/posts\/15340","targetHints":{"allow":["GET"]}}],"collection":[{"href":"https:\/\/www.manologarciaycia.com\/index.php?rest_route=\/wp\/v2\/posts"}],"about":[{"href":"https:\/\/www.manologarciaycia.com\/index.php?rest_route=\/wp\/v2\/types\/post"}],"author":[{"embeddable":true,"href":"https:\/\/www.manologarciaycia.com\/index.php?rest_route=\/wp\/v2\/users\/2"}],"replies":[{"embeddable":true,"href":"https:\/\/www.manologarciaycia.com\/index.php?rest_route=%2Fwp%2Fv2%2Fcomments&post=15340"}],"version-history":[{"count":1,"href":"https:\/\/www.manologarciaycia.com\/index.php?rest_route=\/wp\/v2\/posts\/15340\/revisions"}],"predecessor-version":[{"id":15342,"href":"https:\/\/www.manologarciaycia.com\/index.php?rest_route=\/wp\/v2\/posts\/15340\/revisions\/15342"}],"wp:featuredmedia":[{"embeddable":true,"href":"https:\/\/www.manologarciaycia.com\/index.php?rest_route=\/wp\/v2\/media\/15341"}],"wp:attachment":[{"href":"https:\/\/www.manologarciaycia.com\/index.php?rest_route=%2Fwp%2Fv2%2Fmedia&parent=15340"}],"wp:term":[{"taxonomy":"category","embeddable":true,"href":"https:\/\/www.manologarciaycia.com\/index.php?rest_route=%2Fwp%2Fv2%2Fcategories&post=15340"},{"taxonomy":"post_tag","embeddable":true,"href":"https:\/\/www.manologarciaycia.com\/index.php?rest_route=%2Fwp%2Fv2%2Ftags&post=15340"}],"curies":[{"name":"wp","href":"https:\/\/api.w.org\/{rel}","templated":true}]}}