{"id":15329,"date":"2016-06-16T17:55:33","date_gmt":"2016-06-16T15:55:33","guid":{"rendered":"http:\/\/www.manologarciaycia.com\/?p=15329"},"modified":"2016-06-16T17:55:33","modified_gmt":"2016-06-16T15:55:33","slug":"manolo-garcia-arriba-a-mallorca-per-oferir-un-concert-a-son-fusteret","status":"publish","type":"post","link":"https:\/\/www.manologarciaycia.com\/?p=15329","title":{"rendered":"Manolo Garc\u00eda arriba a Mallorca per oferir un concert a Son Fusteret"},"content":{"rendered":"<p>En Mallorqu\u00ed i Catal\u00e0.\u00a0Manolo Garc\u00eda torna a pujar als escenaris mallorquins 5 anys despr\u00e9s de la seva darrera visita a l&#8217;illa. Ser\u00e0 dissabte a Son Fusteret. Abans, per\u00f2, hem passat una estona amb ell. El m\u00fasic catal\u00e0 encara passa gust, i molt, de la seva professi\u00f3 i aix\u00f2 es n\u00f2ta quan en parla.<\/p>\n","protected":false},"excerpt":{"rendered":"<p>En Mallorqu\u00ed i Catal\u00e0.\u00a0Manolo Garc\u00eda torna a pujar als escenaris mallorquins 5 anys despr\u00e9s de la seva darrera visita a l&#8217;illa. Ser\u00e0 dissabte a Son Fusteret. Abans, per\u00f2, hem passat una estona amb ell. El m\u00fasic catal\u00e0 encara passa gust, i molt, de la seva professi\u00f3 i aix\u00f2 es n\u00f2ta quan en parla.<a class=\"moretag\" href=\"https:\/\/www.manologarciaycia.com\/?p=15329\" title=\"Manolo Garc\u00eda arriba a Mallorca per oferir un concert a Son Fusteret\" target=\"_self\" rel=\"follow\"> <font face=arial size=2>[Leer m\u00e1s]<\/font> <\/a><\/p>\n","protected":false},"author":2,"featured_media":0,"comment_status":"closed","ping_status":"closed","sticky":false,"template":"","format":"video","meta":{"footnotes":""},"categories":[1],"tags":[],"class_list":["post-15329","post","type-post","status-publish","format-video","hentry","category-manolo-garcia","post_format-post-format-video"],"_links":{"self":[{"href":"https:\/\/www.manologarciaycia.com\/index.php?rest_route=\/wp\/v2\/posts\/15329","targetHints":{"allow":["GET"]}}],"collection":[{"href":"https:\/\/www.manologarciaycia.com\/index.php?rest_route=\/wp\/v2\/posts"}],"about":[{"href":"https:\/\/www.manologarciaycia.com\/index.php?rest_route=\/wp\/v2\/types\/post"}],"author":[{"embeddable":true,"href":"https:\/\/www.manologarciaycia.com\/index.php?rest_route=\/wp\/v2\/users\/2"}],"replies":[{"embeddable":true,"href":"https:\/\/www.manologarciaycia.com\/index.php?rest_route=%2Fwp%2Fv2%2Fcomments&post=15329"}],"version-history":[{"count":1,"href":"https:\/\/www.manologarciaycia.com\/index.php?rest_route=\/wp\/v2\/posts\/15329\/revisions"}],"predecessor-version":[{"id":15330,"href":"https:\/\/www.manologarciaycia.com\/index.php?rest_route=\/wp\/v2\/posts\/15329\/revisions\/15330"}],"wp:attachment":[{"href":"https:\/\/www.manologarciaycia.com\/index.php?rest_route=%2Fwp%2Fv2%2Fmedia&parent=15329"}],"wp:term":[{"taxonomy":"category","embeddable":true,"href":"https:\/\/www.manologarciaycia.com\/index.php?rest_route=%2Fwp%2Fv2%2Fcategories&post=15329"},{"taxonomy":"post_tag","embeddable":true,"href":"https:\/\/www.manologarciaycia.com\/index.php?rest_route=%2Fwp%2Fv2%2Ftags&post=15329"}],"curies":[{"name":"wp","href":"https:\/\/api.w.org\/{rel}","templated":true}]}}