{"id":15323,"date":"2016-06-15T16:45:49","date_gmt":"2016-06-15T14:45:49","guid":{"rendered":"http:\/\/www.manologarciaycia.com\/?p=15323"},"modified":"2016-06-15T16:45:49","modified_gmt":"2016-06-15T14:45:49","slug":"manolo-garcia-no-veo-a-mucha-gente-feliz-en-este-mundo-neoliberal","status":"publish","type":"post","link":"https:\/\/www.manologarciaycia.com\/?p=15323","title":{"rendered":"Manolo Garc\u00eda: \u201cNo veo a mucha gente feliz en este mundo neoliberal\u201d"},"content":{"rendered":"<p>El pr\u00f3ximo d\u00eda 30 de junio, jueves, estar\u00e1 por la Isla una de las grandes voces del pop en castellano, <strong>Manolo Garc\u00eda (Barcelona, 1955)<\/strong>. En el pabell\u00f3n Santiago Mart\u00edn de La Laguna, presentar\u00e1 las canciones de su \u00faltimo disco en solitario, Todo es Ahora. Exmiembro del \u00daltimo de la Fila y pintor en crecimiento, su discurso est\u00e1 lleno de positivismo y espiritualidad: \u201cBusco la paz conmigo mismo, pero eso no viene de serie, hay que trabajarlo y a eso dedico mi esfuerzo\u201d, afirma.<\/p>\n<p><strong>\u2013 \u00bfDe qu\u00e9 habla su nuevo disco?<\/strong><br \/>\n\u201cFue grabado en Nueva York junto a cinco m\u00fasicos americanos y un irland\u00e9s. Es un trabajo en el que me reivindico a m\u00ed mismo. Y en el que hablo de la necesidad de exprimir la vida y no meterse en berenjenales. El instante es tan fugaz como que ya no est\u00e1. Tener la conciencia de eso es mi norte, sobre todo en los tiempos que corren. Cuando tienes cierta edad, a partir de los 40, todos empezamos a pensar en lo valioso que es el tiempo y en que hay que ir haciendo cosas. Si no la vida se convierte en un sinvivir, en un nunca llegar. Este tipo de reflexiones son las que rigen actualmente mis d\u00edas\u201d.<\/p>\n<p><strong>\u2013 En Todo es ahora retoma tambi\u00e9n el sonido de sus inicios con Los Burros y Los R\u00e1pidos.<\/strong><br \/>\n\u201cMis inicios fueron muy rockeros. Luego hice discos m\u00e1s mestizos y fusionados. Eso es fruto de mi inquietud y necesidad de cambio. Pero en el fondo siempre subyace mi amor por el rock y las guitarras el\u00e9ctricas. Y es posible que en este disco haya una vuelta a esos primeros a\u00f1os. Tengo la sensaci\u00f3n de estar cerrando un c\u00edrculo para abrir otros nuevos\u201d.<\/p>\n<p><strong>\u2013 \u00bfSe siente identificado con la m\u00fasica indie?<\/strong><br \/>\n\u201cMe merece todos los respetos. Aunque soy de los que piensan que vender m\u00e1s o menos discos no hace mejor a una banda. Eso lo da la calidad de un disco, si es realmente bueno. No es cierto eso de que si vendes muchos discos es porque eres comercial. Nirvana vendi\u00f3 millones de discos y fue tan indie como el que m\u00e1s. The Clash fue otro grupo \u00edntegro. Humildes y obreros, pero tambi\u00e9n llegaron a vender millones de copias. Yo procuro, a mi manera, no perder la esencia. Trabajo en una multinacional (Sony Music), pero esa independencia no la he perdido jam\u00e1s. Hago mis disco cuando y como quiero. Nadie me marca una pauta. Es mi derecho como m\u00fasico y creador\u201d.<\/p>\n<p><strong>\u2013 \u00bfQu\u00e9 retos le quedan por cumplir como artista?<\/strong><br \/>\n\u201cEl reto de componer est\u00e1 ah\u00ed siempre. Por eso hacer discos es un ejercicio inacabable. Igual que Picasso segu\u00eda pintando con 90 a\u00f1os, Van Morrison o Bob Dylan seguir\u00e1n haciendo discos mientras vivan. El directo, en cambio, depende de la capacidad f\u00edsica y mental de cada uno, pero tambi\u00e9n es muy atractivo. A m\u00ed las dos cosas me gustan, as\u00ed que no cesan nunca. He decidido tener un huerto peque\u00f1o dentro de la m\u00fasica y cultivarlo lo m\u00e1s dignamente posible. Ese huerto es nuestro pa\u00eds, no quiero abarcar m\u00e1s ni vender m\u00e1s discos\u201d.<\/p>\n<p><strong>\u2013 Siempre ha rechazado componer para otros artistas.<\/strong><br \/>\n\u201cYa digo que mi huerto es peque\u00f1o, yo lo cultivo y mi tiempo lo dedico a \u00e9l. \u00daltimamente compongo m\u00e1s, pero no me parece correcto dar a otros artistas las que no quiero para m\u00ed. Adem\u00e1s, no tengo esa ambici\u00f3n de acaparar m\u00e1s. A no ser que hubiese un caso de amistad o admiraci\u00f3n extrema por otro artista no me veo en ese territorio. Trabajo muy lentamente y me siento c\u00f3modo interpretando mi peque\u00f1a obra. No tengo vocaci\u00f3n para otros\u201d.<\/p>\n<p><strong>\u2013 Tambi\u00e9n se ha negado a ceder temas propios al sector publicitario.<\/strong><br \/>\n\u201cEso jam\u00e1s. Pienso que el consumo desaforado es un error y no da la felicidad. Y no quiero participar en su incitaci\u00f3n. Ni por todo el oro del mundo dar\u00eda una canci\u00f3n m\u00eda para ello. No me interesa. Este es un mundo donde el 20% escaso de gente estamos esquilmando el planeta entero para vivir bien. Pero la realidad es que no veo a mucha gente feliz en este mundo neoliberal. Mientras, el resto del mundo pasa hambre y est\u00e1 en guerra. Est\u00e1 claro que algo falla\u201d.<\/p>\n<p><strong>\u2013 \u00bfCon qu\u00e9 se queda de su etapa en el \u00daltimo de la Fila?<\/strong><br \/>\n\u201cMe queda la ilusi\u00f3n y la curiosidad de seguir adelante, ver que hay a la vuelta de la esquina musicalmente hablando. Me quedan las ganas de subir al escenario. Yo aprend\u00ed much\u00edsimo con el \u00daltimo de la Fila, aunque ya ten\u00eda mi bagaje con otros grupos. Empec\u00e9 en la m\u00fasica muy jovencito y me he curtido en este oficio. De hecho, estaba preparado para no triunfar: ser m\u00fasico sin ser famoso. Y ese es mi gran triunfo\u201d.<\/p>\n<p><strong>\u2013 Recientemente tuvo un reencuentro con Quimi Portet en Los Burros y Los R\u00e1pidos. \u00bfVa en serio la vuelta de ambas formaciones?<\/strong><br \/>\n\u201cFue una experiencia puntal. Como el que queda a cenar con los viejos compa\u00f1eros del instituto. Decimos volver a trabajar juntos durante un mes, pero solo como un reencuentro de amigotes. Ha sido una celebraci\u00f3n de que todo el mundo est\u00e1 bien, funcionando, pero a partir de ah\u00ed cada uno sigue su camino. A partir de ciertas edades, cada uno tiene su propio discurso y la necesidad de expresarse en solitario. Le pasa al m\u00fasico, pero tambi\u00e9n le pasa al escritor o al pintor\u201d.<\/p>\n<p><strong>\u2013 \u00bfC\u00f3mo anda actualmente su faceta pict\u00f3rica?<\/strong><br \/>\n\u201cSigo produciendo de una manera tranquila, pero imparable. No puedo parar. Los d\u00edas libres los paso pintando y cada a\u00f1o suelo hacer una o dos exposiciones. No lo hago con \u00e1nimo de lucro, pero s\u00ed de aportaci\u00f3n. Es una necesidad creativa que no puedo eludir. Desde muy jovencito tuve ese impulso y creo que se complementa muy bien con mi faceta musical\u201d.<\/p>\n<p>Fuente: Diario de Avisos &#8211; <a href=\"http:\/\/diariodeavisos.elespanol.com\/2016\/06\/manolo-garcia-no-veo-mucha-gente-feliz-este-mundo-neoliberal\/\" target=\"_blank\">ENLACE<\/a><\/p>\n","protected":false},"excerpt":{"rendered":"<p>El pr\u00f3ximo d\u00eda 30 de junio, jueves, estar\u00e1 por la Isla una de las grandes voces del pop en castellano, Manolo Garc\u00eda (Barcelona, 1955). En el pabell\u00f3n Santiago Mart\u00edn de La Laguna, presentar\u00e1 las canciones de su \u00faltimo disco en solitario, Todo es Ahora. Exmiembro del \u00daltimo de la Fila y pintor en crecimiento, su<a class=\"moretag\" href=\"https:\/\/www.manologarciaycia.com\/?p=15323\" title=\"Manolo Garc\u00eda: \u201cNo veo a mucha gente feliz en este mundo neoliberal\u201d\" target=\"_self\" rel=\"follow\"> <font face=arial size=2>[Leer m\u00e1s]<\/font> <\/a><\/p>\n","protected":false},"author":2,"featured_media":15324,"comment_status":"closed","ping_status":"closed","sticky":false,"template":"","format":"standard","meta":{"footnotes":""},"categories":[1],"tags":[],"class_list":["post-15323","post","type-post","status-publish","format-standard","has-post-thumbnail","hentry","category-manolo-garcia"],"_links":{"self":[{"href":"https:\/\/www.manologarciaycia.com\/index.php?rest_route=\/wp\/v2\/posts\/15323","targetHints":{"allow":["GET"]}}],"collection":[{"href":"https:\/\/www.manologarciaycia.com\/index.php?rest_route=\/wp\/v2\/posts"}],"about":[{"href":"https:\/\/www.manologarciaycia.com\/index.php?rest_route=\/wp\/v2\/types\/post"}],"author":[{"embeddable":true,"href":"https:\/\/www.manologarciaycia.com\/index.php?rest_route=\/wp\/v2\/users\/2"}],"replies":[{"embeddable":true,"href":"https:\/\/www.manologarciaycia.com\/index.php?rest_route=%2Fwp%2Fv2%2Fcomments&post=15323"}],"version-history":[{"count":1,"href":"https:\/\/www.manologarciaycia.com\/index.php?rest_route=\/wp\/v2\/posts\/15323\/revisions"}],"predecessor-version":[{"id":15325,"href":"https:\/\/www.manologarciaycia.com\/index.php?rest_route=\/wp\/v2\/posts\/15323\/revisions\/15325"}],"wp:featuredmedia":[{"embeddable":true,"href":"https:\/\/www.manologarciaycia.com\/index.php?rest_route=\/wp\/v2\/media\/15324"}],"wp:attachment":[{"href":"https:\/\/www.manologarciaycia.com\/index.php?rest_route=%2Fwp%2Fv2%2Fmedia&parent=15323"}],"wp:term":[{"taxonomy":"category","embeddable":true,"href":"https:\/\/www.manologarciaycia.com\/index.php?rest_route=%2Fwp%2Fv2%2Fcategories&post=15323"},{"taxonomy":"post_tag","embeddable":true,"href":"https:\/\/www.manologarciaycia.com\/index.php?rest_route=%2Fwp%2Fv2%2Ftags&post=15323"}],"curies":[{"name":"wp","href":"https:\/\/api.w.org\/{rel}","templated":true}]}}