{"id":15320,"date":"2016-06-14T09:33:25","date_gmt":"2016-06-14T07:33:25","guid":{"rendered":"http:\/\/www.manologarciaycia.com\/?p=15320"},"modified":"2016-06-14T09:33:25","modified_gmt":"2016-06-14T07:33:25","slug":"loquillo-nacha-pop-y-manolo-garcia-en-la-feria-de-badajoz","status":"publish","type":"post","link":"https:\/\/www.manologarciaycia.com\/?p=15320","title":{"rendered":"Loquillo, Nacha Pop y Manolo Garc\u00eda, en la Feria de Badajoz"},"content":{"rendered":"<div class=\"encabezado \">\n<div class=\"hgroup\">\n<h2>El pr\u00f3ximo viernes el alumbrado del portal dar\u00e1 inicio a una Feria con 14 casetas, 86 atracciones y tres &#8216;food trucks&#8217;<\/h2>\n<\/div>\n<div class=\"contenedor_noticia\">\n<div class=\"centro\">\n<div class=\"foto figure\">El cantante catal\u00e1n regresa a Badajoz para actuar en la Feria de San Juan.\u00a0El concejal de Ferias y Fiestas del Ayuntamiento de Badajoz, Miguel Angel Rodr\u00edguez de la calle, presentaba un programa que tendr\u00e1 otra de sus citas cl\u00e1sicas el d\u00eda 23, noche de San Juan, a partir de las once y media de la noche, con los fuegos artificiales. La Feria cuenta con un presupuesto de 350.162,79 euros. Habr\u00e1 tres caravanas &#8216;food truck&#8217; que ofrecer\u00e1n distintos tipos de comida junto a la caseta municipal, aparcamientos para 5.000 veh\u00edculos y servicios especiales de autobuses a los que se suman los d\u00edas 18, 23 y 25 las l\u00edneas de Alcazaba, Alvarado y Valdeb\u00f3toa. Adem\u00e1s se ampl\u00eda el servicio de guarder\u00eda en la zona de casetas.<\/div>\n<\/div>\n<\/div>\n<\/div>\n<div class=\"columna_texto\">\n<div id=\"cuerpo_noticia\" class=\"cuerpo_noticia estirar\">\n<h3>Actuaciones<\/h3>\n<p>En el auditorio del recinto ferial del cantante pacense Suso el d\u00eda 17, de La Banda del Capit\u00e1n Canalla el d\u00eda 18, el musical infantil de Peter Pan y Campanilla el d\u00eda 19 y el concurso de bandas &#8216;Bada pop-rock&#8217; del d\u00eda 21. Otros conciertos son los de Henry M\u00e9ndez del d\u00eda 22, de Loquillo y Nacha Pop del d\u00eda 23, de Xriz del d\u00eda 24 y de Manolo Garc\u00eda del d\u00eda 25.<\/p>\n<\/div>\n<\/div>\n<p>Fuente: Cadena Ser &#8211; <a href=\"http:\/\/cadenaser.com\/emisora\/2016\/06\/13\/radio_extremadura\/1465833148_005071.html\" target=\"_blank\">ENLACE<\/a>\u00a0&#8211;\u00a0<span class=\"autor\">GASPAR GARC\u00cdA<\/span><\/p>\n","protected":false},"excerpt":{"rendered":"<p>El pr\u00f3ximo viernes el alumbrado del portal dar\u00e1 inicio a una Feria con 14 casetas, 86 atracciones y tres &#8216;food trucks&#8217; El cantante catal\u00e1n regresa a Badajoz para actuar en la Feria de San Juan.\u00a0El concejal de Ferias y Fiestas del Ayuntamiento de Badajoz, Miguel Angel Rodr\u00edguez de la calle, presentaba un programa que tendr\u00e1<a class=\"moretag\" href=\"https:\/\/www.manologarciaycia.com\/?p=15320\" title=\"Loquillo, Nacha Pop y Manolo Garc\u00eda, en la Feria de Badajoz\" target=\"_self\" rel=\"follow\"> <font face=arial size=2>[Leer m\u00e1s]<\/font> <\/a><\/p>\n","protected":false},"author":2,"featured_media":15321,"comment_status":"closed","ping_status":"closed","sticky":false,"template":"","format":"standard","meta":{"footnotes":""},"categories":[1],"tags":[],"class_list":["post-15320","post","type-post","status-publish","format-standard","has-post-thumbnail","hentry","category-manolo-garcia"],"_links":{"self":[{"href":"https:\/\/www.manologarciaycia.com\/index.php?rest_route=\/wp\/v2\/posts\/15320","targetHints":{"allow":["GET"]}}],"collection":[{"href":"https:\/\/www.manologarciaycia.com\/index.php?rest_route=\/wp\/v2\/posts"}],"about":[{"href":"https:\/\/www.manologarciaycia.com\/index.php?rest_route=\/wp\/v2\/types\/post"}],"author":[{"embeddable":true,"href":"https:\/\/www.manologarciaycia.com\/index.php?rest_route=\/wp\/v2\/users\/2"}],"replies":[{"embeddable":true,"href":"https:\/\/www.manologarciaycia.com\/index.php?rest_route=%2Fwp%2Fv2%2Fcomments&post=15320"}],"version-history":[{"count":1,"href":"https:\/\/www.manologarciaycia.com\/index.php?rest_route=\/wp\/v2\/posts\/15320\/revisions"}],"predecessor-version":[{"id":15322,"href":"https:\/\/www.manologarciaycia.com\/index.php?rest_route=\/wp\/v2\/posts\/15320\/revisions\/15322"}],"wp:featuredmedia":[{"embeddable":true,"href":"https:\/\/www.manologarciaycia.com\/index.php?rest_route=\/wp\/v2\/media\/15321"}],"wp:attachment":[{"href":"https:\/\/www.manologarciaycia.com\/index.php?rest_route=%2Fwp%2Fv2%2Fmedia&parent=15320"}],"wp:term":[{"taxonomy":"category","embeddable":true,"href":"https:\/\/www.manologarciaycia.com\/index.php?rest_route=%2Fwp%2Fv2%2Fcategories&post=15320"},{"taxonomy":"post_tag","embeddable":true,"href":"https:\/\/www.manologarciaycia.com\/index.php?rest_route=%2Fwp%2Fv2%2Ftags&post=15320"}],"curies":[{"name":"wp","href":"https:\/\/api.w.org\/{rel}","templated":true}]}}