{"id":15318,"date":"2016-06-13T10:55:48","date_gmt":"2016-06-13T08:55:48","guid":{"rendered":"http:\/\/www.manologarciaycia.com\/?p=15318"},"modified":"2016-06-13T10:55:48","modified_gmt":"2016-06-13T08:55:48","slug":"buenas-intenciones-de-ricardo-marin-el-miercoles-en-la-sala-apolo","status":"publish","type":"post","link":"https:\/\/www.manologarciaycia.com\/?p=15318","title":{"rendered":"Buenas Intenciones de Ricardo Mar\u00edn, el mi\u00e9rcoles en la Sala Apolo!"},"content":{"rendered":"<div class=\"\" data-block=\"true\" data-editor=\"1okre\" data-offset-key=\"fkfvs-0-0\">\n<div class=\"_1mf _1mj\" data-offset-key=\"fkfvs-0-0\"><span data-offset-key=\"fkfvs-2-0\"><span data-text=\"true\">Ricardo Mar\u00edn\u00a0presenta este mi\u00e9rcoles en la [2] de <\/span><\/span><span class=\"_5u8u\" spellcheck=\"false\" data-offset-key=\"fkfvs-3-0\"><span data-offset-key=\"fkfvs-3-0\"><span data-text=\"true\">Sala Apolo<\/span><\/span><\/span><span data-offset-key=\"fkfvs-4-0\"><span data-text=\"true\"> su CD\/DVD en directo \u00abBuenas intenciones\u00bb, un \u00e1lbum en el que uno de los m\u00fasicos m\u00e1s prol\u00edficos de nuestro pa\u00eds sale de la zona de penumbra de los escenarios para reivindicar todo su valor art\u00edstico, como compositor, como gran cantante y como virtuoso de la guitarra.<\/span><\/span><\/div>\n<\/div>\n<div class=\"\" data-block=\"true\" data-editor=\"1okre\" data-offset-key=\"bcqa7-0-0\">\n<div class=\"_1mf _1mj\" data-offset-key=\"bcqa7-0-0\"><span data-offset-key=\"bcqa7-0-0\">\u00a0<\/span><\/div>\n<\/div>\n<div class=\"\" data-block=\"true\" data-editor=\"1okre\" data-offset-key=\"fua75-0-0\">\n<div class=\"_1mf _1mj\" data-offset-key=\"fua75-0-0\"><span data-offset-key=\"fua75-0-0\"><span data-text=\"true\">Guitarra de Manolo Garc\u00eda, ha girado con <\/span><\/span><span class=\"_5u8u\" spellcheck=\"false\" data-offset-key=\"fua75-1-0\"><span data-offset-key=\"fua75-1-0\"><span data-text=\"true\">Rosario Flores<\/span><\/span><\/span><span data-offset-key=\"fua75-2-0\"><span data-text=\"true\">, <\/span><\/span><span class=\"_5u8u\" spellcheck=\"false\" data-offset-key=\"fua75-3-0\"><span data-offset-key=\"fua75-3-0\"><span data-text=\"true\">Ariel Rot<\/span><\/span><\/span><span data-offset-key=\"fua75-4-0\"><span data-text=\"true\">, <\/span><\/span><span class=\"_5u8u\" spellcheck=\"false\" data-offset-key=\"fua75-5-0\"><span data-offset-key=\"fua75-5-0\"><span data-text=\"true\">Raimundo Amador<\/span><\/span><\/span><span data-offset-key=\"fua75-6-0\"><span data-text=\"true\">, <\/span><\/span><span class=\"_5u8u\" spellcheck=\"false\" data-offset-key=\"fua75-7-0\"><span data-offset-key=\"fua75-7-0\"><span data-text=\"true\">Antonio Carmona<\/span><\/span><\/span><span data-offset-key=\"fua75-8-0\"><span data-text=\"true\"> , <\/span><\/span><span class=\"_5u8u\" spellcheck=\"false\" data-offset-key=\"fua75-9-0\"><span data-offset-key=\"fua75-9-0\"><span data-text=\"true\">Antonio Vega<\/span><\/span><\/span><span data-offset-key=\"fua75-10-0\"><span data-text=\"true\">, <\/span><\/span><span class=\"_5u8u\" spellcheck=\"false\" data-offset-key=\"fua75-11-0\"><span data-offset-key=\"fua75-11-0\"><span data-text=\"true\">Pasi\u00f3n Vega<\/span><\/span><\/span><span data-offset-key=\"fua75-12-0\"><span data-text=\"true\">, <\/span><\/span><span class=\"_5u8u\" spellcheck=\"false\" data-offset-key=\"fua75-13-0\"><span data-offset-key=\"fua75-13-0\"><span data-text=\"true\">Los Secretos<\/span><\/span><\/span><span data-offset-key=\"fua75-14-0\"><span data-text=\"true\"> y muchos de los artistas m\u00e1s importantes de este pa\u00eds.<\/span><\/span><\/div>\n<\/div>\n<div class=\"\" data-block=\"true\" data-editor=\"1okre\" data-offset-key=\"9kj19-0-0\">\n<div class=\"_1mf _1mj\" data-offset-key=\"9kj19-0-0\"><span data-offset-key=\"9kj19-0-0\">\u00a0<\/span><\/div>\n<\/div>\n<div class=\"\" data-block=\"true\" data-editor=\"1okre\" data-offset-key=\"6b3vp-0-0\">\n<div class=\"_1mf _1mj\" data-offset-key=\"6b3vp-0-0\"><span data-offset-key=\"6b3vp-0-0\"><span data-text=\"true\">Lo acompa\u00f1an en esta cita grandes amigos del panorama musical catal\u00e1n que poco a poco se van sumando a la fiesta, <\/span><\/span><span class=\"_5u8u\" spellcheck=\"false\" data-offset-key=\"6b3vp-1-0\"><span data-offset-key=\"6b3vp-1-0\"><span data-text=\"true\">FHB<\/span><\/span><\/span><span data-offset-key=\"6b3vp-2-0\"><span data-text=\"true\">, <\/span><\/span><span class=\"_5u8u\" spellcheck=\"false\" data-offset-key=\"6b3vp-3-0\"><span data-offset-key=\"6b3vp-3-0\"><span data-text=\"true\">Carmen Garc\u00eda<\/span><\/span><\/span><span data-offset-key=\"6b3vp-4-0\"><span data-text=\"true\">, <\/span><\/span><span class=\"_5u8u\" spellcheck=\"false\" data-offset-key=\"6b3vp-5-0\"><span data-offset-key=\"6b3vp-5-0\"><span data-text=\"true\">Malacara<\/span><\/span><\/span><span data-offset-key=\"6b3vp-6-0\"><span data-text=\"true\">, <\/span><\/span><span class=\"_5u8u\" spellcheck=\"false\" data-offset-key=\"6b3vp-7-0\"><span data-offset-key=\"6b3vp-7-0\"><span data-text=\"true\">Ivette Nadal<\/span><\/span><\/span><span data-offset-key=\"6b3vp-8-0\"><span data-text=\"true\">, <\/span><\/span><span class=\"_5u8u\" spellcheck=\"false\" data-offset-key=\"6b3vp-9-0\"><span data-offset-key=\"6b3vp-9-0\"><span data-text=\"true\">Nene Cass\u00e1,\u00a0<\/span><\/span><\/span><span class=\"_5u8u\" spellcheck=\"false\" data-offset-key=\"6b3vp-11-0\"><span data-offset-key=\"6b3vp-11-0\"><span data-text=\"true\">Xavi Molero Homs<\/span><\/span><\/span><span data-offset-key=\"6b3vp-12-0\"><span data-text=\"true\">, de entre otros!!! <\/span><\/span><\/div>\n<\/div>\n<div class=\"\" data-block=\"true\" data-editor=\"1okre\" data-offset-key=\"8h34a-0-0\">\n<div class=\"_1mf _1mj\" data-offset-key=\"8h34a-0-0\"><span data-offset-key=\"8h34a-0-0\">\u00a0<\/span><\/div>\n<\/div>\n<div class=\"\" data-block=\"true\" data-editor=\"1okre\" data-offset-key=\"9j8ru-0-0\">\n<div class=\"_1mf _1mj\" data-offset-key=\"9j8ru-0-0\"><span class=\"_5u8u\" spellcheck=\"false\" data-offset-key=\"9j8ru-0-0\"><span data-offset-key=\"9j8ru-0-0\"><span data-text=\"true\">#RicardoMar\u00edn<\/span><\/span><\/span> <span class=\"_5u8n\" spellcheck=\"false\" data-offset-key=\"9j8ru-2-0\"><span data-offset-key=\"9j8ru-2-0\"><span data-text=\"true\">#BuenasIntenciones<\/span><\/span><\/span> <span class=\"_5u8n\" spellcheck=\"false\" data-offset-key=\"9j8ru-6-0\"><span data-offset-key=\"9j8ru-6-0\"><span data-text=\"true\">#ManoloGarc\u00eda<\/span><\/span><\/span><\/div>\n<\/div>\n<div class=\"\" data-block=\"true\" data-editor=\"1okre\" data-offset-key=\"a1a2j-0-0\">\n<div class=\"_1mf _1mj\" data-offset-key=\"a1a2j-0-0\"><span data-offset-key=\"a1a2j-0-0\">\u00a0<\/span><\/div>\n<\/div>\n<div class=\"\" data-block=\"true\" data-editor=\"1okre\" data-offset-key=\"2uqj8-0-0\">\n<div class=\"_1mf _1mj\" data-offset-key=\"2uqj8-0-0\"><span data-offset-key=\"2uqj8-0-0\"><span data-text=\"true\">Entradas en: <a href=\"https:\/\/www.sala-apolo.com\/es\/programacion-entradas\/ricardo-marin\/_e:3755\/\" target=\"_blank\">https:\/\/www.sala-apolo.com\/es\/programacion-entradas\/ricardo-marin\/_e:3755\/<\/a><\/span><\/span><\/div>\n<\/div>\n","protected":false},"excerpt":{"rendered":"<p>Ricardo Mar\u00edn\u00a0presenta este mi\u00e9rcoles en la [2] de Sala Apolo su CD\/DVD en directo \u00abBuenas intenciones\u00bb, un \u00e1lbum en el que uno de los m\u00fasicos m\u00e1s prol\u00edficos de nuestro pa\u00eds sale de la zona de penumbra de los escenarios para reivindicar todo su valor art\u00edstico, como compositor, como gran cantante y como virtuoso de la<a class=\"moretag\" href=\"https:\/\/www.manologarciaycia.com\/?p=15318\" title=\"Buenas Intenciones de Ricardo Mar\u00edn, el mi\u00e9rcoles en la Sala Apolo!\" target=\"_self\" rel=\"follow\"> <font face=arial size=2>[Leer m\u00e1s]<\/font> <\/a><\/p>\n","protected":false},"author":2,"featured_media":14924,"comment_status":"closed","ping_status":"closed","sticky":false,"template":"","format":"standard","meta":{"footnotes":""},"categories":[1],"tags":[],"class_list":["post-15318","post","type-post","status-publish","format-standard","has-post-thumbnail","hentry","category-manolo-garcia"],"_links":{"self":[{"href":"https:\/\/www.manologarciaycia.com\/index.php?rest_route=\/wp\/v2\/posts\/15318","targetHints":{"allow":["GET"]}}],"collection":[{"href":"https:\/\/www.manologarciaycia.com\/index.php?rest_route=\/wp\/v2\/posts"}],"about":[{"href":"https:\/\/www.manologarciaycia.com\/index.php?rest_route=\/wp\/v2\/types\/post"}],"author":[{"embeddable":true,"href":"https:\/\/www.manologarciaycia.com\/index.php?rest_route=\/wp\/v2\/users\/2"}],"replies":[{"embeddable":true,"href":"https:\/\/www.manologarciaycia.com\/index.php?rest_route=%2Fwp%2Fv2%2Fcomments&post=15318"}],"version-history":[{"count":1,"href":"https:\/\/www.manologarciaycia.com\/index.php?rest_route=\/wp\/v2\/posts\/15318\/revisions"}],"predecessor-version":[{"id":15319,"href":"https:\/\/www.manologarciaycia.com\/index.php?rest_route=\/wp\/v2\/posts\/15318\/revisions\/15319"}],"wp:featuredmedia":[{"embeddable":true,"href":"https:\/\/www.manologarciaycia.com\/index.php?rest_route=\/wp\/v2\/media\/14924"}],"wp:attachment":[{"href":"https:\/\/www.manologarciaycia.com\/index.php?rest_route=%2Fwp%2Fv2%2Fmedia&parent=15318"}],"wp:term":[{"taxonomy":"category","embeddable":true,"href":"https:\/\/www.manologarciaycia.com\/index.php?rest_route=%2Fwp%2Fv2%2Fcategories&post=15318"},{"taxonomy":"post_tag","embeddable":true,"href":"https:\/\/www.manologarciaycia.com\/index.php?rest_route=%2Fwp%2Fv2%2Ftags&post=15318"}],"curies":[{"name":"wp","href":"https:\/\/api.w.org\/{rel}","templated":true}]}}