{"id":15315,"date":"2016-06-10T14:33:29","date_gmt":"2016-06-10T12:33:29","guid":{"rendered":"http:\/\/www.manologarciaycia.com\/?p=15315"},"modified":"2016-06-10T14:33:29","modified_gmt":"2016-06-10T12:33:29","slug":"manolo-garcia-con-la-musica-digital-cuatro-se-forran-y-muchos-se-mueren-de-hambre","status":"publish","type":"post","link":"https:\/\/www.manologarciaycia.com\/?p=15315","title":{"rendered":"Manolo Garc\u00eda: \u00abCon la m\u00fasica digital, cuatro se forran y muchos se mueren de hambre\u00bb"},"content":{"rendered":"<p>Manolo Garc\u00eda ya se hab\u00eda solazado entre sonidos griegos y jugueteado con ritmos brasile\u00f1os antes de decidir que &#8216;Todo es ahora&#8217;, su \u00faltimo disco, se mirar\u00eda en las guitarras de la m\u00fasica norteamericana. Trab\u00f3 una banda de curr\u00edculum legendario y se dio el gustazo de ba\u00f1ar de rock los temas. \u00c9l, que lo mismo admira a Juanito Valderrama que a Van Morrison, no se aleja de la senda coherente de sus principios. Hace lo que le apetece sin traicionar el deje flamenco y los versos de lengua a\u00f1eja en tirabuz\u00f3n. Observa el devenir de la industria de reojo y sigue a lo suyo: los directos. Act\u00faa el s\u00e1bado 18, a las 22 horas, en Son Fusteret de Palma.<\/p>\n<p><strong>\u00abTodo es ahora. Precario y falaz. Detr\u00e1s no queda nada\u00bb, canta usted, que defiende las ra\u00edces y la tradici\u00f3n. \u00bfReniega del pasado o no ve futuro?<\/strong><br \/>\nJam\u00e1s reniego del pasado y el futuro es incierto. Arrastramos la esencia y la enjundia. Soy lo que fui y no lo veo como una carga sino como bagaje. Todo lo que me ha sucedido ha sido estupendo. Puedo acunarme en mis canciones, en un mundo con direcciones con las que no estoy de acuerdo, pero s\u00f3lo sufro por las v\u00edas impuestas.<\/p>\n<p><strong>\u00bfLe ha resultado dif\u00edcil que grabaran con usted m\u00fasicos que lo han hecho con Bowie, Lennon, Springsteen o Michael Jackson?<\/strong><br \/>\nSiempre he sido muy seguidor de bandas anglosajonas, m\u00e1s de las americanas que de las brit\u00e1nicas. Y no soy mit\u00f3mano, pero Bowie me ha dado muchas alegr\u00edas. Todo lo que he o\u00eddo de \u00e9l me ha llegado. Nunca me ha decepcionado. El pen\u00faltimo disco me entusiasm\u00f3 y a trav\u00e9s de un amigo localic\u00e9 a su guitarrista, Waddy Wachtel (el socio de Keith Richards en los X-Pensive Winos). Vive en Los \u00c1ngeles y me pidi\u00f3 una semana para averiguar qui\u00e9n era yo y qu\u00e9 hac\u00eda. Despu\u00e9s me llam\u00f3 y me dijo: &#8216;He o\u00eddo lo que haces. Dame fechas&#8217;. Se da cuenta de que hago m\u00fasica popular de ra\u00edz anglosajona y que mi propuesta no es nada de otro planeta. \u00c9l trajo al resto de la banda y vieron que yo no iba buscando un hit, que no estaban obligados a repetir esquemas. Lo sencillo funciona, pero si la mezcla es eficaz.<\/p>\n<p><strong>\u00bfGrabar un disco es para usted lo m\u00e1s parecido a la sorpresa del directo?<\/strong><br \/>\nAplico un m\u00e9todo de b\u00fasqueda que, modestamente, llamo inteligente. Yo tengo mi f\u00f3rmula, maqueta y arreglos. Si alguien tiene una idea mejor, estoy abierto. Mi manera de producir mis discos es muy democr\u00e1tica. Pido parecer al acabar una canci\u00f3n y hay una votaci\u00f3n. Quienes participan van a dejar su nombre en la canci\u00f3n y quiero consenso. Si alguien no est\u00e1 contento, seguimos trabajando.<\/p>\n<p><strong>De ser una pintura, \u00bfcu\u00e1l ser\u00eda este disco?<\/strong><br \/>\nUna con p\u00farpuras y amarillo. Son colores muy antag\u00f3nicos, pero me gusta la mezcla m\u00edstica del violenta con el tono alocado y vital del amarillo.<\/p>\n<p><strong>\u00bfY si fuera un libro?<\/strong><br \/>\nUno de Vila-Matas o Los detectives salvajes de Bola\u00f1o. A veces mi trabajo es deslavazado, pero con el paso de lecturas va apareciendo un paraguas que da sombra al proyecto.<\/p>\n<p><strong>Resulta parad\u00f3jico que la canci\u00f3n que dedica a Bowie sea la m\u00e1s aflamencada con la guitarra de Ca\u00f1izares.<\/strong><br \/>\nSiempre tengo presente la guitarra espa\u00f1ola y siempre llevo una conmigo. Es muy importante el sello y s\u00e9 que con ese instrumento m\u00e1gico y maravilloso tengo un pellizco ganado. Por mucho que me gusten Queen y Van Morrison ser\u00eda una impostura no usarla. Soy un m\u00fasico pop-rock de m\u00fasica popular al que le sigue ganando el amor por el rock, una marca indeleble. Entiendo que\u00a0Antonio Molina ten\u00eda una voz espectacular y disfrut\u00e9 con Los Bravos y Los Brincos, pero cuando descubr\u00ed a Led Zepellin lo entend\u00ed todo.<\/p>\n<p><strong>\u00bfQu\u00e9 aprendi\u00f3 de Bowie?<\/strong><br \/>\nHay un bagaje y \u00e9l ha sido maestro en muchas cosas. Estaba muy dotado para dejar una impronta est\u00e9tica, algo que me fascina. Puedo haber aprendido las ganas de &#8216;marear&#8217;, de sorprender y divertirme. Es muy importante no aburrir, incluso jug\u00e1ndote el fracaso o desatando la ira de los fans. Tengo derecho a &#8216;marcianear&#8217; todo lo que quiera. Mientras, hago canciones, una forma de sonre\u00edr.<\/p>\n<p><strong>\u00bfSe atrever\u00eda con un disco de flamenco?<\/strong><br \/>\nNo puedo cantar flamenco. Puedo darle mi aire a una canci\u00f3n y podr\u00eda hacer rumba, pero no tendr\u00eda la desfachatez de cantar flamenco. Ser\u00eda un caradura si lo hiciera porque es una m\u00fasica grande, como el blues. El camino del flamenco es cortito en el tiempo y est\u00e1 hecho de mil mezclas, pero est\u00e1 reservado a s\u00f3lo unos pocos grandes.<\/p>\n<p><strong>\u00bfQu\u00e9 noria es \u00e9sta que gira aqu\u00ed que necesita repetir unas elecciones generales?<\/strong><br \/>\nUna de egos desmesurados, de ansias de poder, de mentiras y de decir que todo lo hacen por el pueblo. Y no, lo hacen por ellos. El pol\u00edtico cae en el error de creer que somos gilipollas. Las mentiras cansan y hacen un da\u00f1o real. Una parte de la poblaci\u00f3n est\u00e1 angustiada, jodida y asombrada. Deber\u00edan tratarnos con respeto. Hay que dar explicaciones a todas horas y no pensar: &#8216;dame tu voto y te olvido&#8217;. La prepotencia repugna a la poblaci\u00f3n. \u00bfQu\u00e9 me da el Estado si privatiza y me pide dinero? Aqu\u00ed nadie devuelve nada, te dicen que &#8216;Hacienda somos todos&#8217; y luego hay un partido pol\u00edtico con una caja b.<\/p>\n<p><strong>\u00bfCree que del 15-M naci\u00f3 una nueva pol\u00edtica?<\/strong><br \/>\nEn el coraz\u00f3n de la ciudadan\u00eda hay un germen, pero ha sido un error presuponer que la democracia consiste en votar y luego irse al f\u00fatbol. Hay que controlar a los pol\u00edticos. Admitir\u00eda cualquier color pol\u00edtico que sea honesto y procure dignidad, como dice la Constituci\u00f3n.<\/p>\n<p><strong>Su \u00faltimo disco, tiempo despu\u00e9s de su publicaci\u00f3n, no est\u00e1 disponible en Spotify. \u00bfSigue creyendo en el sistema cl\u00e1sico de la venta f\u00edsica de discos, pese a su retroceso?<\/strong><br \/>\nAh\u00ed no tienes el tax\u00edmetro. A ratos me han enga\u00f1ado y a ratos me han cabreado. Hago lo que puedo con la llegada de las ventas digitales, pero me molesta que la m\u00fasica ha pasado de dar para vivir a muchas familias a s\u00f3lo unos pocos. Con lo digital, cuatro listos se forran y muchos se mueren de hambre, se han quedado en el camino. Es como una revoluci\u00f3n industrial, como cuando el trabajo de cien segadores pas\u00f3 a hacerlo una m\u00e1quina. Algo falla y nadie piensa en los damnificados. Me siento herido y me parece injusto. Igual que con la pirater\u00eda. No pretendo enriquecerme, s\u00f3lo que no roben mi trabajo.<\/p>\n<p><strong>\u00bfHa hecho alguna concesi\u00f3n tecnol\u00f3gica en su vida?<\/strong><br \/>\nTengo un m\u00f3vil de 29 euros, sin WhatsApp, sin c\u00e1mara ni nada. Me niego a estar todo el d\u00eda enganchado. No quiero ser un esclavo, pese que respeto a todo el mundo. M\u00e1s all\u00e1 de eso, s\u00f3lo tengo una maquinita de m\u00fasica [iPod] y una c\u00e1mara de fotos digital. Uso la m\u00ednima tecnolog\u00eda. Mi palabra favorita es libertad.<\/p>\n<p>Fuente: El Mundo &#8211; <a href=\"http:\/\/www.elmundo.es\/baleares\/2016\/06\/10\/575aa0cde5fdea816e8b459d.html\" target=\"_blank\">ENLACE<\/a><\/p>\n","protected":false},"excerpt":{"rendered":"<p>Manolo Garc\u00eda ya se hab\u00eda solazado entre sonidos griegos y jugueteado con ritmos brasile\u00f1os antes de decidir que &#8216;Todo es ahora&#8217;, su \u00faltimo disco, se mirar\u00eda en las guitarras de la m\u00fasica norteamericana. Trab\u00f3 una banda de curr\u00edculum legendario y se dio el gustazo de ba\u00f1ar de rock los temas. \u00c9l, que lo mismo admira<a class=\"moretag\" href=\"https:\/\/www.manologarciaycia.com\/?p=15315\" title=\"Manolo Garc\u00eda: \u00abCon la m\u00fasica digital, cuatro se forran y muchos se mueren de hambre\u00bb\" target=\"_self\" rel=\"follow\"> <font face=arial size=2>[Leer m\u00e1s]<\/font> <\/a><\/p>\n","protected":false},"author":2,"featured_media":15316,"comment_status":"closed","ping_status":"closed","sticky":false,"template":"","format":"standard","meta":{"footnotes":""},"categories":[1],"tags":[],"class_list":["post-15315","post","type-post","status-publish","format-standard","has-post-thumbnail","hentry","category-manolo-garcia"],"_links":{"self":[{"href":"https:\/\/www.manologarciaycia.com\/index.php?rest_route=\/wp\/v2\/posts\/15315","targetHints":{"allow":["GET"]}}],"collection":[{"href":"https:\/\/www.manologarciaycia.com\/index.php?rest_route=\/wp\/v2\/posts"}],"about":[{"href":"https:\/\/www.manologarciaycia.com\/index.php?rest_route=\/wp\/v2\/types\/post"}],"author":[{"embeddable":true,"href":"https:\/\/www.manologarciaycia.com\/index.php?rest_route=\/wp\/v2\/users\/2"}],"replies":[{"embeddable":true,"href":"https:\/\/www.manologarciaycia.com\/index.php?rest_route=%2Fwp%2Fv2%2Fcomments&post=15315"}],"version-history":[{"count":1,"href":"https:\/\/www.manologarciaycia.com\/index.php?rest_route=\/wp\/v2\/posts\/15315\/revisions"}],"predecessor-version":[{"id":15317,"href":"https:\/\/www.manologarciaycia.com\/index.php?rest_route=\/wp\/v2\/posts\/15315\/revisions\/15317"}],"wp:featuredmedia":[{"embeddable":true,"href":"https:\/\/www.manologarciaycia.com\/index.php?rest_route=\/wp\/v2\/media\/15316"}],"wp:attachment":[{"href":"https:\/\/www.manologarciaycia.com\/index.php?rest_route=%2Fwp%2Fv2%2Fmedia&parent=15315"}],"wp:term":[{"taxonomy":"category","embeddable":true,"href":"https:\/\/www.manologarciaycia.com\/index.php?rest_route=%2Fwp%2Fv2%2Fcategories&post=15315"},{"taxonomy":"post_tag","embeddable":true,"href":"https:\/\/www.manologarciaycia.com\/index.php?rest_route=%2Fwp%2Fv2%2Ftags&post=15315"}],"curies":[{"name":"wp","href":"https:\/\/api.w.org\/{rel}","templated":true}]}}