{"id":15295,"date":"2016-06-07T20:59:41","date_gmt":"2016-06-07T18:59:41","guid":{"rendered":"http:\/\/www.manologarciaycia.com\/?p=15295"},"modified":"2016-06-07T21:00:26","modified_gmt":"2016-06-07T19:00:26","slug":"manolo-garcia-un-concierto-son-muchas-personas-intentando-ser-felices-a-la-vez-audio","status":"publish","type":"post","link":"https:\/\/www.manologarciaycia.com\/?p=15295","title":{"rendered":"Manolo Garc\u00eda: \u00abUn concierto son muchas personas intentando ser felices a la vez\u00bb (audio)"},"content":{"rendered":"<div class=\"hgroup\">\n<h2>El artista abre en Palma la segunda parte de su gira \u00abTodo es ahora\u00bb el pr\u00f3ximo 18 de junio<\/h2>\n<\/div>\n<div class=\"contenedor_noticia\">\n<p>Manolo Garc\u00eda presenta el pr\u00f3ximo 18 de junio en Son Fusteret, en Palma, su \u00faltimo trabajo discogr\u00e1fico <strong>\u00abTodo es ahora\u00bb<\/strong>. Arranca en Ciutat la segunda parte de su gira de verano, un espect\u00e1culo de tres horas de duraci\u00f3n en el que va a presentar los temas de su \u00faltimo trabajo y har\u00e1 un repaso por los grandes \u00e9xitos de su carrera en solitario. <strong>\u00abNo concibo ir a un concierto con el reloj en la mano\u00bb<\/strong>, nos cuenta Manolo Garc\u00eda en una entrevista telef\u00f3nica.\u00a0<strong>\u00abCuando me subo a un escenario el tiempo se detiene para m\u00ed\u00bb<\/strong>. Lo mismo ocurre cuando pinta, una afici\u00f3n que cultiva desde hace muchos a\u00f1os y que le ha llevado incluso a presentar sus obras al \u00f3leo en varias exposiciones: \u00abMe pill\u00e1is pintando\u00bb, cuenta Manolo Garc\u00eda cuando arranca la entrevista en <strong>Hoy Por Hoy Mallorca<\/strong>, una afici\u00f3n que le relaja y que intercala con la composici\u00f3n. Nos cuenta que la pintura es la pr\u00e1ctica opuesta a un concierto: <strong>\u00abLa disciplina del pintor es \u00edntima y solitaria y los conciertos son otra cuesti\u00f3n; son muchas almas intentando ser felices a la vez, un ejercicio com\u00fan para pasarlo bien\u00bb.<\/strong><\/p>\n<p>Escucha la entrevista \u00edntegra en el podcast de Radio Mallorca.<\/p>\n<\/div>\n<p><iframe loading=\"lazy\" src=\"http:\/\/play.cadenaser.com\/widget\/audio\/000WB0210320160607182247\/\" width=\"100%\" height=\"102\" frameborder=\"0\" allowfullscreen=\"allowfullscreen\"><\/iframe><\/p>\n<p>Fuente: Cadena Ser &#8211; Maitane Moreno &#8211;\u00a0<a href=\"http:\/\/cadenaser.com\/emisora\/2016\/06\/07\/radio_mallorca\/1465316310_886734.html\" target=\"_blank\">ENLACE<\/a><\/p>\n","protected":false},"excerpt":{"rendered":"<p>El artista abre en Palma la segunda parte de su gira \u00abTodo es ahora\u00bb el pr\u00f3ximo 18 de junio Manolo Garc\u00eda presenta el pr\u00f3ximo 18 de junio en Son Fusteret, en Palma, su \u00faltimo trabajo discogr\u00e1fico \u00abTodo es ahora\u00bb. Arranca en Ciutat la segunda parte de su gira de verano, un espect\u00e1culo de tres horas<a class=\"moretag\" href=\"https:\/\/www.manologarciaycia.com\/?p=15295\" title=\"Manolo Garc\u00eda: \u00abUn concierto son muchas personas intentando ser felices a la vez\u00bb (audio)\" target=\"_self\" rel=\"follow\"> <font face=arial size=2>[Leer m\u00e1s]<\/font> <\/a><\/p>\n","protected":false},"author":2,"featured_media":15297,"comment_status":"closed","ping_status":"closed","sticky":false,"template":"","format":"standard","meta":{"footnotes":""},"categories":[1],"tags":[],"class_list":["post-15295","post","type-post","status-publish","format-standard","has-post-thumbnail","hentry","category-manolo-garcia"],"_links":{"self":[{"href":"https:\/\/www.manologarciaycia.com\/index.php?rest_route=\/wp\/v2\/posts\/15295","targetHints":{"allow":["GET"]}}],"collection":[{"href":"https:\/\/www.manologarciaycia.com\/index.php?rest_route=\/wp\/v2\/posts"}],"about":[{"href":"https:\/\/www.manologarciaycia.com\/index.php?rest_route=\/wp\/v2\/types\/post"}],"author":[{"embeddable":true,"href":"https:\/\/www.manologarciaycia.com\/index.php?rest_route=\/wp\/v2\/users\/2"}],"replies":[{"embeddable":true,"href":"https:\/\/www.manologarciaycia.com\/index.php?rest_route=%2Fwp%2Fv2%2Fcomments&post=15295"}],"version-history":[{"count":1,"href":"https:\/\/www.manologarciaycia.com\/index.php?rest_route=\/wp\/v2\/posts\/15295\/revisions"}],"predecessor-version":[{"id":15296,"href":"https:\/\/www.manologarciaycia.com\/index.php?rest_route=\/wp\/v2\/posts\/15295\/revisions\/15296"}],"wp:featuredmedia":[{"embeddable":true,"href":"https:\/\/www.manologarciaycia.com\/index.php?rest_route=\/wp\/v2\/media\/15297"}],"wp:attachment":[{"href":"https:\/\/www.manologarciaycia.com\/index.php?rest_route=%2Fwp%2Fv2%2Fmedia&parent=15295"}],"wp:term":[{"taxonomy":"category","embeddable":true,"href":"https:\/\/www.manologarciaycia.com\/index.php?rest_route=%2Fwp%2Fv2%2Fcategories&post=15295"},{"taxonomy":"post_tag","embeddable":true,"href":"https:\/\/www.manologarciaycia.com\/index.php?rest_route=%2Fwp%2Fv2%2Ftags&post=15295"}],"curies":[{"name":"wp","href":"https:\/\/api.w.org\/{rel}","templated":true}]}}