{"id":15282,"date":"2016-06-07T08:56:26","date_gmt":"2016-06-07T06:56:26","guid":{"rendered":"http:\/\/www.manologarciaycia.com\/?p=15282"},"modified":"2016-06-07T09:20:59","modified_gmt":"2016-06-07T07:20:59","slug":"la-simiente-del-recuerdo-de-manolo-garcia","status":"publish","type":"post","link":"https:\/\/www.manologarciaycia.com\/?p=15282","title":{"rendered":"LA SIMIENTE DEL RECUERDO DE MANOLO GARC\u00cdA"},"content":{"rendered":"<p>Sorprend\u00eda acceder al <strong>Auditorio Roc\u00edo Jurado<\/strong>, en uno de estos largos atardeceres preveraniegos, y hallar un escenario trufado de plantas mecidas al sol. Palmeras, ficus, o\u00a0enredaderas trepaban a su antojo\u00a0por el andamiaje como si de una revoluci\u00f3n vegetal\u00a0se tratase. Aunque, si uno lo piensa bien,\u00a0<strong>Manolo Garc\u00eda<\/strong> ha sido siempre fiel a la naturaleza en general, tanto\u00a0a la de hoja verde -hay m\u00faltiples referencias en su extensa discograf\u00eda-\u00a0como a la suya propia. Y eso es de agradecer.<\/p>\n<p>Puede que sea uno de los motivos que\u00a0expliquen por qu\u00e9 se\u00a0colg\u00f3 el \u201cno hay billetes\u201d el pasado s\u00e1bado 28 en Sevilla, hasta donde\u00a0lleg\u00f3 con la gira\u00a0<strong>Todo es ahora<\/strong>.\u00a0Otra de las razones para\u00a0tanto\u00a0fervor se desvel\u00f3 a los pocos minutos de comenzar el show. Y\u00a0es que <strong>Manolo Garc\u00eda<\/strong>, a sus sesenta a\u00f1os, sigue siendo <strong>Manolo Garc\u00eda<\/strong>. Desatendiendo la perogrullada inicial, la afirmaci\u00f3n tiene su enjundia. Hemos contemplado el declive, los desvar\u00edos o la desorientaci\u00f3n de alg\u00fan que otro exitoso m\u00fasico de su generaci\u00f3n. Conseguir un cliente es dif\u00edcil pero lo realmente complicado es que vuelva. El que fue l\u00edder de <strong>El \u00daltimo de la Fila<\/strong> ha sabido labrar una\u00a0carrera coherente y f\u00e9rtil al margen de \u00e9pocas pasadas, logrando un puesto m\u00e1s que acomodado en la historia de la m\u00fasica patria.<\/p>\n<p><img loading=\"lazy\" decoding=\"async\" class=\"aligncenter\" src=\"http:\/\/i1083.photobucket.com\/albums\/j390\/Elena_Gato\/Manolo%20Garcia%20en%20Auditorio%20de%20Sevilla\/dsc_1966-01_27047961780_o_zpsruhl57iv.jpg\" width=\"1024\" height=\"678\" \/><\/p>\n<p>Si el\u00a0rey em\u00e9rito\u00a0se apropi\u00f3 del adjetivo \u201ccampechano\u201d, Manolo puede quedarse con el de \u201cincombustible\u201d. Tres horas de concierto divididas en dos porciones en las que hubo de todo. Comenzando con\u00a0un\u00a0v\u00eddeo acerca de\u00a0las desventuras\u00a0de un huevo (de gallina, se entiende) hasta el\u00a0final apote\u00f3sico con un Garc\u00eda saltando desde una de las (precarias) barras al p\u00fablico que lo sostuvo, mante\u00f3 y devolvi\u00f3 a su punto de partida. \u00bfHab\u00edamos dicho ya que son 60 las primaveras que lo alumbran? Nadie lo dir\u00eda. Desde la <strong>\u201cCanci\u00f3n del solitario que se reconcili\u00f3 con el mundo\u201d<\/strong>hasta\u00a0<strong>\u201cSan Fernando, un ratito a pie y otro caminando\u201d<\/strong>, el catal\u00e1n plant\u00f3 incansable su simiente en el campo\u00a0de nuestros recuerdos.<\/p>\n<p>El inicio de la velada ya anticipaba que el espect\u00e1culo no se andar\u00eda con medias tintas. Tras los silbidos y reclamos por parte del p\u00fablico, Manolo apareci\u00f3 en escena para la primera parte con una\u00a0banda impecable: los m\u00fasicos de la escena neoyorquina con los que ha grabado su \u00faltimo disco. Es decir,\u00a0<strong>Earl Slick<\/strong> y <strong>Gerry Leonard<\/strong> a las guitarras, <strong>Zachary Alford<\/strong> a la bater\u00eda y <strong>Jack Daley<\/strong> al bajo, con los que firmaba en Sevilla el \u00faltimo show conjunto de la gira. Y, como a quien buen \u00e1rbol se arrima, la sombra de una\u00a0excelente instrumentaci\u00f3n acompa\u00f1\u00f3 y elev\u00f3 una presentaci\u00f3n\u00a0vibrante con cortes como<strong> \u201cUn alma de papel\u201d<\/strong>, <strong>\u201cEsta noche he so\u00f1ado con David Bowie\u201d<\/strong> o<strong> \u201cUn giro teatral\u201d<\/strong>.<\/p>\n<p><img loading=\"lazy\" decoding=\"async\" class=\"aligncenter\" src=\"http:\/\/i1083.photobucket.com\/albums\/j390\/Elena_Gato\/Manolo%20Garcia%20en%20Auditorio%20de%20Sevilla\/dsc_2056-01_27048098620_o_zpssxg3xv95.jpg\" width=\"1024\" height=\"678\" \/><\/p>\n<p>Porque, de una forma u otra, todos hemos canturreado alguna vez aquello de <strong>\u201cPrefiero el trapecio\u201d<\/strong>o<strong> \u201cP\u00e1jaros de barro\u201d<\/strong> y tambi\u00e9n lo hicimos el s\u00e1bado. Canciones que dejaron un\u00a0surco grabado en la\u00a0memoria, vinculado con recuerdos ahora amables. Una especie de banda sonora de \u201cAquellos maravillosos a\u00f1os\u201d. Con Manolo\u00a0al fin sedente y un nuevo conjunto\u00a0sobre las tablas -el\u00a0de siempre- arranc\u00f3 ese segundo round luciendo caj\u00f3n flamenco\u00a0<strong>\u201cEn el batir de los mares\u201d<\/strong>. Incluy\u00f3 en \u00e9l cl\u00e1sicos agradecidos como\u00a0<strong>\u201cZapatero\u201d<\/strong>, <strong>\u201cNunca el tiempo es perdido\u201d<\/strong>o <strong>\u201cSomos levedad\u201d,\u00a0<\/strong>dentro del repaso\u00a0a sus tres primeros discos en solitario. Barra libre de nostalgia en \u00e9sta su vuelta a los grandes escenarios. Tiento a tiempos pasados de dulces contornos.<\/p>\n<p><img loading=\"lazy\" decoding=\"async\" class=\"aligncenter\" src=\"http:\/\/i1083.photobucket.com\/albums\/j390\/Elena_Gato\/Manolo%20Garcia%20en%20Auditorio%20de%20Sevilla\/dsc_1893-01_27322864335_o_zpspwskkuad.jpg\" width=\"1024\" height=\"678\" \/><\/p>\n<p><em>\u201cEsto es magia\u201d<\/em>, repet\u00eda el cantante mientras recib\u00eda de la audiencia la misma entrega que mostraba. Pura empat\u00eda la de\u00a0un m\u00fasico que tambi\u00e9n abog\u00f3 por\u00a0la\u00a0investigaci\u00f3n de enfermedades raras y la atenci\u00f3n a la discapacidad. Mientras las 8.000 almas all\u00ed congregadas\u00a0disfrutaban, cantabas y\u00a0se agolpaban en la pista, \u00e9l recorr\u00eda el escenario\u00a0de lado a lado, par\u00e1ndose a ratos\u00a0en esa postura caracter\u00edstica, con un pie adelantado y la mano libre en alto. Presumiendo de\u00a0una voz que luce como conservada en manteca y unas formas\u00a0que, d\u00e1ndole la vuelta al reloj de arena del tiempo,\u00a0han sabido\u00a0persistir ante modas y estilos importados.<\/p>\n<p>Como an\u00e9cdotas, una operadora de c\u00e1mara embutida en un mono negro que se contorsionaba\u00a0y grababa al tiempo (?). Tambi\u00e9n las im\u00e1genes ficticias pinchadas en la pantalla gigante durante\u00a0el intermedio con personajes <em>amarcianados<\/em>\u00a0(que, evidentemente, no estaban entre el p\u00fablico) y alguno que otro -que s\u00ed que estaba-\u00a0y que aprovech\u00f3 para hacer una <em>kiss cam <\/em>a lo NBA.\u00a0Una velada, en cualquier caso,\u00a0proclive al gozo y a la morri\u00f1a, a partes iguales. El esp\u00edritu, amigos, no envejece. La cosecha de Manolo Garc\u00eda sigue dando buenos frutos y su m\u00fasica, como el vino, el queso o la amistad sincera, gana con los a\u00f1os.<\/p>\n<p style=\"text-align: center;\"><iframe loading=\"lazy\" src=\"http:\/\/s1083.photobucket.com\/user\/Elena_Gato\/embed\/slideshow\/Manolo%20Garcia%20en%20Auditorio%20de%20Sevilla\" width=\"700\" height=\"450\"><\/iframe><\/p>\n<p style=\"text-align: left;\">Fuente: 8 Pistas &#8211; Elena Gato &#8211; Fotos Mr. Hip\u00e9rbole &#8211; <a href=\"http:\/\/8pistas.com\/la-simiente-del-recuerdo-manolo-garcia\/\" target=\"_blank\">ENLACE<\/a><\/p>\n","protected":false},"excerpt":{"rendered":"<p>Sorprend\u00eda acceder al Auditorio Roc\u00edo Jurado, en uno de estos largos atardeceres preveraniegos, y hallar un escenario trufado de plantas mecidas al sol. Palmeras, ficus, o\u00a0enredaderas trepaban a su antojo\u00a0por el andamiaje como si de una revoluci\u00f3n vegetal\u00a0se tratase. Aunque, si uno lo piensa bien,\u00a0Manolo Garc\u00eda ha sido siempre fiel a la naturaleza en general,<a class=\"moretag\" href=\"https:\/\/www.manologarciaycia.com\/?p=15282\" title=\"LA SIMIENTE DEL RECUERDO DE MANOLO GARC\u00cdA\" target=\"_self\" rel=\"follow\"> <font face=arial size=2>[Leer m\u00e1s]<\/font> <\/a><\/p>\n","protected":false},"author":2,"featured_media":15294,"comment_status":"closed","ping_status":"closed","sticky":false,"template":"","format":"standard","meta":{"footnotes":""},"categories":[1],"tags":[],"class_list":["post-15282","post","type-post","status-publish","format-standard","has-post-thumbnail","hentry","category-manolo-garcia"],"_links":{"self":[{"href":"https:\/\/www.manologarciaycia.com\/index.php?rest_route=\/wp\/v2\/posts\/15282","targetHints":{"allow":["GET"]}}],"collection":[{"href":"https:\/\/www.manologarciaycia.com\/index.php?rest_route=\/wp\/v2\/posts"}],"about":[{"href":"https:\/\/www.manologarciaycia.com\/index.php?rest_route=\/wp\/v2\/types\/post"}],"author":[{"embeddable":true,"href":"https:\/\/www.manologarciaycia.com\/index.php?rest_route=\/wp\/v2\/users\/2"}],"replies":[{"embeddable":true,"href":"https:\/\/www.manologarciaycia.com\/index.php?rest_route=%2Fwp%2Fv2%2Fcomments&post=15282"}],"version-history":[{"count":2,"href":"https:\/\/www.manologarciaycia.com\/index.php?rest_route=\/wp\/v2\/posts\/15282\/revisions"}],"predecessor-version":[{"id":15285,"href":"https:\/\/www.manologarciaycia.com\/index.php?rest_route=\/wp\/v2\/posts\/15282\/revisions\/15285"}],"wp:featuredmedia":[{"embeddable":true,"href":"https:\/\/www.manologarciaycia.com\/index.php?rest_route=\/wp\/v2\/media\/15294"}],"wp:attachment":[{"href":"https:\/\/www.manologarciaycia.com\/index.php?rest_route=%2Fwp%2Fv2%2Fmedia&parent=15282"}],"wp:term":[{"taxonomy":"category","embeddable":true,"href":"https:\/\/www.manologarciaycia.com\/index.php?rest_route=%2Fwp%2Fv2%2Fcategories&post=15282"},{"taxonomy":"post_tag","embeddable":true,"href":"https:\/\/www.manologarciaycia.com\/index.php?rest_route=%2Fwp%2Fv2%2Ftags&post=15282"}],"curies":[{"name":"wp","href":"https:\/\/api.w.org\/{rel}","templated":true}]}}