{"id":15274,"date":"2016-06-06T18:32:10","date_gmt":"2016-06-06T16:32:10","guid":{"rendered":"http:\/\/www.manologarciaycia.com\/?p=15274"},"modified":"2016-06-06T18:40:21","modified_gmt":"2016-06-06T16:40:21","slug":"manolo-garcia-manana-lee-en-el-blanquerna-de-madrid","status":"publish","type":"post","link":"https:\/\/www.manologarciaycia.com\/?p=15274","title":{"rendered":"MANOLO GARC\u00cdA MA\u00d1ANA LEE EN EL BLANQUERNA DE MADRID"},"content":{"rendered":"<p>&nbsp;<\/p>\n<p><img loading=\"lazy\" decoding=\"async\" class=\"alignleft size-full wp-image-15276\" src=\"http:\/\/www.manologarciaycia.com\/wp-content\/uploads\/2016\/06\/anna.jpg\" alt=\"Joyce i les gallines.indd\" width=\"200\" height=\"315\" \/>Primera sesi\u00f3n del Ciclo debutantes&#8230;\u00a0Joyce i les gallines:\u00a0Anna Ballbona nos cuenta Joyce i les gallines (Finalista Premio Anagrama para menores de 35 a\u00f1os).<\/p>\n<p>El m\u00fasico Manolo Garc\u00eda leer\u00e1 fragmentos de la obra.<\/p>\n<div class=\"date-line1\">\n<div class=\"date-lugar\">En el Centre Cultural-Llibreria Blanquerna &#8211; martes 7 Junio a la s 19:00h. Calle Alcal\u00e0, 44 Madrid<\/div>\n<\/div>\n<p>Fuente: <a href=\"http:\/\/www.ccblanquerna.cat\" target=\"_blank\">http:\/\/www.ccblanquerna.cat \u00a0 \u00a0<\/a><\/p>\n","protected":false},"excerpt":{"rendered":"<p>&nbsp; Primera sesi\u00f3n del Ciclo debutantes&#8230;\u00a0Joyce i les gallines:\u00a0Anna Ballbona nos cuenta Joyce i les gallines (Finalista Premio Anagrama para menores de 35 a\u00f1os). El m\u00fasico Manolo Garc\u00eda leer\u00e1 fragmentos de la obra. En el Centre Cultural-Llibreria Blanquerna &#8211; martes 7 Junio a la s 19:00h. Calle Alcal\u00e0, 44 Madrid Fuente: http:\/\/www.ccblanquerna.cat \u00a0 \u00a0<a class=\"moretag\" href=\"https:\/\/www.manologarciaycia.com\/?p=15274\" title=\"MANOLO GARC\u00cdA MA\u00d1ANA LEE EN EL BLANQUERNA DE MADRID\" target=\"_self\" rel=\"follow\"> <font face=arial size=2>[Leer m\u00e1s]<\/font> <\/a><\/p>\n","protected":false},"author":2,"featured_media":15275,"comment_status":"closed","ping_status":"closed","sticky":false,"template":"","format":"standard","meta":{"footnotes":""},"categories":[1],"tags":[],"class_list":["post-15274","post","type-post","status-publish","format-standard","has-post-thumbnail","hentry","category-manolo-garcia"],"_links":{"self":[{"href":"https:\/\/www.manologarciaycia.com\/index.php?rest_route=\/wp\/v2\/posts\/15274","targetHints":{"allow":["GET"]}}],"collection":[{"href":"https:\/\/www.manologarciaycia.com\/index.php?rest_route=\/wp\/v2\/posts"}],"about":[{"href":"https:\/\/www.manologarciaycia.com\/index.php?rest_route=\/wp\/v2\/types\/post"}],"author":[{"embeddable":true,"href":"https:\/\/www.manologarciaycia.com\/index.php?rest_route=\/wp\/v2\/users\/2"}],"replies":[{"embeddable":true,"href":"https:\/\/www.manologarciaycia.com\/index.php?rest_route=%2Fwp%2Fv2%2Fcomments&post=15274"}],"version-history":[{"count":5,"href":"https:\/\/www.manologarciaycia.com\/index.php?rest_route=\/wp\/v2\/posts\/15274\/revisions"}],"predecessor-version":[{"id":15281,"href":"https:\/\/www.manologarciaycia.com\/index.php?rest_route=\/wp\/v2\/posts\/15274\/revisions\/15281"}],"wp:featuredmedia":[{"embeddable":true,"href":"https:\/\/www.manologarciaycia.com\/index.php?rest_route=\/wp\/v2\/media\/15275"}],"wp:attachment":[{"href":"https:\/\/www.manologarciaycia.com\/index.php?rest_route=%2Fwp%2Fv2%2Fmedia&parent=15274"}],"wp:term":[{"taxonomy":"category","embeddable":true,"href":"https:\/\/www.manologarciaycia.com\/index.php?rest_route=%2Fwp%2Fv2%2Fcategories&post=15274"},{"taxonomy":"post_tag","embeddable":true,"href":"https:\/\/www.manologarciaycia.com\/index.php?rest_route=%2Fwp%2Fv2%2Ftags&post=15274"}],"curies":[{"name":"wp","href":"https:\/\/api.w.org\/{rel}","templated":true}]}}