{"id":15268,"date":"2016-06-05T11:57:34","date_gmt":"2016-06-05T09:57:34","guid":{"rendered":"http:\/\/www.manologarciaycia.com\/?p=15268"},"modified":"2016-06-05T11:57:34","modified_gmt":"2016-06-05T09:57:34","slug":"llanto-de-pasion-manolo-garcia-145-barcelona","status":"publish","type":"post","link":"https:\/\/www.manologarciaycia.com\/?p=15268","title":{"rendered":"Llanto de Pasi\u00f3n, Manolo Garc\u00eda 14\/5 Barcelona"},"content":{"rendered":"<p><span data-offset-key=\"5cdng-0-0\"><span data-text=\"true\">Manolo Garc\u00eda &#8211; Llanto de Pasi\u00f3n &#8211; Parc del F\u00f2rum &#8211; Barcelona &#8211; 14\/5\/2016 <\/span><\/span><span class=\"_5u8n\" spellcheck=\"false\" data-offset-key=\"5cdng-1-0\"><span data-offset-key=\"5cdng-1-0\"><span data-text=\"true\">#ManoloGarc\u00eda<\/span><\/span><\/span> <span class=\"_5u8n\" spellcheck=\"false\" data-offset-key=\"5cdng-3-0\"><span data-offset-key=\"5cdng-3-0\"><span data-text=\"true\">#LLantodePasi\u00f3n<\/span><\/span><\/span> <span class=\"_5u8n\" spellcheck=\"false\" data-offset-key=\"5cdng-5-0\"><span data-offset-key=\"5cdng-5-0\"><span data-text=\"true\">#El\u00daltimodelaFila<\/span><\/span><\/span> <span class=\"_5u8n\" spellcheck=\"false\" data-offset-key=\"5cdng-7-0\"><span data-offset-key=\"5cdng-7-0\"><span data-text=\"true\">#EUDLF<\/span><\/span><\/span> <span class=\"_5u8n\" spellcheck=\"false\" data-offset-key=\"5cdng-9-0\"><span data-offset-key=\"5cdng-9-0\"><span data-text=\"true\">#Barcelona<\/span><\/span><\/span> <span class=\"_5u8n\" spellcheck=\"false\" data-offset-key=\"5cdng-11-0\"><span data-offset-key=\"5cdng-11-0\"><span data-text=\"true\">#Gira2016<\/span><\/span><\/span> <span class=\"_5u8n\" spellcheck=\"false\" data-offset-key=\"5cdng-13-0\"><span data-offset-key=\"5cdng-13-0\"><span data-text=\"true\">#TodoEsAhora<\/span><\/span><\/span>\u00a0#<span class=\"_5u8u\" spellcheck=\"false\" data-offset-key=\"5cdng-15-0\"><span data-offset-key=\"5cdng-15-0\"><span data-text=\"true\">produceme<\/span><\/span><\/span>\u00a0#<span class=\"_5u8u\" spellcheck=\"false\" data-offset-key=\"5cdng-17-0\"><span data-offset-key=\"5cdng-17-0\"><span data-text=\"true\">PerroRecords<\/span><\/span><\/span><\/p>\n","protected":false},"excerpt":{"rendered":"<p>Manolo Garc\u00eda &#8211; Llanto de Pasi\u00f3n &#8211; Parc del F\u00f2rum &#8211; Barcelona &#8211; 14\/5\/2016 #ManoloGarc\u00eda #LLantodePasi\u00f3n #El\u00daltimodelaFila #EUDLF #Barcelona #Gira2016 #TodoEsAhora\u00a0#produceme\u00a0#PerroRecords<a class=\"moretag\" href=\"https:\/\/www.manologarciaycia.com\/?p=15268\" title=\"Llanto de Pasi\u00f3n, Manolo Garc\u00eda 14\/5 Barcelona\" target=\"_self\" rel=\"follow\"> <font face=arial size=2>[Leer m\u00e1s]<\/font> <\/a><\/p>\n","protected":false},"author":2,"featured_media":0,"comment_status":"closed","ping_status":"closed","sticky":false,"template":"","format":"video","meta":{"footnotes":""},"categories":[1],"tags":[],"class_list":["post-15268","post","type-post","status-publish","format-video","hentry","category-manolo-garcia","post_format-post-format-video"],"_links":{"self":[{"href":"https:\/\/www.manologarciaycia.com\/index.php?rest_route=\/wp\/v2\/posts\/15268","targetHints":{"allow":["GET"]}}],"collection":[{"href":"https:\/\/www.manologarciaycia.com\/index.php?rest_route=\/wp\/v2\/posts"}],"about":[{"href":"https:\/\/www.manologarciaycia.com\/index.php?rest_route=\/wp\/v2\/types\/post"}],"author":[{"embeddable":true,"href":"https:\/\/www.manologarciaycia.com\/index.php?rest_route=\/wp\/v2\/users\/2"}],"replies":[{"embeddable":true,"href":"https:\/\/www.manologarciaycia.com\/index.php?rest_route=%2Fwp%2Fv2%2Fcomments&post=15268"}],"version-history":[{"count":1,"href":"https:\/\/www.manologarciaycia.com\/index.php?rest_route=\/wp\/v2\/posts\/15268\/revisions"}],"predecessor-version":[{"id":15269,"href":"https:\/\/www.manologarciaycia.com\/index.php?rest_route=\/wp\/v2\/posts\/15268\/revisions\/15269"}],"wp:attachment":[{"href":"https:\/\/www.manologarciaycia.com\/index.php?rest_route=%2Fwp%2Fv2%2Fmedia&parent=15268"}],"wp:term":[{"taxonomy":"category","embeddable":true,"href":"https:\/\/www.manologarciaycia.com\/index.php?rest_route=%2Fwp%2Fv2%2Fcategories&post=15268"},{"taxonomy":"post_tag","embeddable":true,"href":"https:\/\/www.manologarciaycia.com\/index.php?rest_route=%2Fwp%2Fv2%2Ftags&post=15268"}],"curies":[{"name":"wp","href":"https:\/\/api.w.org\/{rel}","templated":true}]}}