{"id":15261,"date":"2016-06-03T19:41:55","date_gmt":"2016-06-03T17:41:55","guid":{"rendered":"http:\/\/www.manologarciaycia.com\/?p=15261"},"modified":"2016-06-04T08:36:23","modified_gmt":"2016-06-04T06:36:23","slug":"manolo-garcia-cierra-en-canarias-la-gira-espanola-de-todo-es-ahora","status":"publish","type":"post","link":"https:\/\/www.manologarciaycia.com\/?p=15261","title":{"rendered":"Manolo Garc\u00eda cierra en Canarias la gira espa\u00f1ola de Todo es Ahora (*)"},"content":{"rendered":"<p><b>Tras sus dos \u00faltimas giras en teatros y auditorios, Manolo Garc\u00eda vuelve a los grandes recintos con su tour Todo es Ahora. Y regresa a Canarias, donde no hab\u00eda actuado desde agosto de 2009, cerrando su gira espa\u00f1ola con sendos conciertos en Tenerife (30 de junio, pabell\u00f3n Santiago Mart\u00edn) y Gran Canaria (2 de julio Auditorio Parque San Juan de Telde).<\/b><\/p>\n<div>Las entradas est\u00e1n disponibles en www.entrees.es desde 30\u20ac m\u00e1s gastos de gesti\u00f3n.\u00a0El tour Todo es ahora ha agotado los tickets en todos los conciertos que ha ofrecido desde su inicio, en el mes de febrero.<\/div>\n<div><\/div>\n<div>Durante los meses de junio y julio, Garc\u00eda estar\u00e1 acompa\u00f1ado sobre el escenario por una contundente banda de magn\u00edficos m\u00fasicos: Ricardo Mar\u00edn, Albert Serrano y V\u00edctor Iniesta a las guitarras, Charly Sard\u00e0 bater\u00eda, \u00cd\u00f1igo Goldaracena bajo, Olvido Lanza viol\u00edn, Juan Carlos Garc\u00eda teclados, percusi\u00f3n y voces, \u00c1lvaro Gandul teclados y acorde\u00f3n, Susana Ribalta y Belinda S\u00e1nchez, coros.<\/div>\n<div><\/div>\n<div>La fuerza y la vitalidad de Garc\u00eda sobre el escenario no decepciona nunca a un p\u00fablico que sabe que la poes\u00eda en las letras del m\u00fasico barcelon\u00e9s est\u00e1n acompa\u00f1adas de un directo electrizante.<\/div>\n<div><b>\u00a0<\/b><\/div>\n<div><b>180 minutos<\/b><\/div>\n<div><\/div>\n<div>Las tres horas de show no permiten al p\u00fablico ni un minuto de descanso, y el espectador se entrega coreando y acompa\u00f1ando al artista en su constante ir y venir de un lado al otro del escenario, de tal manera que es imposible que la audiencia quede impasible ante la energ\u00eda y la pasi\u00f3n que desprende. Todo es ahora es el sexto \u00e1lbum de estudio del m\u00fasico barcelon\u00e9s.<\/div>\n<div><\/div>\n<div>Publicado con Sony en noviembre de 2014, fue grabado entre Nueva York y Avinyonet de Puigvent\u00f3s, Gerona. Colaboraron en \u00e9l m\u00fasicos como Zachary Alford (bater\u00eda), Earl Slick (guitarra) y Gerry Leonard (guitarra).<\/div>\n<div><\/div>\n<div>En \u00e9l y sus catorce temas Garc\u00eda vuelve a sus temas favoritos, el medio ambiente, el amor y sus \u00eddolos, como el homenaje a David Bowie que hace en Esta noche he so\u00f1ado con David Bowie.<\/div>\n<div><\/div>\n<div>Tras su publicaci\u00f3n, Todo es ahora alcanz\u00f3 el segundo puesto en las listas de discos m\u00e1s vendidos de Espa\u00f1a, 80.000 copias en un mes, por lo que recibi\u00f3 el doble disco de platino.<\/div>\n<div><\/div>\n<div>Fuente: Universo Canario &#8211; <a href=\"http:\/\/www.universocanario.com\/cultura\/manolo-garcia\/gira-espanola\/cierra-en-canarias\/-todo-es-ahora\/364079\" target=\"_blank\">ENLACE<\/a><\/div>\n<div><\/div>\n<div>LA NOTICIA ES INCORRECTA, QUEDAN LOS SIGUIENTE CONCIERTOS:<\/p>\n<p>JUNIO 2016<\/p>\n<p>18\/JUN Mallorca Son Fusteret<br \/>\n25\/JUN Badajoz Auditorio del Recinto Ferial<br \/>\n30\/JUN Tenerife Pabell\u00f3n Santiago Mart\u00edn<\/p>\n<p>JULIO 2016<\/p>\n<p>02\/JUL Telde (Gran Canaria) Parque San Juan<br \/>\n08\/JUL A Coru\u00f1a Palacio de la \u00d3pera<br \/>\n15\/JUL Murcia Cuartel de Artiller\u00eda<br \/>\n23\/JUL Sant Feliu de Gu\u00edxols Festival Porta Ferrada 2016<br \/>\n30\/JUL Hoyos del Espino (\u00c1vila) Festival M\u00fasicos en la Naturaleza 2016<\/p><\/div>\n","protected":false},"excerpt":{"rendered":"<p>Tras sus dos \u00faltimas giras en teatros y auditorios, Manolo Garc\u00eda vuelve a los grandes recintos con su tour Todo es Ahora. Y regresa a Canarias, donde no hab\u00eda actuado desde agosto de 2009, cerrando su gira espa\u00f1ola con sendos conciertos en Tenerife (30 de junio, pabell\u00f3n Santiago Mart\u00edn) y Gran Canaria (2 de julio<a class=\"moretag\" href=\"https:\/\/www.manologarciaycia.com\/?p=15261\" title=\"Manolo Garc\u00eda cierra en Canarias la gira espa\u00f1ola de Todo es Ahora (*)\" target=\"_self\" rel=\"follow\"> <font face=arial size=2>[Leer m\u00e1s]<\/font> <\/a><\/p>\n","protected":false},"author":2,"featured_media":15262,"comment_status":"closed","ping_status":"closed","sticky":false,"template":"","format":"standard","meta":{"footnotes":""},"categories":[1],"tags":[],"class_list":["post-15261","post","type-post","status-publish","format-standard","has-post-thumbnail","hentry","category-manolo-garcia"],"_links":{"self":[{"href":"https:\/\/www.manologarciaycia.com\/index.php?rest_route=\/wp\/v2\/posts\/15261","targetHints":{"allow":["GET"]}}],"collection":[{"href":"https:\/\/www.manologarciaycia.com\/index.php?rest_route=\/wp\/v2\/posts"}],"about":[{"href":"https:\/\/www.manologarciaycia.com\/index.php?rest_route=\/wp\/v2\/types\/post"}],"author":[{"embeddable":true,"href":"https:\/\/www.manologarciaycia.com\/index.php?rest_route=\/wp\/v2\/users\/2"}],"replies":[{"embeddable":true,"href":"https:\/\/www.manologarciaycia.com\/index.php?rest_route=%2Fwp%2Fv2%2Fcomments&post=15261"}],"version-history":[{"count":3,"href":"https:\/\/www.manologarciaycia.com\/index.php?rest_route=\/wp\/v2\/posts\/15261\/revisions"}],"predecessor-version":[{"id":15265,"href":"https:\/\/www.manologarciaycia.com\/index.php?rest_route=\/wp\/v2\/posts\/15261\/revisions\/15265"}],"wp:featuredmedia":[{"embeddable":true,"href":"https:\/\/www.manologarciaycia.com\/index.php?rest_route=\/wp\/v2\/media\/15262"}],"wp:attachment":[{"href":"https:\/\/www.manologarciaycia.com\/index.php?rest_route=%2Fwp%2Fv2%2Fmedia&parent=15261"}],"wp:term":[{"taxonomy":"category","embeddable":true,"href":"https:\/\/www.manologarciaycia.com\/index.php?rest_route=%2Fwp%2Fv2%2Fcategories&post=15261"},{"taxonomy":"post_tag","embeddable":true,"href":"https:\/\/www.manologarciaycia.com\/index.php?rest_route=%2Fwp%2Fv2%2Ftags&post=15261"}],"curies":[{"name":"wp","href":"https:\/\/api.w.org\/{rel}","templated":true}]}}