{"id":15252,"date":"2016-06-03T08:57:32","date_gmt":"2016-06-03T06:57:32","guid":{"rendered":"http:\/\/www.manologarciaycia.com\/?p=15252"},"modified":"2016-06-03T08:58:14","modified_gmt":"2016-06-03T06:58:14","slug":"manolo-garcia-cantara-en-son-fusteret-el-18-de-junio","status":"publish","type":"post","link":"https:\/\/www.manologarciaycia.com\/?p=15252","title":{"rendered":"Manolo Garc\u00eda cantar\u00e1 en Son Fusteret el 18 de junio"},"content":{"rendered":"<h2>Palma es la ciudad elegida para abrir la segunda parte de la gira del que fue l\u00edder de El \u00daltimo de la Fila<\/h2>\n<p>Nunca el tiempo es perdido y menos para escuchar a Manolo Garc\u00eda, que vuelve a la isla para mayor gloria de sus m\u00faltiples seguidores. El cantante y compositor actuar\u00e1 en Son Fusteret el pr\u00f3ximo 18 de junio, en el que ser\u00e1 el arranque de la segunda parte de una gira que est\u00e1 cosechando \u00e9xito de p\u00fablico y magn\u00edficas cr\u00edticas.<\/p>\n<div class=\"adm-intext\">\n<div id=\"vjs_video_897\" class=\"video-js vjs-default-skin vjs_video_897-dimensions vjs-controls-enabled vjs-has-started vjs-waiting vjs-vast-ad-loading vjs-paused vjs-vpaid-ad vjs-vpaid-flash-ad vjs-user-inactive\">\n<div class=\"vjs-black-poster\">Manolo Garc\u00eda presenta en esta gira un lujoso y extenso elenco de m\u00fasicos en una notable puesta en escena y la producci\u00f3n de los grandes conciertos. Toda una garant\u00eda de \u00e9xito en este artista honesto que se muestra en absoluta plenitud tras cientos de conciertos en giras multitudinarias y millones de discos vendidos.<\/div>\n<\/div>\n<\/div>\n<p>En Palma estar\u00e1 arropado sobre el escenario por Ricardo Mar\u00edn, Albert Serrano y V\u00edctor Iniesta a las guitarras, Charly Sard\u00e0 a la bater\u00eda, \u00cd\u00f1igo Goldaracena al bajo, Olvido Lanza al viol\u00edn, Juan Carlos Garc\u00eda a los teclados, percusi\u00f3n y voces, \u00c1lvaro Gandul en los teclados y acorde\u00f3n, ySusana Ribalta y Belinda S\u00e1nchez, coros.<\/p>\n<p>En la primera parte de la gira, el m\u00fasico barcelon\u00e9s present\u00f3 canciones de sus dos \u00faltimos trabajos,Todo es ahora y Los D\u00edas intactos, con los m\u00fasicos de la escena neoyorquina con los que grab\u00f3 su \u00faltimo disco: Gerry Leonard (guitarra), Zachary Alford (bater\u00eda) y Jack Daley (bajo) y Mark Goldenberg. M\u00fasicos que cuentan en sus curr\u00edculums con nombres como David Bowie, Lenny Kravitz, Bruce Springsteen, John Lennon y un largo etc\u00e9tera.<\/p>\n<p>El concierto de Mallorca ser\u00e1 la primera parada en la segunda parte de la gira, que despu\u00e9s de cinco a\u00f1os de su visita a la isla y tener dos \u00absold out\u00bb en el Trui Teatre, vuelve con este nuevo espect\u00e1culo de gran formato. El p\u00fablico asistente dispondr\u00e1 de la posibilidad de disfrutar del concierto desde pie de pista y desde una grada con asientos para mayor comodidad.<\/p>\n<p>Tras esta gira, Manolo Garc\u00eda se volcar\u00e1 ya en la composici\u00f3n y grabaci\u00f3n de su pr\u00f3ximo trabajo de estudio, que tomar\u00e1 el relevo de Todo es ahora. Publicado el pasado oto\u00f1o, Todo es ahora es b\u00e1sicamente un disco de rock, aunque rebosante de esas emociones que Manolo Garc\u00eda sabe transmitir como muy pocos artistas en nuestro pa\u00eds.<\/p>\n<p>Entradas disponibles: Ticketea &#8211;\u00a0<a href=\"https:\/\/www.ticketea.com\/entradas-festival-manolo-garcia-gira-2016-son-fusteret-palma-de-mallorca-evento-sabado-pop-nacional-\/\" target=\"_blank\">https:\/\/www.ticketea.com\/entradas-festival-manolo-garcia-gira-2016-son-fusteret-palma-de-mallorca-evento-sabado-pop-nacional-\/<\/a><\/p>\n<p>Fuente: Diario de Mallorca &#8211; G.R. Palma &#8211; <a href=\"http:\/\/www.diariodemallorca.es\/sociedad\/2016\/06\/03\/manolo-garcia-cantara-son-fusteret\/1122998.html\" target=\"_blank\">ENLACE<\/a><\/p>\n","protected":false},"excerpt":{"rendered":"<p>Palma es la ciudad elegida para abrir la segunda parte de la gira del que fue l\u00edder de El \u00daltimo de la Fila Nunca el tiempo es perdido y menos para escuchar a Manolo Garc\u00eda, que vuelve a la isla para mayor gloria de sus m\u00faltiples seguidores. El cantante y compositor actuar\u00e1 en Son Fusteret<a class=\"moretag\" href=\"https:\/\/www.manologarciaycia.com\/?p=15252\" title=\"Manolo Garc\u00eda cantar\u00e1 en Son Fusteret el 18 de junio\" target=\"_self\" rel=\"follow\"> <font face=arial size=2>[Leer m\u00e1s]<\/font> <\/a><\/p>\n","protected":false},"author":2,"featured_media":15253,"comment_status":"closed","ping_status":"closed","sticky":false,"template":"","format":"standard","meta":{"footnotes":""},"categories":[1],"tags":[],"class_list":["post-15252","post","type-post","status-publish","format-standard","has-post-thumbnail","hentry","category-manolo-garcia"],"_links":{"self":[{"href":"https:\/\/www.manologarciaycia.com\/index.php?rest_route=\/wp\/v2\/posts\/15252","targetHints":{"allow":["GET"]}}],"collection":[{"href":"https:\/\/www.manologarciaycia.com\/index.php?rest_route=\/wp\/v2\/posts"}],"about":[{"href":"https:\/\/www.manologarciaycia.com\/index.php?rest_route=\/wp\/v2\/types\/post"}],"author":[{"embeddable":true,"href":"https:\/\/www.manologarciaycia.com\/index.php?rest_route=\/wp\/v2\/users\/2"}],"replies":[{"embeddable":true,"href":"https:\/\/www.manologarciaycia.com\/index.php?rest_route=%2Fwp%2Fv2%2Fcomments&post=15252"}],"version-history":[{"count":2,"href":"https:\/\/www.manologarciaycia.com\/index.php?rest_route=\/wp\/v2\/posts\/15252\/revisions"}],"predecessor-version":[{"id":15255,"href":"https:\/\/www.manologarciaycia.com\/index.php?rest_route=\/wp\/v2\/posts\/15252\/revisions\/15255"}],"wp:featuredmedia":[{"embeddable":true,"href":"https:\/\/www.manologarciaycia.com\/index.php?rest_route=\/wp\/v2\/media\/15253"}],"wp:attachment":[{"href":"https:\/\/www.manologarciaycia.com\/index.php?rest_route=%2Fwp%2Fv2%2Fmedia&parent=15252"}],"wp:term":[{"taxonomy":"category","embeddable":true,"href":"https:\/\/www.manologarciaycia.com\/index.php?rest_route=%2Fwp%2Fv2%2Fcategories&post=15252"},{"taxonomy":"post_tag","embeddable":true,"href":"https:\/\/www.manologarciaycia.com\/index.php?rest_route=%2Fwp%2Fv2%2Ftags&post=15252"}],"curies":[{"name":"wp","href":"https:\/\/api.w.org\/{rel}","templated":true}]}}