{"id":15246,"date":"2016-06-02T11:48:46","date_gmt":"2016-06-02T09:48:46","guid":{"rendered":"http:\/\/www.manologarciaycia.com\/?p=15246"},"modified":"2016-06-02T11:54:48","modified_gmt":"2016-06-02T09:54:48","slug":"manolo-garcia-en-divendres-de-tv3","status":"publish","type":"post","link":"https:\/\/www.manologarciaycia.com\/?p=15246","title":{"rendered":"Manolo Garc\u00eda, en Divendres de TV3"},"content":{"rendered":"<p>Manolo Garc\u00eda ha estado hoy en el programa Divendres de TV3 (TVCat) &#8230; en Sant Feliu de Guixols. En Catal\u00e0 i mezclado con otros invitados, etc.<\/p>\n","protected":false},"excerpt":{"rendered":"<p>Manolo Garc\u00eda ha estado hoy en el programa Divendres de TV3 (TVCat) &#8230; en Sant Feliu de Guixols. En Catal\u00e0 i mezclado con otros invitados, etc.<a class=\"moretag\" href=\"https:\/\/www.manologarciaycia.com\/?p=15246\" title=\"Manolo Garc\u00eda, en Divendres de TV3\" target=\"_self\" rel=\"follow\"> <font face=arial size=2>[Leer m\u00e1s]<\/font> <\/a><\/p>\n","protected":false},"author":2,"featured_media":0,"comment_status":"closed","ping_status":"closed","sticky":false,"template":"","format":"video","meta":{"footnotes":""},"categories":[1],"tags":[],"class_list":["post-15246","post","type-post","status-publish","format-video","hentry","category-manolo-garcia","post_format-post-format-video"],"_links":{"self":[{"href":"https:\/\/www.manologarciaycia.com\/index.php?rest_route=\/wp\/v2\/posts\/15246","targetHints":{"allow":["GET"]}}],"collection":[{"href":"https:\/\/www.manologarciaycia.com\/index.php?rest_route=\/wp\/v2\/posts"}],"about":[{"href":"https:\/\/www.manologarciaycia.com\/index.php?rest_route=\/wp\/v2\/types\/post"}],"author":[{"embeddable":true,"href":"https:\/\/www.manologarciaycia.com\/index.php?rest_route=\/wp\/v2\/users\/2"}],"replies":[{"embeddable":true,"href":"https:\/\/www.manologarciaycia.com\/index.php?rest_route=%2Fwp%2Fv2%2Fcomments&post=15246"}],"version-history":[{"count":1,"href":"https:\/\/www.manologarciaycia.com\/index.php?rest_route=\/wp\/v2\/posts\/15246\/revisions"}],"predecessor-version":[{"id":15247,"href":"https:\/\/www.manologarciaycia.com\/index.php?rest_route=\/wp\/v2\/posts\/15246\/revisions\/15247"}],"wp:attachment":[{"href":"https:\/\/www.manologarciaycia.com\/index.php?rest_route=%2Fwp%2Fv2%2Fmedia&parent=15246"}],"wp:term":[{"taxonomy":"category","embeddable":true,"href":"https:\/\/www.manologarciaycia.com\/index.php?rest_route=%2Fwp%2Fv2%2Fcategories&post=15246"},{"taxonomy":"post_tag","embeddable":true,"href":"https:\/\/www.manologarciaycia.com\/index.php?rest_route=%2Fwp%2Fv2%2Ftags&post=15246"}],"curies":[{"name":"wp","href":"https:\/\/api.w.org\/{rel}","templated":true}]}}