{"id":15238,"date":"2016-06-01T08:26:59","date_gmt":"2016-06-01T06:26:59","guid":{"rendered":"http:\/\/www.manologarciaycia.com\/?p=15238"},"modified":"2016-06-01T08:26:59","modified_gmt":"2016-06-01T06:26:59","slug":"35-grados-a-tu-sombra-de-nacho-garcia-nas","status":"publish","type":"post","link":"https:\/\/www.manologarciaycia.com\/?p=15238","title":{"rendered":"35 grados a tu sombra (de Nacho Garc\u00eda Nas)"},"content":{"rendered":"<p>Llevo escuchando a Manolo Garc\u00eda desde que mi o\u00eddo empez\u00f3 a latir con su m\u00fasica y comenc\u00e9 a devorar esas letras \u00fanicas que me hac\u00edan consultar el diccionario, adentr\u00e1ndome en un vergel exclusivo rodeado de enredaderas de versos tan puros como libres.<\/p>\n<p>Muchos a\u00f1os despu\u00e9s consegu\u00ed cumplir el sue\u00f1o de que prologara mi segunda novela, este 35 GRADOS A TU SOMBRA, una emotiva y divertida historia que tiene mucho que ver con \u00e9l&#8230; y con todos nosotros. El pasado 26 de mayo tuve la oportunidad de reunirme brevemente con \u00e9l y regalarle la novela en mano, cerrando as\u00ed el c\u00edrculo emocional y siendo feliz. Luego, tocaba disfrutar de un concierto que no olvidar\u00e9.<\/p>\n<p><img loading=\"lazy\" decoding=\"async\" class=\"alignleft size-large wp-image-15240\" src=\"http:\/\/www.manologarciaycia.com\/wp-content\/uploads\/2016\/06\/nachogarcianas-1-576x1024.jpg\" alt=\"nachogarcianas\" width=\"576\" height=\"1024\" srcset=\"https:\/\/www.manologarciaycia.com\/wp-content\/uploads\/2016\/06\/nachogarcianas-1-576x1024.jpg 576w, https:\/\/www.manologarciaycia.com\/wp-content\/uploads\/2016\/06\/nachogarcianas-1-281x500.jpg 281w, https:\/\/www.manologarciaycia.com\/wp-content\/uploads\/2016\/06\/nachogarcianas-1-695x1236.jpg 695w, https:\/\/www.manologarciaycia.com\/wp-content\/uploads\/2016\/06\/nachogarcianas-1.jpg 756w\" sizes=\"auto, (max-width: 576px) 100vw, 576px\" \/>Mientras, mi novela, con la humildad de permanecer en la discreta sombra, va creciendo d\u00eda tras d\u00eda y noto c\u00f3mo ensancha su sonrisa con rese\u00f1as tan emocionantes como la que tuvo a bien escribir el gran Jos\u00e9 \u00c1ngel Lucena y que aqu\u00ed os dejo:<\/p>\n<p><strong>35 GRADOS A TU SOMBRA<\/strong><\/p>\n<p>Es un fragmento de nuestra historia. De la historia de todos aquellos que vivimos la Espa\u00f1a del despertar a la democracia. Son retazos de sensaciones comunes, de mejillas encendidas por la tarde y el juego, y como no, por el confuso vapor que desprende el despertar al amor. Aturdiendo los sentidos, haciendo fortalezas en cualquier duna o acunando sue\u00f1os que el primer rayo de sol con su bofetada de realidad arrastrar\u00e1.<\/p>\n<p>Ya las an\u00e9cdotas de colegio- con las que me siento plenamente identificado- me sedujeron a continuar con la lectura, pero creo que fue ese frenazo de bicicleta en el chalet de verano, el que a c\u00e1mara lenta, empujando el polvo hacia mis ojos, me transport\u00f3 a esa edad donde los descubrimientos tienen nombre de mujer o un partido de f\u00fatbol sala se transforma en un duelo intergal\u00e1ctico.<\/p>\n<p>La novela es sencillamente una delicia donde se combinan el humor y la ternura a partes iguales. Hay p\u00e1rrafos de una riqueza l\u00edrica deslumbrante como <em>\u201cEs curioso el primer amor\u2026 cuando los fantasmas de relaciones anteriores no ululan en cada decisi\u00f3n, cuando los cad\u00e1veres sentimentales no atormentan como zombis en cada nueva aventura\u2026\u201d<\/em>. Las referencias constantes al cine, a las series que tanto nos marcaron, a los grupos que alimentaron nuestros d\u00edas de juventud salen constantemente al paso dibuj\u00e1ndonos una sonrisa&#8230;<br \/>\nManolo Garc\u00eda y el \u00faltimo de la Fila merecen un cap\u00edtulo aparte; desde los agradecimientos, aparecen y reaparecen ligados al sentimiento de amor por Sara, emergen en citas de canciones y en el esp\u00edritu de ciertas frases que acomodadas han encontrado a la perfecci\u00f3n su hueco en el discurso. Un hilo de Ariadna que conecta pasado y presente. Una br\u00fajula que nos reorienta en el camino. Quiz\u00e1s en el viejo juego de pasar las p\u00e1ginas r\u00e1pido agarrando con fuerza el lomo del ejemplar, como si de una pel\u00edcula se tratase, ser\u00eda f\u00e1cil o\u00edr aquello de \u201c<em>No es que el tiempo lo cure todo pero puede ayudar\u2026\u201d<\/em>. Al asalto bebiendo a sorbos de lo cotidiano de nuestra intrahistoria del jugo de un pasado com\u00fan.<\/p>\n<p>No faltan las an\u00e9cdotas tronchantes que multiplican el disfrute de la lectura y por supuesto que no pienso desvelar. Ocurrencias imaginativas que los cuatro personajes, los cuatro amigos van protagonizando de manera alterna. Perfiles complementarios como caras de un mismo cubo como suele ocurrir en las pandillas (especial atenci\u00f3n a Jota).<\/p>\n<p>Hay un aroma entre la ingenuidad y el crecimiento personal que bate las p\u00e1ginas llevando nuestro pensamiento a sabores de otra \u00e9poca.<\/p>\n<p>Me quedo con un rom\u00e1ntico acto a la luz de la luna y en un teatro abandonado. Nacho Garc\u00eda domina el escenario humano teje con virtuosismo las escenas donde la ternura y las pasiones se entrelazan para tatuarnos. Recorta pasajes vividos y crea un collage salpicado de eternas canciones, de dudas compartidas y descubrimientos. Nos coloca frente a un viaje hacia la madurez donde los recuerdos dejan de ser lastre para ser vida.<\/p>\n<p>Podr\u00eda decir muchas m\u00e1s cosas, pero creo que el mejor consejo es que la disfrut\u00e9is pues la pr\u00f3xima vez que ve\u00e1is una piscina o la luna os alumbre; os llegar\u00e1 con la suave y m\u00e1gica brisa; las risas de otro tiempo y el aroma del deseo y el amor 35 \u00ba a tu sombra.<\/p>\n<p><span style=\"text-decoration: underline;\"><strong>D\u00d3NDE ENCONTRAR LA NOVELA\u00a0<\/strong><\/span><\/p>\n<p>En Valencia puedes encontrarla en Librer\u00eda Soriano, Par\u00eds Valencia, Gaia y La Traca, entre otros puntos de venta y a partir de la pr\u00f3xima semana en El Corte Ingl\u00e9s.<\/p>\n<p>P\u00eddela en cualquier librer\u00eda de tu ciudad o pregunta por ella en cualquier Corte Ingl\u00e9s de toda Espa\u00f1a. En Madrid puedes encontrarla tambi\u00e9n en la Casa del Libro (pregunta en el de Gran V\u00eda).<\/p>\n<p>Puedes solicitar informaci\u00f3n tambi\u00e9n a trav\u00e9s de <a href=\"mailto:info@alupa.es\">info@alupa.es<\/a> y hacer tu pedido a trav\u00e9s de <a href=\"http:\/\/www.alupa.es\/\">www.alupa.es<\/a> o contactar con nosotros a trav\u00e9s del facebook de 35 GRADOS A TU SOMBRA<\/p>\n<p><strong><em>35 GRADOS A TU SOMBRA<\/em><\/strong><\/p>\n<p><strong><em>Nacho Garc\u00eda &#8216;Nas&#8217;<\/em><\/strong><\/p>\n<p>Edita: Alupa editorial<\/p>\n<p>Portada: Paco Roca.<\/p>\n<p>Pr\u00f3logo: Manolo Garc\u00eda<\/p>\n","protected":false},"excerpt":{"rendered":"<p>Llevo escuchando a Manolo Garc\u00eda desde que mi o\u00eddo empez\u00f3 a latir con su m\u00fasica y comenc\u00e9 a devorar esas letras \u00fanicas que me hac\u00edan consultar el diccionario, adentr\u00e1ndome en un vergel exclusivo rodeado de enredaderas de versos tan puros como libres. Muchos a\u00f1os despu\u00e9s consegu\u00ed cumplir el sue\u00f1o de que prologara mi segunda novela,<a class=\"moretag\" href=\"https:\/\/www.manologarciaycia.com\/?p=15238\" title=\"35 grados a tu sombra (de Nacho Garc\u00eda Nas)\" target=\"_self\" rel=\"follow\"> <font face=arial size=2>[Leer m\u00e1s]<\/font> <\/a><\/p>\n","protected":false},"author":2,"featured_media":15239,"comment_status":"closed","ping_status":"closed","sticky":false,"template":"","format":"standard","meta":{"footnotes":""},"categories":[1],"tags":[],"class_list":["post-15238","post","type-post","status-publish","format-standard","has-post-thumbnail","hentry","category-manolo-garcia"],"_links":{"self":[{"href":"https:\/\/www.manologarciaycia.com\/index.php?rest_route=\/wp\/v2\/posts\/15238","targetHints":{"allow":["GET"]}}],"collection":[{"href":"https:\/\/www.manologarciaycia.com\/index.php?rest_route=\/wp\/v2\/posts"}],"about":[{"href":"https:\/\/www.manologarciaycia.com\/index.php?rest_route=\/wp\/v2\/types\/post"}],"author":[{"embeddable":true,"href":"https:\/\/www.manologarciaycia.com\/index.php?rest_route=\/wp\/v2\/users\/2"}],"replies":[{"embeddable":true,"href":"https:\/\/www.manologarciaycia.com\/index.php?rest_route=%2Fwp%2Fv2%2Fcomments&post=15238"}],"version-history":[{"count":1,"href":"https:\/\/www.manologarciaycia.com\/index.php?rest_route=\/wp\/v2\/posts\/15238\/revisions"}],"predecessor-version":[{"id":15241,"href":"https:\/\/www.manologarciaycia.com\/index.php?rest_route=\/wp\/v2\/posts\/15238\/revisions\/15241"}],"wp:featuredmedia":[{"embeddable":true,"href":"https:\/\/www.manologarciaycia.com\/index.php?rest_route=\/wp\/v2\/media\/15239"}],"wp:attachment":[{"href":"https:\/\/www.manologarciaycia.com\/index.php?rest_route=%2Fwp%2Fv2%2Fmedia&parent=15238"}],"wp:term":[{"taxonomy":"category","embeddable":true,"href":"https:\/\/www.manologarciaycia.com\/index.php?rest_route=%2Fwp%2Fv2%2Fcategories&post=15238"},{"taxonomy":"post_tag","embeddable":true,"href":"https:\/\/www.manologarciaycia.com\/index.php?rest_route=%2Fwp%2Fv2%2Ftags&post=15238"}],"curies":[{"name":"wp","href":"https:\/\/api.w.org\/{rel}","templated":true}]}}