{"id":15225,"date":"2016-05-29T20:12:12","date_gmt":"2016-05-29T18:12:12","guid":{"rendered":"http:\/\/www.manologarciaycia.com\/?p=15225"},"modified":"2016-05-29T20:12:12","modified_gmt":"2016-05-29T18:12:12","slug":"manolo-garcia-en-sevilla-tres-horas-de-alegria-libertad-y-esperanza","status":"publish","type":"post","link":"https:\/\/www.manologarciaycia.com\/?p=15225","title":{"rendered":"Manolo Garc\u00eda en Sevilla: tres horas de alegr\u00eda, libertad y esperanza"},"content":{"rendered":"<p class=\"summary-lead\">El cantautor barcelon\u00e9s delit\u00f3 a su p\u00fablico m\u00e1s fiel con sus temas m\u00e1s recientes, pero tambi\u00e9n con los de siempre<\/p>\n<p class=\"summary-lead\">M\u00e1s de 8.000 personas se dieron cita en el auditorio Roc\u00edo Jurado para disfrutar de la muy particular m\u00fasica de Manolo Garc\u00eda<\/p>\n<p>Ni un minuto de silencio \u00abse parti\u00f3\u00bb Manolo Garc\u00eda (Barcelona, 1955) desde el rotundo \u00abt\u00fa me ense\u00f1aste a vivir en soledad\u00bb con el que abri\u00f3 su <strong>concierto en Sevilla<\/strong> hasta tres horas despu\u00e9s, cuando despidi\u00f3 a un auditorio rendido a sus pies caminando hacia San Fernando.<\/p>\n<p>M\u00e1s de ciento ochenta minutos, dos bandas, quince m\u00fasicos en el escenario, un aforo de <strong>8.000 personas<\/strong> completo&#8230; pero los n\u00fameros no dicen nada. Las letras son las reinas del espect\u00e1culo de un artista que crece con cada puesta en escena. Letras que esconden una aut\u00e9ntica y pura filosof\u00eda de vida basada en tres pilares: la alegr\u00eda, la libertad y la esperanza. Con ellas, convirti\u00f3 en normal lo extraordinario: \u00abGente normal haciendo cosas normales coomo intentar ser felices\u00bb, como anunci\u00f3. Y vaya si lo logr\u00f3. Su calor, fuerza y vitalidad, su rock patrio elegante y una delicada puesta en escena venci\u00f3 al fr\u00edo desde la grada hasta la pista de baile, elevando a un p\u00fablico transversal, desde puretas nost\u00e1lgicos con hijos hasta j\u00f3venes fans entregados. Pura \u00abmagia\u00bb, como reconoci\u00f3.<\/p>\n<p>El s\u00e1bado en el Auditorio Roc\u00edo Jurado de Sevilla, en la \u00faltima oportunidad para verle en Andaluc\u00eda en su gira<strong> Todo es ahora<\/strong>, Manolo Garc\u00eda extrajo la esencia, en casi 30 canciones, de sus seis discos en solitario a las que sum\u00f3 Llanto de pasi\u00f3n y, su himno, <em>Insurrecci\u00f3n<\/em>, de su etapa en El \u00faltimo de la fila.<\/p>\n<h2 class=\"ladillo\">Con banda neoyorquina<\/h2>\n<p>La primera parte del concierto, el cantautor barcelon\u00e9s estuvo acompa\u00f1ado por la banda neoyorquina que, hasta ahora, le ha puesto m\u00fasica a los temas de sus dos \u00faltimos trabajos: Todo es ahora y Los d\u00edas intactos. Sus fieles, \u00abexprimieron la vida\u00bb comprobando en su propia piel que \u00abes mejor sentir que pensar\u00bb, llevando en volandas a un Manolo que reivindic\u00f3 una sociedad m\u00e1s justa con su <em>Subo escalas<\/em>, bajo escalas. \u00abLos pol\u00edticos nos hacen perder el tiempo, en vez de aclararse y ayudar a la agente que lo necesita con nuestro dinero. \u00c9ste es mi <strong>canto de indignaci\u00f3n<\/strong>, mi peque\u00f1o 15-M personal\u00bb, advirti\u00f3. Luego ofreci\u00f3 lo mejor de Los d\u00edas intactos haciendo temblar el auditorio con Un giro teatral y acunando al p\u00fablico con Sombra de la sombra de tu sombrero.<\/p>\n<p>El segundo bloque, en el que recuper\u00f3 a sus<strong> m\u00fasicos habituales<\/strong>, tuvo como gran protagonista a Arena en los bolsillos, probablemente su mejor disco en solitario. A las excepcionales<em> Carb\u00f3n y ramas secas<\/em> y <em>Zapatero<\/em>, sum\u00f3 una de sus se\u00f1as de identidad, <em>P\u00e1jaros de barro<\/em>, aves a las que hizo aletear el p\u00fablico, llev\u00e1ndolas en volandas, con sus palmas.<\/p>\n<p>No dej\u00f3 atr\u00e1s <em>Nunca el tiempo es perdido<\/em> regalando su <em>Rosa de Alejandr\u00eda<\/em> y su advertencia de nuestra inevitable<em> Levedad<\/em>. Tambi\u00e9n hubo espacio para su intimista Para que no se duerman mis sentidos y una magn\u00edfica versi\u00f3n aflamencada de <em>En el batir de los mares<\/em>, de Saldremos a la lluvia.<\/p>\n<p>El ext\u00e1sis lleg\u00f3 con<em> Insurrecci\u00f3n<\/em> y con las encadenadas <em>Viernes<\/em> y <em>San Fernando<\/em>, que hizo al p\u00fablico despedirse vibrando y henchido de alegr\u00eda. S\u00f3lo le falt\u00f3 una cosa: explicarnos la f\u00f3rmula para crecer sin envejecer. Seguro que ingiere ese<strong>\u00abf\u00e1rmaco precioso\u00bb<\/strong> que un d\u00eda descubri\u00f3 En los \u00e1rboles. Salud y larga vida, Manolo. Gracias.<\/p>\n<p>Fuente: El Mundo Sevilla &#8211; <a href=\"http:\/\/www.elmundo.es\/andalucia\/sevilla\/2016\/05\/29\/574b077a46163f8a7a8b4608.html\" target=\"_blank\">ENLACE<\/a>\u00a0&#8211; Carmen Torres &#8211; Foto: Jes\u00fas Mor\u00f3n<\/p>\n","protected":false},"excerpt":{"rendered":"<p>El cantautor barcelon\u00e9s delit\u00f3 a su p\u00fablico m\u00e1s fiel con sus temas m\u00e1s recientes, pero tambi\u00e9n con los de siempre M\u00e1s de 8.000 personas se dieron cita en el auditorio Roc\u00edo Jurado para disfrutar de la muy particular m\u00fasica de Manolo Garc\u00eda Ni un minuto de silencio \u00abse parti\u00f3\u00bb Manolo Garc\u00eda (Barcelona, 1955) desde el<a class=\"moretag\" href=\"https:\/\/www.manologarciaycia.com\/?p=15225\" title=\"Manolo Garc\u00eda en Sevilla: tres horas de alegr\u00eda, libertad y esperanza\" target=\"_self\" rel=\"follow\"> <font face=arial size=2>[Leer m\u00e1s]<\/font> <\/a><\/p>\n","protected":false},"author":2,"featured_media":15226,"comment_status":"closed","ping_status":"closed","sticky":false,"template":"","format":"standard","meta":{"footnotes":""},"categories":[1],"tags":[],"class_list":["post-15225","post","type-post","status-publish","format-standard","has-post-thumbnail","hentry","category-manolo-garcia"],"_links":{"self":[{"href":"https:\/\/www.manologarciaycia.com\/index.php?rest_route=\/wp\/v2\/posts\/15225","targetHints":{"allow":["GET"]}}],"collection":[{"href":"https:\/\/www.manologarciaycia.com\/index.php?rest_route=\/wp\/v2\/posts"}],"about":[{"href":"https:\/\/www.manologarciaycia.com\/index.php?rest_route=\/wp\/v2\/types\/post"}],"author":[{"embeddable":true,"href":"https:\/\/www.manologarciaycia.com\/index.php?rest_route=\/wp\/v2\/users\/2"}],"replies":[{"embeddable":true,"href":"https:\/\/www.manologarciaycia.com\/index.php?rest_route=%2Fwp%2Fv2%2Fcomments&post=15225"}],"version-history":[{"count":1,"href":"https:\/\/www.manologarciaycia.com\/index.php?rest_route=\/wp\/v2\/posts\/15225\/revisions"}],"predecessor-version":[{"id":15227,"href":"https:\/\/www.manologarciaycia.com\/index.php?rest_route=\/wp\/v2\/posts\/15225\/revisions\/15227"}],"wp:featuredmedia":[{"embeddable":true,"href":"https:\/\/www.manologarciaycia.com\/index.php?rest_route=\/wp\/v2\/media\/15226"}],"wp:attachment":[{"href":"https:\/\/www.manologarciaycia.com\/index.php?rest_route=%2Fwp%2Fv2%2Fmedia&parent=15225"}],"wp:term":[{"taxonomy":"category","embeddable":true,"href":"https:\/\/www.manologarciaycia.com\/index.php?rest_route=%2Fwp%2Fv2%2Fcategories&post=15225"},{"taxonomy":"post_tag","embeddable":true,"href":"https:\/\/www.manologarciaycia.com\/index.php?rest_route=%2Fwp%2Fv2%2Ftags&post=15225"}],"curies":[{"name":"wp","href":"https:\/\/api.w.org\/{rel}","templated":true}]}}