{"id":15181,"date":"2016-05-29T09:06:00","date_gmt":"2016-05-29T07:06:00","guid":{"rendered":"http:\/\/www.manologarciaycia.com\/?p=15181"},"modified":"2016-05-31T10:25:45","modified_gmt":"2016-05-31T08:25:45","slug":"manolo-garcia-sevilla-2852016-cronica-del-concierto","status":"publish","type":"post","link":"https:\/\/www.manologarciaycia.com\/?p=15181","title":{"rendered":"Manolo Garc\u00eda, Sevilla 28\/5\/2016. Cr\u00f3nica del concierto."},"content":{"rendered":"<p>Sevilla &#8211; 28\/5\/2016 &#8211; <strong>Jose \u00c1ngel Lucena<\/strong><\/p>\n<p>Amaneci\u00f3 clemente el d\u00eda, dando la tregua necesaria para que la dureza del sol del sur fuera soportable.<\/p>\n<p>Las inmediaciones del auditorio fueron sembr\u00e1ndose de ilusi\u00f3n y canciones desde muy temprano. El d\u00eda llegaba cargado de ilusi\u00f3n.<\/p>\n<p>Suavemente, algo m\u00e1s all\u00e1 de las 9:30, los \u00faltimos destellos anaranjados se filtraron dulces entre las hojas de los \u00e1rboles de la avenida de los descubrimientos, nombre a todas luces premonitorio.<\/p>\n<p>Ver una masa de esas proporciones congregada bajo la consigna de <strong>Todo es Ahora,<\/strong> es algo que deja sin aliento.<\/p>\n<p>Un ronroneo de guitarras entre focos y siluetas despert\u00f3 la inquietud que dio paso a la euforia. El perfil de Manolo, est\u00e1tico canalizando la energ\u00eda creciente del recinto. Manos en paralelo al cuerpo, cabeza erguida. En un bosque vegetal, que alerta, esperaba la se\u00f1al y el despertar magn\u00e9tico y luminoso; la primera fase deton\u00f3 las ganas de disfrutar. De nuevo la Estaci\u00f3n Garc\u00eda,\u00a0 esplendida y audaz,\u00a0 desplegaba sus ansias de vida.<\/p>\n<p>Tema a tema fueron cayendo los p\u00e9talos de luz que un d\u00eda Manolo extrajo del secreto de sus bolsillos. Una cuidada selecci\u00f3n entre los que destacan la dulzura de <strong>Un Alma de Papel<\/strong> o ese tremendo <strong>Caminar\u00e9,<\/strong> consigna vitalista donde las haya \u201cPorque se me escora en la espera\u2026\u201d. <strong>Campanas de Libertad<\/strong> floreci\u00f3 rotunda con todo el potencial de las m\u00e1gicas guitarras y subyugada por una perfecta percusi\u00f3n.<\/p>\n<p>Un peque\u00f1o descenso nos llevar\u00eda a la segunda parte. Tiempos medidos, escenograf\u00eda perfecta, iluminaci\u00f3n deslumbrante. De nuevo respetuosa y arm\u00f3nica En el Batir de Los Mares con sus dulces requiebros inici\u00f3 la marcha del concierto. Zapatero convirti\u00f3 en estatuas de sal a m\u00e1s de uno ante tanta belleza. No est\u00e9s triste como contrapunto a la nostalgia e himno imborrable.<\/p>\n<p>El auditorio Rocio Jurado abrazado por dos lenguas de rio, en su sue\u00f1o de isla, congrego La C\u00e1diz fenicia, la Sevilla mora y esa C\u00f3rdoba con su mezquita, al ritmo tropical de <strong>Para que no se duerman mis sentidos<\/strong> hablando la lengua de los poetas andaluces.<\/p>\n<p>Ya no hay canciones menores. Ya no hay pensamientos, ni cuerpos que nos retengan. <strong>Vendr\u00e1n D\u00edas<\/strong> abri\u00f3 un estanque en el que sumergir el alma y Rosa de Alejandr\u00eda, la emoci\u00f3n de encontrar refugio.<\/p>\n<p>Siempre, en cada concierto, me gusta mirar alrededor, abstraerme del espect\u00e1culo y comprobar que la comuni\u00f3n es perfecta. La conexi\u00f3n con el artista y la complicidad que un p\u00fablico ajeno al tiempo, desprovisto de preocupaciones, desnudo de problemas, bebe a tragos la felicidad.<\/p>\n<p>Y despu\u00e9s <strong>Levedad<\/strong> desat\u00f3 la locura, la valent\u00eda de un compositor que es capaz de escribir a algo tan patente y duro como la levedad, la Insoportable Levedad del Ser. Como Una danza tribal e hipn\u00f3tica porque somos levedad, s\u00f3lo levedad.<\/p>\n<p>La noche se estremeci\u00f3 y con emoci\u00f3n y resignaci\u00f3n afrontamos el \u00faltimo tramo del concierto.<\/p>\n<p><strong>Llanto de Pasi\u00f3n<\/strong> hizo florecer gargantas que rompieron su silencio para volver a ser. Insurrecci\u00f3n, eterno canto al inconformismo, desat\u00f3 la euforia.<\/p>\n<p>De los m\u00e1rgenes del r\u00edo fueron emergiendo 33 estrellas refulgentes entre la ferocidad y la fronda.<\/p>\n<p>El inevitable final lleg\u00f3 con las dos bandas abrazadas en un apote\u00f3sico <strong>a San Fernando<\/strong>. Armon\u00edas multiplicadas hasta el infinito. Magia desbordada y alegr\u00eda flotando sobre nuestras cabezas como una legi\u00f3n de farolillos chinos que se elevan al cielo. Almas que destellan, mecidas por la melod\u00eda de las palabras al lento ritmo de los sue\u00f1os.<\/p>\n<p>Como dice el maestro Sabina \u201cMe he dejado el coraz\u00f3n en Sevilla\u201d y creo que no fui el \u00fanico.<\/p>\n<p>J.A. Lucena<\/p>\n<p>&nbsp;<\/p>\n","protected":false},"excerpt":{"rendered":"<p>Sevilla &#8211; 28\/5\/2016 &#8211; Jose \u00c1ngel Lucena Amaneci\u00f3 clemente el d\u00eda, dando la tregua necesaria para que la dureza del sol del sur fuera soportable. Las inmediaciones del auditorio fueron sembr\u00e1ndose de ilusi\u00f3n y canciones desde muy temprano. El d\u00eda llegaba cargado de ilusi\u00f3n. Suavemente, algo m\u00e1s all\u00e1 de las 9:30, los \u00faltimos destellos anaranjados<a class=\"moretag\" href=\"https:\/\/www.manologarciaycia.com\/?p=15181\" title=\"Manolo Garc\u00eda, Sevilla 28\/5\/2016. Cr\u00f3nica del concierto.\" target=\"_self\" rel=\"follow\"> <font face=arial size=2>[Leer m\u00e1s]<\/font> <\/a><\/p>\n","protected":false},"author":2,"featured_media":15229,"comment_status":"closed","ping_status":"closed","sticky":false,"template":"","format":"standard","meta":{"footnotes":""},"categories":[1],"tags":[],"class_list":["post-15181","post","type-post","status-publish","format-standard","has-post-thumbnail","hentry","category-manolo-garcia"],"_links":{"self":[{"href":"https:\/\/www.manologarciaycia.com\/index.php?rest_route=\/wp\/v2\/posts\/15181","targetHints":{"allow":["GET"]}}],"collection":[{"href":"https:\/\/www.manologarciaycia.com\/index.php?rest_route=\/wp\/v2\/posts"}],"about":[{"href":"https:\/\/www.manologarciaycia.com\/index.php?rest_route=\/wp\/v2\/types\/post"}],"author":[{"embeddable":true,"href":"https:\/\/www.manologarciaycia.com\/index.php?rest_route=\/wp\/v2\/users\/2"}],"replies":[{"embeddable":true,"href":"https:\/\/www.manologarciaycia.com\/index.php?rest_route=%2Fwp%2Fv2%2Fcomments&post=15181"}],"version-history":[{"count":1,"href":"https:\/\/www.manologarciaycia.com\/index.php?rest_route=\/wp\/v2\/posts\/15181\/revisions"}],"predecessor-version":[{"id":15183,"href":"https:\/\/www.manologarciaycia.com\/index.php?rest_route=\/wp\/v2\/posts\/15181\/revisions\/15183"}],"wp:featuredmedia":[{"embeddable":true,"href":"https:\/\/www.manologarciaycia.com\/index.php?rest_route=\/wp\/v2\/media\/15229"}],"wp:attachment":[{"href":"https:\/\/www.manologarciaycia.com\/index.php?rest_route=%2Fwp%2Fv2%2Fmedia&parent=15181"}],"wp:term":[{"taxonomy":"category","embeddable":true,"href":"https:\/\/www.manologarciaycia.com\/index.php?rest_route=%2Fwp%2Fv2%2Fcategories&post=15181"},{"taxonomy":"post_tag","embeddable":true,"href":"https:\/\/www.manologarciaycia.com\/index.php?rest_route=%2Fwp%2Fv2%2Ftags&post=15181"}],"curies":[{"name":"wp","href":"https:\/\/api.w.org\/{rel}","templated":true}]}}