{"id":15162,"date":"2016-05-28T08:19:56","date_gmt":"2016-05-28T06:19:56","guid":{"rendered":"http:\/\/www.manologarciaycia.com\/?p=15162"},"modified":"2016-05-28T08:19:56","modified_gmt":"2016-05-28T06:19:56","slug":"comunicado-del-auditorio-sobre-la-no-cancelacion-del-concierto-manolo-garcia-sevilla-por-cuestiones-metereologicas","status":"publish","type":"post","link":"https:\/\/www.manologarciaycia.com\/?p=15162","title":{"rendered":"Comunicado del auditorio sobre la no cancelaci\u00f3n del concierto Manolo Garc\u00eda, Sevilla, por cuestiones metereol\u00f3gicas"},"content":{"rendered":"<p><img decoding=\"async\" src=\"https:\/\/pbs.twimg.com\/media\/Cje_pw3WgAA9eUO.jpg\" \/><\/p>\n","protected":false},"excerpt":{"rendered":"","protected":false},"author":2,"featured_media":0,"comment_status":"closed","ping_status":"closed","sticky":false,"template":"","format":"standard","meta":{"footnotes":""},"categories":[1],"tags":[],"class_list":["post-15162","post","type-post","status-publish","format-standard","hentry","category-manolo-garcia"],"_links":{"self":[{"href":"https:\/\/www.manologarciaycia.com\/index.php?rest_route=\/wp\/v2\/posts\/15162","targetHints":{"allow":["GET"]}}],"collection":[{"href":"https:\/\/www.manologarciaycia.com\/index.php?rest_route=\/wp\/v2\/posts"}],"about":[{"href":"https:\/\/www.manologarciaycia.com\/index.php?rest_route=\/wp\/v2\/types\/post"}],"author":[{"embeddable":true,"href":"https:\/\/www.manologarciaycia.com\/index.php?rest_route=\/wp\/v2\/users\/2"}],"replies":[{"embeddable":true,"href":"https:\/\/www.manologarciaycia.com\/index.php?rest_route=%2Fwp%2Fv2%2Fcomments&post=15162"}],"version-history":[{"count":1,"href":"https:\/\/www.manologarciaycia.com\/index.php?rest_route=\/wp\/v2\/posts\/15162\/revisions"}],"predecessor-version":[{"id":15163,"href":"https:\/\/www.manologarciaycia.com\/index.php?rest_route=\/wp\/v2\/posts\/15162\/revisions\/15163"}],"wp:attachment":[{"href":"https:\/\/www.manologarciaycia.com\/index.php?rest_route=%2Fwp%2Fv2%2Fmedia&parent=15162"}],"wp:term":[{"taxonomy":"category","embeddable":true,"href":"https:\/\/www.manologarciaycia.com\/index.php?rest_route=%2Fwp%2Fv2%2Fcategories&post=15162"},{"taxonomy":"post_tag","embeddable":true,"href":"https:\/\/www.manologarciaycia.com\/index.php?rest_route=%2Fwp%2Fv2%2Ftags&post=15162"}],"curies":[{"name":"wp","href":"https:\/\/api.w.org\/{rel}","templated":true}]}}