{"id":15143,"date":"2016-05-27T11:28:45","date_gmt":"2016-05-27T09:28:45","guid":{"rendered":"http:\/\/www.manologarciaycia.com\/?p=15143"},"modified":"2016-05-27T11:29:56","modified_gmt":"2016-05-27T09:29:56","slug":"manolo-garcia-exuberancia-de-libertad","status":"publish","type":"post","link":"https:\/\/www.manologarciaycia.com\/?p=15143","title":{"rendered":"Manolo Garc\u00eda: exuberancia de libertad"},"content":{"rendered":"<div class=\"noticia-firma\">\n<div class=\"noticia-firma__tags\">\n<p><img loading=\"lazy\" decoding=\"async\" class=\"image aligncenter\" src=\"http:\/\/valenciaplaza.com\/public\/Image\/2016\/5\/manologarcia_113_NoticiaAmpliada.jpg\" alt=\"\" width=\"768\" height=\"512\" \/>Foto: EVA M\u00c1\u00d1EZ<\/p>\n<\/div>\n<\/div>\n<div class=\"noticia-contenido\">\n<figure class=\"block-image\"><figcaption class=\"block-image__footer\">\u00a0<\/figcaption><\/figure>\n<div class=\"noticia__contenido\">\n<div class=\"html-content\">\n<p class=\"selectionShareable\">VALENCIA. <strong>Manolo Garc\u00eda<\/strong>\u00a0colg\u00f3 las guantes del rock de estadio en 2009 y, desde entonces, dos giras por teatros y auditorios hab\u00edan bastado para saciarle. Era tambi\u00e9n<strong>exuberancia de libertad<\/strong>, de quien puede seguir haciendo girar la rueda, pero acusa el signo de los d\u00edas: en lo personal -hasta para un poeta de tanto calado- <strong>la horquilla alejado del ba\u00f1o de masas abarca desde su entrada en la cincuentena hasta cumplir 60 &#8216;tacos&#8217;<\/strong>.<\/p>\n<p class=\"selectionShareable\">La movilidad creativa a la que su carrera le ha dado acceso marc\u00f3 estos tiempos. Le invit\u00f3 a catalizar un vasto y popular cancionero hasta espacios sonoros abarcables. De alguna manera, quien acud\u00eda a estos conciertos, de asiento y sonido acolchado, parec\u00eda entender que al artista le inquietaba controlar cada matiz sonoro de una carrera en solitario tan notable como la que le hab\u00eda precedido. Parec\u00eda tambi\u00e9n la necesidad de provocar un contacto m\u00e1s pr\u00f3ximo con sus \u00faltimos discos,\u00a0<em>Todo es ahora<\/em>, del 2014, y <em>Los d\u00edas intactos<\/em>, del 2011.<\/p>\n<h4>La vuelta al circuito de grandes conciertos<\/h4>\n<div>\n<p><img decoding=\"async\" class=\"fr-fin fr-dib aligncenter\" title=\"Foto: EVA M\u00c1\u00d1EZ\" src=\"http:\/\/valenciaplaza.com\/public\/Image\/2016\/5\/manologarcia_087_NoticiaAmpliada.jpg\" alt=\"Foto: EVA M\u00c1\u00d1EZ\" \/><\/p>\n<div class=\"noticia__contenido-piefoto\">Foto: EVA M\u00c1\u00d1EZ<\/div>\n<\/div>\n<p class=\"selectionShareable\">Pero el poeta, el pintor, un &#8216;letrista&#8217; esencial durante casi tres d\u00e9cadas, se saci\u00f3 para sorpresa de muchos. Hace tan solo unos meses se sacudi\u00f3 los fantasmas y lanz\u00f3 la gigantesca gira en la que se haya inmerso, no sin antes dar una oportunidad de hora para los nost\u00e1lgicos de Los Burros y Los R\u00e1pidos, formaciones primigenias de El \u00daltimo de la Fila. Con Quimi Portet sobre el escenario, en estos directos contados, se escaparon al menos media docena de las canciones que ya nadie esperaba volver a escuchar brotando de sus voces y manos.<\/p>\n<p class=\"selectionShareable\">Consumidos esos pocos y selectivos cartuchos, Garc\u00eda se enrol\u00f3 en la\u00a0gira de <em>Todo es ahora<\/em>\u00a0con una primera tanda de conciertos &#8216;a dos bandas&#8217;, con 15 m\u00fasicos y un men\u00fa de m\u00e1s de tres horas de rock en directo. La primera mitad, para repasar los dos ya citados y \u00faltimos \u00e1lbumes en soltario. La segunda, para revivir el deleite del cancionero de Garc\u00eda desde <em>Arena en los bolsillos <\/em>(1998) con la &#8216;Insurrecci\u00f3n&#8217; como licencia de sedienta necesidad.<\/p>\n<h4>Garc\u00eda arras\u00f3 en Valencia<\/h4>\n<div>\n<p><img decoding=\"async\" class=\"fr-fin fr-dib aligncenter\" title=\"Foto: EVA M\u00c1\u00d1EZ\" src=\"http:\/\/valenciaplaza.com\/public\/Image\/2016\/5\/manologarcia_043_NoticiaAmpliada.jpg\" alt=\"Foto: EVA M\u00c1\u00d1EZ\" \/><\/p>\n<div class=\"noticia__contenido-piefoto\">Foto: EVA M\u00c1\u00d1EZ<\/div>\n<\/div>\n<p class=\"selectionShareable\">Colgando el cartel de &#8216;no hay entradas&#8217; en cada una de las ciudades, Garc\u00eda lleg\u00f3 este jueves a Valencia\u00a0<strong>tras llenar en Barcelona<\/strong>\u00a0(15.000 personas)\u00a0<strong>y Madrid<\/strong>\u00a0(14.000)\u00a0<strong>actuando el mismo d\u00eda que Bruces Springsteen en ambas capitales<\/strong>. En Valencia -y antes fueron M\u00e1laga, Bilbao, Zaragoza y Gij\u00f3n- super\u00f3 las 8.000 localidades, el l\u00edmite del aforo en la Plaza de Toros para este tipo de conciertos. En \u00e9l, con una producci\u00f3n como pocas se recuerdan entre los habituales del coso (nueve trailers y un despliegue t\u00e9cnico -y floral- al alcance de contados en Espa\u00f1a), Garc\u00eda desparram\u00f3 sobre su audiencia una aut\u00e9ntica exuberancia de libertad.<\/p>\n<p class=\"selectionShareable\">El de Poblenou alete\u00f3 las canciones de sus dos \u00faltimos \u00e1lbumes con una banda de excepci\u00f3n: los m\u00fasicos de\u00a0la escena neoyorquina con los que grab\u00f3 su \u00faltimo\u00a0<em>Todo es ahora<\/em>\u00a0(que da nombre a la gira):\u00a0<strong>Gerry Leonard<\/strong>\u00a0(guitarra),\u00a0<strong>Zachary Alford<\/strong>\u00a0(bater\u00eda) y\u00a0<strong>Jack Daley<\/strong>\u00a0(bajo) y\u00a0<strong>Mark Goldenberg<\/strong>, este \u00faltimo, guitarrista californiano que colabor\u00f3 en\u00a0<em>Los d\u00edas intactos<\/em>. Artistas\u00a0que cuentan en sus curr\u00edculums el haber sido part\u00edcipes del sonido de David Bowie, Lenny Kravitz, Bruce Springsteen, John Lennon y un largo etc\u00e9tera.<\/p>\n<div>\n<p><img decoding=\"async\" class=\"fr-fin fr-dib aligncenter\" title=\"Foto: EVA M\u00c1\u00d1EZ\" src=\"http:\/\/valenciaplaza.com\/public\/Image\/2016\/5\/manologarcia_022_NoticiaAmpliada.jpg\" alt=\"Foto: EVA M\u00c1\u00d1EZ\" \/><\/p>\n<div class=\"noticia__contenido-piefoto\">Foto: EVA M\u00c1\u00d1EZ<\/div>\n<\/div>\n<p class=\"selectionShareable\">La audiencia, entre la que fue grato descubrir a un gran n\u00famero de menores acompa\u00f1ando a sus padres -y hasta alg\u00fan abuelo-, disfrut\u00f3 con ellos de canciones como &#8216;Canci\u00f3n del solitario que se reconcili\u00f3 con el mundo&#8217;, &#8216;Lo quiero todo&#8217; o &#8216;Un alma de papel&#8217;. Pero fueron &#8216;Sombra de la sombra de tu sombrero&#8217;, &#8216;Caminar\u00e9&#8217; o &#8216;Es mejor sentir&#8217; las que acabaron por destapar la conexi\u00f3n entre los americanos, Garc\u00eda y el respetable. El vocalista y compositor pele\u00f3 cada resuello musical, en cada espacio en el que las capas de la instrumentaci\u00f3n se relajaban. Conect\u00f3 con cada inicio y final de canci\u00f3n, celebrando algunas de ellas como goles, insaciable en este inicio y durante las m\u00e1s de tres horas de recital. Entre la euforia se dio espacio para un par de arengas, en apenas unos segundos, una de ellas para celebrar las diferencias \u00abde culturas, lengua o raza. Pedimos respeto\u00bb; la segunda, para denunciar el desamparo de familiares y aquejados de enfermedades raras, \u00abmientras construimos aeropuertos a los que no va nadie\u00bb. Y remat\u00f3 :\u00bbal\u00a0que tiene, que pague m\u00e1s que nadie,\u00a0y si se lo lleva\u00a0fuera, a la puta\u00a0calle\u00bb.<\/p>\n<div>\n<p><img decoding=\"async\" class=\"fr-fin fr-dib aligncenter\" title=\"Foto: EVA M\u00c1\u00d1EZ\" src=\"http:\/\/valenciaplaza.com\/public\/Image\/2016\/5\/manologarcia_080_NoticiaAmpliada.jpg\" alt=\"Foto: EVA M\u00c1\u00d1EZ\" \/><\/p>\n<div class=\"noticia__contenido-piefoto\">Foto: EVA M\u00c1\u00d1EZ<\/div>\n<\/div>\n<p class=\"selectionShareable\">En la segunda parte, Garc\u00eda recupera sus mejores canciones -un sinf\u00edn encadenado, sin concesiones- con\u00a0<strong>Charly Sard\u00e0<\/strong>\u00a0(bater\u00eda),\u00a0<strong>I\u00f1igo Goldaracena<\/strong>\u00a0(bajo),<strong>Ricardo Mar\u00edn<\/strong>\u00a0y\u00a0<strong>Albert Serrano<\/strong>\u00a0(guitarras),\u00a0<strong>V\u00edctor Iniesta\u00a0<\/strong>(guitarra espa\u00f1ola)\u00a0<strong>Juan Carlos\u00a0Garc\u00eda\u00a0<\/strong>(teclados, percusi\u00f3n y voces),\u00a0<strong>Alvaro Gand\u00fal<\/strong>\u00a0(teclados),\u00a0<strong>Olvido Lanza<\/strong>\u00a0(viol\u00edn),\u00a0<strong>Mone Teruel<\/strong>\u00a0y\u00a0<strong>Susanna Ribalta<\/strong>\u00a0(voces).<\/p>\n<p class=\"selectionShareable\">Con esta alineaci\u00f3n y una temperatura lacrim\u00f3gena en el ambiente, Garc\u00eda abri\u00f3 el segundo acto con &#8216;El batir de los mares&#8217;, para levantar definitivamente a todo el p\u00fablico -que ya no se volver\u00eda a sentar- con &#8216;Zapatero&#8217;. Agitar\u00edan los coros de las algo m\u00e1s de 8.000 personas &#8216;No est\u00e9s triste&#8217;, &#8216;Para que no se duerman mis sentidos&#8217; o &#8216;P\u00e1jaros de barro&#8217; y subir\u00edan todav\u00eda un escal\u00f3n m\u00e1s \u00a0&#8216;Carb\u00f3n y ramas secas&#8217;, &#8216;Rosa de Alejandr\u00eda&#8217; y &#8216;Prefiero el trapecio&#8217;. El \u00e9xtasis -que no por esperado perdi\u00f3 todo su sabor- lleg\u00f3 con &#8216;Insurrecci\u00f3n&#8217; y &#8216;A San Fernando&#8230;&#8217;. Al artista, tras varias despedidas, solo le rest\u00f3 espetar un par de \u00abirsus\u00bb, muy en el tono de humor y complicidad desplegados desde \u00abla alegr\u00eda\u00bb a la que hizo alusi\u00f3n a trav\u00e9s de sus letras y entre canciones.<\/p>\n<div>\n<p><img decoding=\"async\" class=\"fr-fin fr-dib aligncenter\" title=\"Foto: EVA M\u00c1\u00d1EZ\" src=\"http:\/\/valenciaplaza.com\/public\/Image\/2016\/5\/manologarcia_081_NoticiaAmpliada.jpg\" alt=\"Foto: EVA M\u00c1\u00d1EZ\" \/><\/p>\n<div class=\"noticia__contenido-piefoto\">Foto: EVA M\u00c1\u00d1EZ<\/div>\n<\/div>\n<p class=\"selectionShareable\">Este doble repertorio y doble banda irrepetibles solo volver\u00e1 a suceder este pr\u00f3ximo s\u00e1bado, 28 de mayo, en Sevilla. A partir de este Garc\u00eda contin\u00faa la gira reacondicionando el selector de canciones con su formaci\u00f3n habitual. Pasar\u00e1 el verano en\u00a0Mallorca (18 de junio), Badajoz (25 de junio), Tenerife (30 de junio), Telde (2 de julio), A Coru\u00f1a (8 de julio), Murcia (15 de julio), el festival Portaferrada de Sant Feliu de Gu\u00edxols (23 de julio) y el festival de m\u00fasicos en la naturaleza de Hoyos del Espino (\u00c1vila, 30 de julio).<\/p>\n<\/div>\n<p class=\"selectionShareable\">Fuente: Valencia Plaza &#8211; Eugenio Vi\u00f1as &#8211; <a href=\"http:\/\/valenciaplaza.com\/ciudadanos-pide-explicaciones-por-el-concierto-de-senior-en-la-feria-de-julio\" target=\"_blank\">ENLACE<\/a><\/p>\n<\/div>\n<\/div>\n","protected":false},"excerpt":{"rendered":"<p>Foto: EVA M\u00c1\u00d1EZ \u00a0 VALENCIA. Manolo Garc\u00eda\u00a0colg\u00f3 las guantes del rock de estadio en 2009 y, desde entonces, dos giras por teatros y auditorios hab\u00edan bastado para saciarle. Era tambi\u00e9nexuberancia de libertad, de quien puede seguir haciendo girar la rueda, pero acusa el signo de los d\u00edas: en lo personal -hasta para un poeta de<a class=\"moretag\" href=\"https:\/\/www.manologarciaycia.com\/?p=15143\" title=\"Manolo Garc\u00eda: exuberancia de libertad\" target=\"_self\" rel=\"follow\"> <font face=arial size=2>[Leer m\u00e1s]<\/font> <\/a><\/p>\n","protected":false},"author":2,"featured_media":15144,"comment_status":"closed","ping_status":"closed","sticky":false,"template":"","format":"standard","meta":{"footnotes":""},"categories":[1],"tags":[],"class_list":["post-15143","post","type-post","status-publish","format-standard","has-post-thumbnail","hentry","category-manolo-garcia"],"_links":{"self":[{"href":"https:\/\/www.manologarciaycia.com\/index.php?rest_route=\/wp\/v2\/posts\/15143","targetHints":{"allow":["GET"]}}],"collection":[{"href":"https:\/\/www.manologarciaycia.com\/index.php?rest_route=\/wp\/v2\/posts"}],"about":[{"href":"https:\/\/www.manologarciaycia.com\/index.php?rest_route=\/wp\/v2\/types\/post"}],"author":[{"embeddable":true,"href":"https:\/\/www.manologarciaycia.com\/index.php?rest_route=\/wp\/v2\/users\/2"}],"replies":[{"embeddable":true,"href":"https:\/\/www.manologarciaycia.com\/index.php?rest_route=%2Fwp%2Fv2%2Fcomments&post=15143"}],"version-history":[{"count":2,"href":"https:\/\/www.manologarciaycia.com\/index.php?rest_route=\/wp\/v2\/posts\/15143\/revisions"}],"predecessor-version":[{"id":15146,"href":"https:\/\/www.manologarciaycia.com\/index.php?rest_route=\/wp\/v2\/posts\/15143\/revisions\/15146"}],"wp:featuredmedia":[{"embeddable":true,"href":"https:\/\/www.manologarciaycia.com\/index.php?rest_route=\/wp\/v2\/media\/15144"}],"wp:attachment":[{"href":"https:\/\/www.manologarciaycia.com\/index.php?rest_route=%2Fwp%2Fv2%2Fmedia&parent=15143"}],"wp:term":[{"taxonomy":"category","embeddable":true,"href":"https:\/\/www.manologarciaycia.com\/index.php?rest_route=%2Fwp%2Fv2%2Fcategories&post=15143"},{"taxonomy":"post_tag","embeddable":true,"href":"https:\/\/www.manologarciaycia.com\/index.php?rest_route=%2Fwp%2Fv2%2Ftags&post=15143"}],"curies":[{"name":"wp","href":"https:\/\/api.w.org\/{rel}","templated":true}]}}