{"id":15127,"date":"2016-05-27T08:38:07","date_gmt":"2016-05-27T06:38:07","guid":{"rendered":"http:\/\/www.manologarciaycia.com\/?p=15127"},"modified":"2016-05-27T08:43:18","modified_gmt":"2016-05-27T06:43:18","slug":"valencia-se-deja-llevar-por-manolo-garcia","status":"publish","type":"post","link":"https:\/\/www.manologarciaycia.com\/?p=15127","title":{"rendered":"Valencia se deja llevar por Manolo Garc\u00eda + Galer\u00eda fotogr\u00e1fica"},"content":{"rendered":"<h2>El m\u00fasico llen\u00f3 la plaza de toros de Valencia en un concierto que empez\u00f3 a las 21:52<\/h2>\n<p>El m\u00fasico llen\u00f3 la plaza de toros de Valencia en un concierto que empez\u00f3 a las 21:52. Tras un v\u00eddeo con aires de Bu\u00f1uel en las pantallas sali\u00f3 un en\u00e9rgico Manolo Garc\u00eda que exclam\u00f3: \u00abLo m\u00e1s importante en la vida es, contra todo pron\u00f3stico, estar alegre\u00bb, dijo ante varios miles de personas absolutamente entregadas que corearon cada canci\u00f3n interpretada por el m\u00fasico barcelon\u00e9s, que recal\u00f3 ayer en Valencia den<\/p>\n<p>tro de su gira \u00abTodo es ahora\u00bb.<\/p>\n<p><img loading=\"lazy\" decoding=\"async\" class=\"aligncenter size-full wp-image-15129\" src=\"http:\/\/www.manologarciaycia.com\/wp-content\/uploads\/2016\/05\/LEMV_1.jpg\" alt=\"LEMV_1\" width=\"1000\" height=\"667\" srcset=\"https:\/\/www.manologarciaycia.com\/wp-content\/uploads\/2016\/05\/LEMV_1.jpg 1000w, https:\/\/www.manologarciaycia.com\/wp-content\/uploads\/2016\/05\/LEMV_1-500x334.jpg 500w, https:\/\/www.manologarciaycia.com\/wp-content\/uploads\/2016\/05\/LEMV_1-768x512.jpg 768w, https:\/\/www.manologarciaycia.com\/wp-content\/uploads\/2016\/05\/LEMV_1-695x464.jpg 695w, https:\/\/www.manologarciaycia.com\/wp-content\/uploads\/2016\/05\/LEMV_1-930x620.jpg 930w\" sizes=\"auto, (max-width: 1000px) 100vw, 1000px\" \/><\/p>\n<p><img loading=\"lazy\" decoding=\"async\" class=\"aligncenter size-full wp-image-15130\" src=\"http:\/\/www.manologarciaycia.com\/wp-content\/uploads\/2016\/05\/LEMV_2.jpg\" alt=\"LEMV_2\" width=\"1000\" height=\"667\" srcset=\"https:\/\/www.manologarciaycia.com\/wp-content\/uploads\/2016\/05\/LEMV_2.jpg 1000w, https:\/\/www.manologarciaycia.com\/wp-content\/uploads\/2016\/05\/LEMV_2-500x334.jpg 500w, https:\/\/www.manologarciaycia.com\/wp-content\/uploads\/2016\/05\/LEMV_2-768x512.jpg 768w, https:\/\/www.manologarciaycia.com\/wp-content\/uploads\/2016\/05\/LEMV_2-695x464.jpg 695w, https:\/\/www.manologarciaycia.com\/wp-content\/uploads\/2016\/05\/LEMV_2-930x620.jpg 930w\" sizes=\"auto, (max-width: 1000px) 100vw, 1000px\" \/><\/p>\n<p><img loading=\"lazy\" decoding=\"async\" class=\"aligncenter size-full wp-image-15131\" src=\"http:\/\/www.manologarciaycia.com\/wp-content\/uploads\/2016\/05\/LEMV_4.jpg\" alt=\"LEMV_4\" width=\"1000\" height=\"667\" srcset=\"https:\/\/www.manologarciaycia.com\/wp-content\/uploads\/2016\/05\/LEMV_4.jpg 1000w, https:\/\/www.manologarciaycia.com\/wp-content\/uploads\/2016\/05\/LEMV_4-500x334.jpg 500w, https:\/\/www.manologarciaycia.com\/wp-content\/uploads\/2016\/05\/LEMV_4-768x512.jpg 768w, https:\/\/www.manologarciaycia.com\/wp-content\/uploads\/2016\/05\/LEMV_4-695x464.jpg 695w, https:\/\/www.manologarciaycia.com\/wp-content\/uploads\/2016\/05\/LEMV_4-930x620.jpg 930w\" sizes=\"auto, (max-width: 1000px) 100vw, 1000px\" \/><\/p>\n<p>Fuente: Levante &#8211; EMV &#8211; ENLACE &#8211; M\u00e1s fotograf\u00edas:\u00a0<a href=\"http:\/\/www.levante-emv.com\/multimedia\/fotos\/cultura\/2016-05-26-61009-concierto-manolo-garcia-valencia.html\" target=\"_blank\">http:\/\/www.levante-emv.com\/multimedia\/fotos\/cultura\/2016-05-26-61009-concierto-manolo-garcia-valencia.html<\/a><\/p>\n","protected":false},"excerpt":{"rendered":"<p>El m\u00fasico llen\u00f3 la plaza de toros de Valencia en un concierto que empez\u00f3 a las 21:52 El m\u00fasico llen\u00f3 la plaza de toros de Valencia en un concierto que empez\u00f3 a las 21:52. Tras un v\u00eddeo con aires de Bu\u00f1uel en las pantallas sali\u00f3 un en\u00e9rgico Manolo Garc\u00eda que exclam\u00f3: \u00abLo m\u00e1s importante en<a class=\"moretag\" href=\"https:\/\/www.manologarciaycia.com\/?p=15127\" title=\"Valencia se deja llevar por Manolo Garc\u00eda + Galer\u00eda fotogr\u00e1fica\" target=\"_self\" rel=\"follow\"> <font face=arial size=2>[Leer m\u00e1s]<\/font> <\/a><\/p>\n","protected":false},"author":2,"featured_media":15132,"comment_status":"closed","ping_status":"closed","sticky":false,"template":"","format":"standard","meta":{"footnotes":""},"categories":[1],"tags":[],"class_list":["post-15127","post","type-post","status-publish","format-standard","has-post-thumbnail","hentry","category-manolo-garcia"],"_links":{"self":[{"href":"https:\/\/www.manologarciaycia.com\/index.php?rest_route=\/wp\/v2\/posts\/15127","targetHints":{"allow":["GET"]}}],"collection":[{"href":"https:\/\/www.manologarciaycia.com\/index.php?rest_route=\/wp\/v2\/posts"}],"about":[{"href":"https:\/\/www.manologarciaycia.com\/index.php?rest_route=\/wp\/v2\/types\/post"}],"author":[{"embeddable":true,"href":"https:\/\/www.manologarciaycia.com\/index.php?rest_route=\/wp\/v2\/users\/2"}],"replies":[{"embeddable":true,"href":"https:\/\/www.manologarciaycia.com\/index.php?rest_route=%2Fwp%2Fv2%2Fcomments&post=15127"}],"version-history":[{"count":3,"href":"https:\/\/www.manologarciaycia.com\/index.php?rest_route=\/wp\/v2\/posts\/15127\/revisions"}],"predecessor-version":[{"id":15134,"href":"https:\/\/www.manologarciaycia.com\/index.php?rest_route=\/wp\/v2\/posts\/15127\/revisions\/15134"}],"wp:featuredmedia":[{"embeddable":true,"href":"https:\/\/www.manologarciaycia.com\/index.php?rest_route=\/wp\/v2\/media\/15132"}],"wp:attachment":[{"href":"https:\/\/www.manologarciaycia.com\/index.php?rest_route=%2Fwp%2Fv2%2Fmedia&parent=15127"}],"wp:term":[{"taxonomy":"category","embeddable":true,"href":"https:\/\/www.manologarciaycia.com\/index.php?rest_route=%2Fwp%2Fv2%2Fcategories&post=15127"},{"taxonomy":"post_tag","embeddable":true,"href":"https:\/\/www.manologarciaycia.com\/index.php?rest_route=%2Fwp%2Fv2%2Ftags&post=15127"}],"curies":[{"name":"wp","href":"https:\/\/api.w.org\/{rel}","templated":true}]}}