{"id":15069,"date":"2016-05-22T13:27:40","date_gmt":"2016-05-22T11:27:40","guid":{"rendered":"http:\/\/www.manologarciaycia.com\/?p=15069"},"modified":"2016-05-22T13:33:15","modified_gmt":"2016-05-22T11:33:15","slug":"manolo-garcia-resiste-a-springsteen","status":"publish","type":"post","link":"https:\/\/www.manologarciaycia.com\/?p=15069","title":{"rendered":"Manolo Garc\u00eda resiste a Springsteen"},"content":{"rendered":"<h2 class=\"articulo-subtitulo\">\u2018Todo es ahora\u2019, la gira del artista, aterriza en Madrid y re\u00fane a 14.000 personas en el Barclaycard Center en la noche del concierto del Boss<\/h2>\n<p>No era una competici\u00f3n. Y, sin embargo, el acontecimiento de la noche del s\u00e1bado en Madrid ten\u00eda protagonista internacional: Bruce Springsteen. A la misma hora, no muy lejos del recital de The Boss, un artista espa\u00f1ol defend\u00eda al son de rock su puesto en la historia de la m\u00fasica patria. Manolo Garc\u00eda repite la haza\u00f1a que ya logr\u00f3 en Barcelonael domingo 15 de mayo, concierto en el que agot\u00f3, igual que en la capital, todas las localidades, coincidiendo tambi\u00e9n con el cicl\u00f3n Springteen. \u201cPodr\u00edais estar en cualquier otra parte, y hab\u00e9is elegido estar aqu\u00ed\u201d, agradeci\u00f3 a las 14.000 personas que lo acompa\u00f1aban en el recinto del Barclaycard Center en la cita madrile\u00f1a de la gira<em>Todo es ahora<\/em>.<\/p>\n<p>Con un auditorio m\u00e1s que favorable y una irrefrenable energ\u00eda que no disminuy\u00f3 ni un \u00e1pice durante tres horas, el m\u00fasico present\u00f3 en directo su \u00faltimo disco y rememor\u00f3 algunos de sus temas imprescindibles. \u201cEsto es muy dif\u00edcil de superar\u201d, grit\u00f3 a su p\u00fablico momentos antes de que empezaran a sonar los acordes de <em>Canci\u00f3n del solitario que se reconcili\u00f3 con el mundo.<\/em><\/p>\n<p><em>\u201c<\/em>T\u00fa me obligaste a sentirme bien en soledad. A bucear a una profundidad extra\u00f1a que me hac\u00eda sentir pez abisal. A miles de metros bajo la superficie de un mar de l\u00e1grimas\u2026\u201d. Poco m\u00e1s tuvo que cantar al artista barcelon\u00e9s de origen albacete\u00f1o para que el auditorio se rindiera a sus pies. Miles de tel\u00e9fonos m\u00f3viles listos. El show acababa de comenzar.<\/p>\n<p>Alternando canciones de sus dos \u00faltimos trabajos, <em>D\u00edas intactos<\/em> (2011) y <em>Todo es ahora<\/em> (2014), transcurri\u00f3 la primera parte del concierto. \u201cA veces se magnifica esto del rock &amp; roll, pero al final somos gente corriente intentando ser felices\u201d, exclam\u00f3 elex vocalista de El \u00daltimo de la Fila entre tema y tema.<\/p>\n<p>Tras el descanso, la nostalgia. Si el p\u00fablico se hab\u00eda venido abajo despu\u00e9s de hora y media de recital, no se not\u00f3. M\u00e1s bien al contrario. Ya casi nadie aguant\u00f3 en sus asientos. Empezando por <em>En el batir de los mares<\/em>, Manolo Garc\u00eda dedic\u00f3 la segunda parte de su espect\u00e1culo a recordar algunas pinceladas de su carrera, las m\u00e1s populares. \u201cUn ramillete de canciones que han dado sentido a mi vida y que me han librado de esa cadena de cosas malas que nos rodean\u201d, las defini\u00f3. En <em>Nunca el tiempo es perdido<\/em>, <em>Rosa de Alejandr\u00eda<\/em>, <em>Insurrecci\u00f3n<\/em> o <em>San Fernando<\/em>, apenas se oy\u00f3 su voz bajo los coros del gent\u00edo. Aument\u00f3 la energ\u00eda de los presentes, subi\u00f3 el tono reivindicativo. \u201cAnte las injusticias hay que unirse, as\u00ed no podr\u00e1n con nosotros. Que no se nos olvide que somos la base de la pir\u00e1mide que los aguanta\u201d, dispar\u00f3 como presentaci\u00f3n de<em>P\u00e1jaros de barro<\/em>. Despu\u00e9s, media hora de <em>bises<\/em> sin que se moviera un solo asistente, ni siquiera por las altas horas. Y un solemne mensaje de despedida. \u201cGracias en paz y libertad\u201d.<\/p>\n<p>Fuente: El\u00a0Pa\u00eds &#8211; Mar\u00eda Robert<\/p>\n","protected":false},"excerpt":{"rendered":"<p>\u2018Todo es ahora\u2019, la gira del artista, aterriza en Madrid y re\u00fane a 14.000 personas en el Barclaycard Center en la noche del concierto del Boss No era una competici\u00f3n. Y, sin embargo, el acontecimiento de la noche del s\u00e1bado en Madrid ten\u00eda protagonista internacional: Bruce Springsteen. A la misma hora, no muy lejos del<a class=\"moretag\" href=\"https:\/\/www.manologarciaycia.com\/?p=15069\" title=\"Manolo Garc\u00eda resiste a Springsteen\" target=\"_self\" rel=\"follow\"> <font face=arial size=2>[Leer m\u00e1s]<\/font> <\/a><\/p>\n","protected":false},"author":2,"featured_media":15055,"comment_status":"closed","ping_status":"closed","sticky":false,"template":"","format":"standard","meta":{"footnotes":""},"categories":[1],"tags":[],"class_list":["post-15069","post","type-post","status-publish","format-standard","has-post-thumbnail","hentry","category-manolo-garcia"],"_links":{"self":[{"href":"https:\/\/www.manologarciaycia.com\/index.php?rest_route=\/wp\/v2\/posts\/15069","targetHints":{"allow":["GET"]}}],"collection":[{"href":"https:\/\/www.manologarciaycia.com\/index.php?rest_route=\/wp\/v2\/posts"}],"about":[{"href":"https:\/\/www.manologarciaycia.com\/index.php?rest_route=\/wp\/v2\/types\/post"}],"author":[{"embeddable":true,"href":"https:\/\/www.manologarciaycia.com\/index.php?rest_route=\/wp\/v2\/users\/2"}],"replies":[{"embeddable":true,"href":"https:\/\/www.manologarciaycia.com\/index.php?rest_route=%2Fwp%2Fv2%2Fcomments&post=15069"}],"version-history":[{"count":1,"href":"https:\/\/www.manologarciaycia.com\/index.php?rest_route=\/wp\/v2\/posts\/15069\/revisions"}],"predecessor-version":[{"id":15070,"href":"https:\/\/www.manologarciaycia.com\/index.php?rest_route=\/wp\/v2\/posts\/15069\/revisions\/15070"}],"wp:featuredmedia":[{"embeddable":true,"href":"https:\/\/www.manologarciaycia.com\/index.php?rest_route=\/wp\/v2\/media\/15055"}],"wp:attachment":[{"href":"https:\/\/www.manologarciaycia.com\/index.php?rest_route=%2Fwp%2Fv2%2Fmedia&parent=15069"}],"wp:term":[{"taxonomy":"category","embeddable":true,"href":"https:\/\/www.manologarciaycia.com\/index.php?rest_route=%2Fwp%2Fv2%2Fcategories&post=15069"},{"taxonomy":"post_tag","embeddable":true,"href":"https:\/\/www.manologarciaycia.com\/index.php?rest_route=%2Fwp%2Fv2%2Ftags&post=15069"}],"curies":[{"name":"wp","href":"https:\/\/api.w.org\/{rel}","templated":true}]}}