{"id":15023,"date":"2016-05-18T17:20:17","date_gmt":"2016-05-18T15:20:17","guid":{"rendered":"http:\/\/www.manologarciaycia.com\/?p=15023"},"modified":"2016-05-18T17:20:54","modified_gmt":"2016-05-18T15:20:54","slug":"insurreccion-el-himno-contra-reloj-de-el-ultimo-de-la-fila","status":"publish","type":"post","link":"https:\/\/www.manologarciaycia.com\/?p=15023","title":{"rendered":"\u2018Insurrecci\u00f3n\u2019, el himno contra reloj de El \u00daltimo de la Fila"},"content":{"rendered":"<p>La imagen de ese videoclip parece un bodeg\u00f3n delirante: un hombre con aires de Dal\u00ed mirando al techo, una joven con unas gafas de sol estrafalarias y pajarita, un torero con melena Beatle, una mujer barbuda\u2026 todos ellos sentados a la mesa. Delante, unas ni\u00f1as juegan en el suelo a cualquier cosa y, en primer plano, ajenos a la surrealista escena, dos j\u00f3venes de pelo largo miran a la c\u00e1mara. Uno lleva una guitarra y el otro entona los primeros versos de un cl\u00e1sico del pop espa\u00f1ol: \u201c\u00bfD\u00f3nde estabas entonces, cuando tanto te necesit\u00e9?\u201d. Probablemente no hayan reconocido la escena del jugoso v\u00eddeo que acompa\u00f1a a la canci\u00f3n, pero seguro que bastan esas pocas palabras para saber de qu\u00e9 tema estamos hablando: <em>Insurrecci\u00f3n<\/em>, el gran \u00e9xito de <a href=\"http:\/\/elpais.com\/tag\/el_ultimo_la_fila\/a\/\">El \u00daltimo de la Fila<\/a>. Y el de factura m\u00e1s r\u00e1pida.<\/p>\n<p>En 1986, Manolo Garc\u00eda y Quimi Portet ya hab\u00edan probado fortuna con Los R\u00e1pidos y Los Burros, pero fue su tercera formaci\u00f3n la que cuaj\u00f3 de forma definitiva. Sucedi\u00f3 con su segundo disco, <em>Enemigos de lo ajeno<\/em>. Trabajaron el \u00e9l durante meses, atrincherados en un local que habitaban en un edificio industrial del barrio barcelon\u00e9s de Poblenou. All\u00ed establecieron su cuartel general, a pesar de la desconfianza de los due\u00f1os, para los que dos inquilinos de pelo largo y aspecto bohemio no supon\u00edan la mejor garant\u00eda. Pagando por adelantado para acabar con las suspicacias, se atrincheraron en su particular estudio, donde trabajaron a destajo para confeccionar su segundo elep\u00e9 como d\u00fao.<\/p>\n<div id=\"DvidInText\" class=\"stvidInText\">Madrugando Quimi y trasnochando Manolo, antagonistas en lo musical, pero complementarios en la creaci\u00f3n, continuamente se juntaban a a cruzar ideas, letras y melod\u00edas. Lograron una colecci\u00f3n bien interesante: <em>Aviones plateados, Soy un accidente, No me acostumbro, Mi patria en mis zapatos<\/em>\u2026 sin embargo, en la \u00faltima jornada de grabaci\u00f3n sent\u00edan que el disco se les quedaba corto. Apenas ten\u00edan tiempo de reacci\u00f3n, pero cuando menos lo esperaban, sucedi\u00f3 algo. Su guitarrista Marc Grau apareci\u00f3 de visita en el estudio, y Quimi qued\u00f3 fascinado por su guitarra de doce cuerdas. Al cogerla e improvisar con ella, surgi\u00f3 un <em>riff<\/em> espont\u00e1neo que les gust\u00f3. R\u00e1pidamente pidieron al t\u00e9cnico que lo grabase, y Manolo corri\u00f3 a buscarle la letra apropiada, escondi\u00e9ndose en el lugar m\u00e1s tranquilo del estudio. Adivinen cu\u00e1l: s\u00ed, el cuarto de ba\u00f1o.<\/div>\n<section id=\"sumario_1|foto\" class=\"sumario_foto izquierda\"><a name=\"sumario_1\"><\/a><\/p>\n<div class=\"sumario__interior\">\n<figure class=\"foto foto_w360\"><img loading=\"lazy\" decoding=\"async\" class=\"alignleft\" title=\"\u2018Insurrecci\u00f3n\u2019, el himno contra reloj de El \u00daltimo de la Fila\" src=\"http:\/\/ep01.epimg.net\/cultura\/imagenes\/2016\/05\/16\/actualidad\/1463397448_730082_1463397964_sumario_normal.jpg\" srcset=\" http:\/\/ep01.epimg.net\/cultura\/imagenes\/2016\/05\/16\/actualidad\/1463397448_730082_1463397964_sumario_normal_recorte1.jpg 720w , http:\/\/ep01.epimg.net\/cultura\/imagenes\/2016\/05\/16\/actualidad\/1463397448_730082_1463397964_sumario_normal.jpg 360w\" alt=\"\u2018Insurrecci\u00f3n\u2019, el himno contra reloj de El \u00daltimo de la Fila\" width=\"360\" height=\"360\" \/><\/figure>\n<div class=\"sumario-texto\"><\/div>\n<\/div>\n<\/section>\n<p>Mientras Quimi iba perge\u00f1ando la m\u00fasica sobre la marcha, Manolo escuchaba el ritmo y escrib\u00eda a toda prisa. Unas frases esbozadas fugazmente en el papel acabar\u00edan constituyendo uno de los cl\u00e1sicos m\u00e1s imbatibles del pop espa\u00f1ol, ese que cualquiera en su juventud ha gritado alguna vez a pleno pulm\u00f3n: \u201cBarras de bar, vertederos de amor. Os ense\u00f1\u00e9 mi trocito peor\u2026\u201d. En poco m\u00e1s de dos horas de estudio (seg\u00fan Quimi, les bast\u00f3 una) y en apenas dos minutos de canci\u00f3n, dieron vida a ese halc\u00f3n herido por las flechas de la incertidumbre y la insurrecci\u00f3n.<\/p>\n<p>Treinta a\u00f1os despu\u00e9s, a\u00fan les divierte contar las entra\u00f1as de la composici\u00f3n de aquel raudo himno. La versi\u00f3n original acababa con un <em>loop,<\/em> un ritmo repetido sin variaci\u00f3n, que grabaron sin bater\u00eda, apunta Quimi, y en cuanto a la letra, Manolo escoge entre su cartera de respuestas la que m\u00e1s le apetece, dependiendo de qui\u00e9n y cu\u00e1ndo le pregunte. Una de las que m\u00e1s ha trascendido es que la escribi\u00f3 como cr\u00edtica a la compa\u00f1\u00eda de discos, por racanearles el presupuesto para grabar el \u00e1lbum y obligarles a hacerlo en muy pocos d\u00edas, con poco m\u00e1s que un bocata y una cerveza para comer. Fue \u201cuna producci\u00f3n muy magra\u201d, recuerda el compositor.<\/p>\n<p>Cantada con furor sabe a venganza, pero sea cual sea el motivo que la origin\u00f3, la \u00fanica lectura real y universal de <em>Insurrecci\u00f3n<\/em> es concebirla como un grito a favor de la libertad. \u201cEs una historia de \u201cestoy hasta los cojones\u201d, y ah\u00ed iba nuestro mosqueo con la compa\u00f1\u00eda, con la sociedad\u2026\u201d, afirma Manolo Garc\u00eda. Una letra guerrera y popular que dej\u00f3 de ser suya para ser de todos. El pasado febrero volvieron a defenderla en directo, en la gira que les uni\u00f3 para rescatar el repertorio de sus dos primeros grupos. Otra gira tan feliz como aquellos tiempos bohemios, de videoclips surrealistas y canciones a vuelapluma, aferr\u00e1ndose a las musas que aparec\u00edan en el \u00faltimo minuto. Peque\u00f1as -y certeras- tretas para continuar en la brecha, que dec\u00edan entonces.<\/p>\n<p>Fuente: El Pais &#8211; Arancha Moreno &#8211; <a href=\"http:\/\/cultura.elpais.com\/cultura\/2016\/05\/16\/actualidad\/1463397448_730082.html\" target=\"_blank\">ENLACE<\/a><\/p>\n","protected":false},"excerpt":{"rendered":"<p>La imagen de ese videoclip parece un bodeg\u00f3n delirante: un hombre con aires de Dal\u00ed mirando al techo, una joven con unas gafas de sol estrafalarias y pajarita, un torero con melena Beatle, una mujer barbuda\u2026 todos ellos sentados a la mesa. Delante, unas ni\u00f1as juegan en el suelo a cualquier cosa y, en primer<a class=\"moretag\" href=\"https:\/\/www.manologarciaycia.com\/?p=15023\" title=\"\u2018Insurrecci\u00f3n\u2019, el himno contra reloj de El \u00daltimo de la Fila\" target=\"_self\" rel=\"follow\"> <font face=arial size=2>[Leer m\u00e1s]<\/font> <\/a><\/p>\n","protected":false},"author":2,"featured_media":15024,"comment_status":"closed","ping_status":"closed","sticky":false,"template":"","format":"standard","meta":{"footnotes":""},"categories":[1],"tags":[],"class_list":["post-15023","post","type-post","status-publish","format-standard","has-post-thumbnail","hentry","category-manolo-garcia"],"_links":{"self":[{"href":"https:\/\/www.manologarciaycia.com\/index.php?rest_route=\/wp\/v2\/posts\/15023","targetHints":{"allow":["GET"]}}],"collection":[{"href":"https:\/\/www.manologarciaycia.com\/index.php?rest_route=\/wp\/v2\/posts"}],"about":[{"href":"https:\/\/www.manologarciaycia.com\/index.php?rest_route=\/wp\/v2\/types\/post"}],"author":[{"embeddable":true,"href":"https:\/\/www.manologarciaycia.com\/index.php?rest_route=\/wp\/v2\/users\/2"}],"replies":[{"embeddable":true,"href":"https:\/\/www.manologarciaycia.com\/index.php?rest_route=%2Fwp%2Fv2%2Fcomments&post=15023"}],"version-history":[{"count":1,"href":"https:\/\/www.manologarciaycia.com\/index.php?rest_route=\/wp\/v2\/posts\/15023\/revisions"}],"predecessor-version":[{"id":15025,"href":"https:\/\/www.manologarciaycia.com\/index.php?rest_route=\/wp\/v2\/posts\/15023\/revisions\/15025"}],"wp:featuredmedia":[{"embeddable":true,"href":"https:\/\/www.manologarciaycia.com\/index.php?rest_route=\/wp\/v2\/media\/15024"}],"wp:attachment":[{"href":"https:\/\/www.manologarciaycia.com\/index.php?rest_route=%2Fwp%2Fv2%2Fmedia&parent=15023"}],"wp:term":[{"taxonomy":"category","embeddable":true,"href":"https:\/\/www.manologarciaycia.com\/index.php?rest_route=%2Fwp%2Fv2%2Fcategories&post=15023"},{"taxonomy":"post_tag","embeddable":true,"href":"https:\/\/www.manologarciaycia.com\/index.php?rest_route=%2Fwp%2Fv2%2Ftags&post=15023"}],"curies":[{"name":"wp","href":"https:\/\/api.w.org\/{rel}","templated":true}]}}