{"id":14959,"date":"2016-05-14T08:03:01","date_gmt":"2016-05-14T06:03:01","guid":{"rendered":"http:\/\/www.manologarciaycia.com\/?p=14959"},"modified":"2016-05-14T08:03:43","modified_gmt":"2016-05-14T06:03:43","slug":"manolo-garcia-llenara-el-parc-del-forum","status":"publish","type":"post","link":"https:\/\/www.manologarciaycia.com\/?p=14959","title":{"rendered":"Manolo Garc\u00eda llenar\u00e1 el Parc del F\u00f3rum"},"content":{"rendered":"<h2 class=\"subtitulo\">El cantante ha vendido 15.000 entradas con un concierto programado a la misma hora que el del &#8216;Boss&#8217;<\/h2>\n<p>En Barcelona hay p\u00fablico suficiente para que este s\u00e1bado, mientras 65.000 personas llenan el <strong>Camp Nou<\/strong> para escuchar a <strong>Bruce Springsteen<\/strong>, en el otro extremo de la Diagonal, en el<strong> Parc del F\u00f2rum<\/strong>, otras 15.000 hayan elegido escuchar a<strong> Manolo Garc\u00eda<\/strong>, en un concierto que tambi\u00e9n colg\u00f3 el cartel de completo.<\/p>\n<p>El cantante de Poblenou empez\u00f3 el pasado 16 de abril su gira <strong>&#8216;Todo es ahora&#8217;,<\/strong> en la que, tras dos giras en teatros y auditorios, ha vuelto a marcarse el reto de llenar grandes recintos por primera vez desde el a\u00f1o 2009, aun sin contar con un lanzamiento discogr\u00e1fico reciente: Garc\u00eda defender\u00e1 el repertorio de sus dos \u00faltimos discos,<strong> &#8216;Todo es ahora&#8217;,<\/strong> del 2014, y <strong>&#8216;Los d\u00edas intactos&#8217;<\/strong>, del 2011.<\/p>\n<p>La gira de Manolo Garc\u00eda tiene un primer tramo en el que le ha acompa\u00f1ado una doble formaci\u00f3n de m\u00fasicos. Tras M\u00e1laga, Bilbao, Zaragoza y Gij\u00f3n, el periplo proseguir\u00e1 este s\u00e1bado en Barcelona y a\u00fan llegar\u00e1 durante el resto del mes de mayo a Madrid, Valencia y Sevilla. En este formato ampliado, Manolo Garc\u00eda ofrece un doble concierto con una duraci\u00f3n de tres horas y la intervenci\u00f3n de 14 m\u00fasicos.<\/p>\n<h3>DOS BANDAS Y DOS REPERTORIOS<\/h3>\n<p>En la primera parte de su actuaci\u00f3n\u00a0saldr\u00e1\u00a0al escenario del F\u00f2rum para interpretar las canciones de sus dos \u00faltimos discos acompa\u00f1ado de los m\u00fasicos neoyorquinos con los que grab\u00f3 su \u00faltimo trabajo, los\u00a0guitarristas Gerry Leonard y Mark Goldenberg, el bater\u00eda Zachary Alford y\u00a0el bajo Jack Daley.<\/p>\n<p>En la segunda parte del concierto, Manolo Garc\u00eda interpretar\u00e1 canciones de sus anteriores trabajos en solitario acompa\u00f1ado de su banda habitual, compuesta por Charly Sard\u00e0\u00a0(bater\u00eda),\u00a0I\u00f1igo Goldaracena\u00a0(bajo),\u00a0Ricardo Mar\u00edn\u00a0y\u00a0Albert Serrano (guitarras),\u00a0V\u00edctor Iniesta\u00a0(guitarra espa\u00f1ola), Juan Carlos Garc\u00eda\u00a0(teclados, percusi\u00f3n y voces),\u00a0Alvaro Gand\u00fal\u00a0(teclados),\u00a0Olvido Lanza\u00a0(viol\u00edn) y\u00a0Mone Teruel\u00a0y\u00a0Susanna Ribalta(voces).<\/p>\n<p>El resto de la gira, con el cantante acompa\u00f1ado \u00fanicamente por esta \u00faltima formaci\u00f3n, tendr\u00e1 a lo largo de los meses de junio y julio otras ocho escalas, incluyendo Mallorca (18 de junio), Badajoz (25 de junio), Tenerife (30 de junio), Telde (2 de julio), A Coru\u00f1a (8 de julio), Murcia (15 de julio), el festival Portaferrada de Sant Feliu de Gu\u00edxols (23 de julio) y el festival de m\u00fasicos en la naturaleza de Hoyos del Espino (\u00c1vila, 30 de julio).<\/p>\n<p>Fuente: El Peri\u00f3dico &#8211; <a href=\"http:\/\/www.elperiodico.com\/es\/noticias\/ocio-y-cultura\/manolo-garcia-concierto-forum-5130074\" target=\"_blank\">ENLACE<\/a>\u00a0&#8211; Foto: Gus Alves<\/p>\n","protected":false},"excerpt":{"rendered":"<p>El cantante ha vendido 15.000 entradas con un concierto programado a la misma hora que el del &#8216;Boss&#8217; En Barcelona hay p\u00fablico suficiente para que este s\u00e1bado, mientras 65.000 personas llenan el Camp Nou para escuchar a Bruce Springsteen, en el otro extremo de la Diagonal, en el Parc del F\u00f2rum, otras 15.000 hayan elegido<a class=\"moretag\" href=\"https:\/\/www.manologarciaycia.com\/?p=14959\" title=\"Manolo Garc\u00eda llenar\u00e1 el Parc del F\u00f3rum\" target=\"_self\" rel=\"follow\"> <font face=arial size=2>[Leer m\u00e1s]<\/font> <\/a><\/p>\n","protected":false},"author":2,"featured_media":14961,"comment_status":"closed","ping_status":"closed","sticky":false,"template":"","format":"standard","meta":{"footnotes":""},"categories":[1],"tags":[],"class_list":["post-14959","post","type-post","status-publish","format-standard","has-post-thumbnail","hentry","category-manolo-garcia"],"_links":{"self":[{"href":"https:\/\/www.manologarciaycia.com\/index.php?rest_route=\/wp\/v2\/posts\/14959","targetHints":{"allow":["GET"]}}],"collection":[{"href":"https:\/\/www.manologarciaycia.com\/index.php?rest_route=\/wp\/v2\/posts"}],"about":[{"href":"https:\/\/www.manologarciaycia.com\/index.php?rest_route=\/wp\/v2\/types\/post"}],"author":[{"embeddable":true,"href":"https:\/\/www.manologarciaycia.com\/index.php?rest_route=\/wp\/v2\/users\/2"}],"replies":[{"embeddable":true,"href":"https:\/\/www.manologarciaycia.com\/index.php?rest_route=%2Fwp%2Fv2%2Fcomments&post=14959"}],"version-history":[{"count":1,"href":"https:\/\/www.manologarciaycia.com\/index.php?rest_route=\/wp\/v2\/posts\/14959\/revisions"}],"predecessor-version":[{"id":14962,"href":"https:\/\/www.manologarciaycia.com\/index.php?rest_route=\/wp\/v2\/posts\/14959\/revisions\/14962"}],"wp:featuredmedia":[{"embeddable":true,"href":"https:\/\/www.manologarciaycia.com\/index.php?rest_route=\/wp\/v2\/media\/14961"}],"wp:attachment":[{"href":"https:\/\/www.manologarciaycia.com\/index.php?rest_route=%2Fwp%2Fv2%2Fmedia&parent=14959"}],"wp:term":[{"taxonomy":"category","embeddable":true,"href":"https:\/\/www.manologarciaycia.com\/index.php?rest_route=%2Fwp%2Fv2%2Fcategories&post=14959"},{"taxonomy":"post_tag","embeddable":true,"href":"https:\/\/www.manologarciaycia.com\/index.php?rest_route=%2Fwp%2Fv2%2Ftags&post=14959"}],"curies":[{"name":"wp","href":"https:\/\/api.w.org\/{rel}","templated":true}]}}