{"id":14957,"date":"2016-05-13T16:56:40","date_gmt":"2016-05-13T14:56:40","guid":{"rendered":"http:\/\/www.manologarciaycia.com\/?p=14957"},"modified":"2016-05-13T16:58:19","modified_gmt":"2016-05-13T14:58:19","slug":"carmen-garcia-publica-nuevo-disco-en-solitario","status":"publish","type":"post","link":"https:\/\/www.manologarciaycia.com\/?p=14957","title":{"rendered":"Carmen Garc\u00eda publica nuevo disco en solitario"},"content":{"rendered":"<p><strong>Carmen Garc\u00eda<\/strong> publica su primer disco, que en realidad es <strong>el sexto.\u00a0<\/strong>Hasta ahora hab\u00eda participado en varias experiencias. As\u00ed fue pasando por Carmen Virus (\u2018<strong>Esp\u00edritu<\/strong> <strong>ansioso\u2019 <\/strong>y<strong> \u2018Ll\u00e9vame\u2019<\/strong>), Carmen <strong>(\u2018Carmen\u2019 <\/strong>y<strong> \u2018Escapas o s\u00f3lo caminas\u2019<\/strong>) y con Maine Coon nos dej\u00f3 <strong>\u2018Subiendo a los tejados\u2019. <\/strong><\/p>\n<p>Cinco buenos trabajos que le han servido para consolidar su capacidad como cantante y compositora, por lo que consider\u00f3 que hab\u00eda llegado el momento ideal para caminar sola, naciendo este proyecto personal y distinto que ahora presenta. El resultado de esta experiencia se llama <strong>\u2018Sid\u2019<\/strong>. Un t\u00edtulo m\u00e1s que apropiado&#8230;<\/p>\n<p><a href=\"http:\/\/www.manologarciaycia.com\/wp-content\/uploads\/2016\/05\/carmen-garc\u00eda0001-2.jpg\"><img loading=\"lazy\" decoding=\"async\" class=\"aligncenter size-large wp-image-14887\" src=\"http:\/\/www.manologarciaycia.com\/wp-content\/uploads\/2016\/05\/carmen-garc\u00eda0001-2-1024x1024.jpg\" alt=\"carmen garc\u00eda\" width=\"615\" height=\"615\" srcset=\"https:\/\/www.manologarciaycia.com\/wp-content\/uploads\/2016\/05\/carmen-garc\u00eda0001-2-1024x1024.jpg 1024w, https:\/\/www.manologarciaycia.com\/wp-content\/uploads\/2016\/05\/carmen-garc\u00eda0001-2-150x150.jpg 150w, https:\/\/www.manologarciaycia.com\/wp-content\/uploads\/2016\/05\/carmen-garc\u00eda0001-2-500x500.jpg 500w, https:\/\/www.manologarciaycia.com\/wp-content\/uploads\/2016\/05\/carmen-garc\u00eda0001-2-768x768.jpg 768w, https:\/\/www.manologarciaycia.com\/wp-content\/uploads\/2016\/05\/carmen-garc\u00eda0001-2-695x695.jpg 695w, https:\/\/www.manologarciaycia.com\/wp-content\/uploads\/2016\/05\/carmen-garc\u00eda0001-2-930x930.jpg 930w, https:\/\/www.manologarciaycia.com\/wp-content\/uploads\/2016\/05\/carmen-garc\u00eda0001-2.jpg 1500w\" sizes=\"auto, (max-width: 615px) 100vw, 615px\" \/><\/a><\/p>\n<p>Nueve composiciones propias con una canci\u00f3n<strong> (\u2018Habitaci\u00f3n de hotel\u2019)<\/strong> que se incluye en versi\u00f3n el\u00e9ctrica y versi\u00f3n ac\u00fastica, siendo de destacar que en la primera colabora <strong>Manolo Garc\u00eda<\/strong> poniendo voces, aunque su participaci\u00f3n no se limita a este tema, sino que tambi\u00e9n toca las guitarras en<strong> \u2018Lejos de todo\u2019<\/strong>. Y para completar el trabajo incluye una excelente adaptaci\u00f3n (hecha por ella misma) del tema \u2018Hurt\u2019 de Nine Inch Nails escrito por Trent Reznor.<\/p>\n<p>Carmen camina entre el rock y el pop con alg\u00fan que otro toque folkie e incluso un inquietante paseo por la psicodelia. Bases rotundas que dan a\u00fan m\u00e1s fuerza a unos temas con unas melod\u00edas muy bien definidas, porque en estos tiempos en que mucha gente se centra en la elaboraci\u00f3n de temas machacones que olvidan el aspecto mel\u00f3dico de la canci\u00f3n, ella cuida con esmero la melod\u00eda, aunque tambi\u00e9n utilice las potentes bases r\u00edtmicas de <strong>Pepe Bao <\/strong>al bajo y<strong> David Bao <\/strong>a la bater\u00eda. El disco se grab\u00f3 en los estudios Music Lan de Avinyonet de Puigvent\u00f2s (Figueres) con producci\u00f3n de<strong> Valen Nieto,<\/strong> que tambi\u00e9n se encarga de las guitarras ac\u00fasticas, las percusiones, los sintetizadores y los coros. El grupo de participantes en la grabaci\u00f3n se completa con las guitarras el\u00e9ctricas de<strong> V\u00edctor Valiente <\/strong>y <strong>Xavi Mur,<\/strong> que interviene en un par de temas.<\/p>\n<p>\u2018Sid\u201d es un disco valiente, en el que Carmen Garc\u00eda muestra su amplio universo musical que recibe variadas influencias bien asimiladas por esta inquieta mujer. Su experiencia de a\u00f1os le ha servido para ir absorbiendo m\u00fasicas y sonidos que ella ha ido pasando por su tamiz personal para crear un estilo propio f\u00e1cilmente identificable. Escribe adem\u00e1s textos muy interesantes en los que pueden aparecer la melancol\u00eda o la esperanza, d\u00e1ndose la circunstancia de que la cotidianidad y la imaginaci\u00f3n se dan la mano y conviven en esas letras cargadas de poes\u00eda.<\/p>\n<p>As\u00ed pues \u2018Sid\u2019 re\u00fane todos los ingredientes indispensables para crear una buena obra musical: canciones con melod\u00edas muy concretas, bases rotundas, arreglos muy apropiados y excelente interpretaci\u00f3n, rematando todo esto con unos textos po\u00e9ticos e inteligentes&#8230; \u00a1Qu\u00e9 m\u00e1s se puede pedir!<\/p>\n<p>Texto: Jos\u00e9 Mar\u00eda Esteban<\/p>\n<p><strong>Disco a la venta hoy 13 de Mayo:\u00a0En plataformas digitales: Spotify, iTunes, etc. Y en tiendas: Elcorte Ingl\u00e9s, MediaMarkt, Fnac Espa\u00f1a, etc.<\/strong><\/p>\n<p>Fuente: Carmen Garc\u00eda &#8211; Web Oficial: <a href=\"http:\/\/www.carmengarcia.net\" target=\"_blank\">http:\/\/www.carmengarcia.net<\/a>\u00a0&#8211; Facebook Oficial:\u00a0<a href=\"https:\/\/www.facebook.com\/Carmen-Garc\u00eda-m\u00fasico-352173114977966\/\" target=\"_blank\">https:\/\/www.facebook.com\/Carmen-Garc\u00eda-m\u00fasico-352173114977966\/<\/a><\/p>\n","protected":false},"excerpt":{"rendered":"<p>Carmen Garc\u00eda publica su primer disco, que en realidad es el sexto.\u00a0Hasta ahora hab\u00eda participado en varias experiencias. As\u00ed fue pasando por Carmen Virus (\u2018Esp\u00edritu ansioso\u2019 y \u2018Ll\u00e9vame\u2019), Carmen (\u2018Carmen\u2019 y \u2018Escapas o s\u00f3lo caminas\u2019) y con Maine Coon nos dej\u00f3 \u2018Subiendo a los tejados\u2019. Cinco buenos trabajos que le han servido para consolidar su<a class=\"moretag\" href=\"https:\/\/www.manologarciaycia.com\/?p=14957\" title=\"Carmen Garc\u00eda publica nuevo disco en solitario\" target=\"_self\" rel=\"follow\"> <font face=arial size=2>[Leer m\u00e1s]<\/font> <\/a><\/p>\n","protected":false},"author":2,"featured_media":14888,"comment_status":"closed","ping_status":"closed","sticky":false,"template":"","format":"standard","meta":{"footnotes":""},"categories":[24],"tags":[],"class_list":["post-14957","post","type-post","status-publish","format-standard","has-post-thumbnail","hentry","category-carmen-garcia"],"_links":{"self":[{"href":"https:\/\/www.manologarciaycia.com\/index.php?rest_route=\/wp\/v2\/posts\/14957","targetHints":{"allow":["GET"]}}],"collection":[{"href":"https:\/\/www.manologarciaycia.com\/index.php?rest_route=\/wp\/v2\/posts"}],"about":[{"href":"https:\/\/www.manologarciaycia.com\/index.php?rest_route=\/wp\/v2\/types\/post"}],"author":[{"embeddable":true,"href":"https:\/\/www.manologarciaycia.com\/index.php?rest_route=\/wp\/v2\/users\/2"}],"replies":[{"embeddable":true,"href":"https:\/\/www.manologarciaycia.com\/index.php?rest_route=%2Fwp%2Fv2%2Fcomments&post=14957"}],"version-history":[{"count":1,"href":"https:\/\/www.manologarciaycia.com\/index.php?rest_route=\/wp\/v2\/posts\/14957\/revisions"}],"predecessor-version":[{"id":14958,"href":"https:\/\/www.manologarciaycia.com\/index.php?rest_route=\/wp\/v2\/posts\/14957\/revisions\/14958"}],"wp:featuredmedia":[{"embeddable":true,"href":"https:\/\/www.manologarciaycia.com\/index.php?rest_route=\/wp\/v2\/media\/14888"}],"wp:attachment":[{"href":"https:\/\/www.manologarciaycia.com\/index.php?rest_route=%2Fwp%2Fv2%2Fmedia&parent=14957"}],"wp:term":[{"taxonomy":"category","embeddable":true,"href":"https:\/\/www.manologarciaycia.com\/index.php?rest_route=%2Fwp%2Fv2%2Fcategories&post=14957"},{"taxonomy":"post_tag","embeddable":true,"href":"https:\/\/www.manologarciaycia.com\/index.php?rest_route=%2Fwp%2Fv2%2Ftags&post=14957"}],"curies":[{"name":"wp","href":"https:\/\/api.w.org\/{rel}","templated":true}]}}