{"id":1495,"date":"2011-09-25T19:21:34","date_gmt":"2011-09-25T18:21:34","guid":{"rendered":"http:\/\/petaos.net\/?p=1495"},"modified":"2011-09-25T19:26:38","modified_gmt":"2011-09-25T18:26:38","slug":"mg-%c2%abes-mejor-divertirse-trabajando-que-trabajar-esperando-divertirse%c2%bb","status":"publish","type":"post","link":"https:\/\/www.manologarciaycia.com\/?p=1495","title":{"rendered":"MG: \u00abEs mejor divertirse trabajando que trabajar esperando divertirse\u00bb"},"content":{"rendered":"<p><span style=\"color: #383539; font-family: Verdana, Arial, Helvetica, sans-serif; line-height: 17px; \">Acab\u00f3 la gira en 2008 de &#8216;Saldremos a la lluvia&#8217; y, hasta ahora, apenas hemos sabido de \u00e9l. Pero este mes podemos dar por finalizado el barbecho, porque con la presentaci\u00f3n la pasada semana del single &#8216;Un giro teatral&#8217; Manolo Garc\u00eda vuelve a sembrar el panorama musical, si bien tendremos que aguardar hasta octubre para disfrutar plenamente de todo su arte<\/span><\/p>\n<p style=\"margin-top: 0em; margin-right: 0em; margin-bottom: 0.9em; margin-left: 0em; font-size: 1.1em; line-height: 1.25em; font-family: Verdana, Arial, Helvetica, sans-serif; color: #383539;\">Ser\u00e1 entonces cuando salgan a la venta tanto su nuevo disco, &#8216;Los d\u00edas perdidos&#8217;, como &#8216;El fruto de la rama m\u00e1s alta&#8217;, un libro editado por Temas de Hoy que recoge una buena selecci\u00f3n de poemas, fotograf\u00edas e ilustraciones in\u00e9ditas y las letras de su nuevo trabajo<\/p>\n<p style=\"margin-top: 0em; margin-right: 0em; margin-bottom: 0.9em; margin-left: 0em; font-size: 1.1em; line-height: 1.25em; font-family: Verdana, Arial, Helvetica, sans-serif; color: #383539;\">Pero como en la \u00e9poca de las descargas directas no se llevan las esperas, acudimos a la fuente, a ese anacoreta interior que confiesa su fascinaci\u00f3n por la playa y su pachanga \u00abpero desde la distancia\u00bb<\/p>\n<p style=\"margin-top: 0em; margin-right: 0em; margin-bottom: 0.9em; margin-left: 0em; font-size: 1.1em; line-height: 1.25em; font-family: Verdana, Arial, Helvetica, sans-serif; color: #383539;\">\n<p style=\"margin-top: 0em; margin-right: 0em; margin-bottom: 0.9em; margin-left: 0em; font-size: 1.1em; line-height: 1.25em; font-family: Verdana, Arial, Helvetica, sans-serif; color: #383539;\">Fuente:\u00a0<span style=\"text-transform: uppercase;\">PILAR MANZANARES (COLPISA)<\/span> | 25\/09\/2011 18:30 &#8211; Diari Tarragona &#8211;\u00a0<a href=\"http:\/\/www.diaridetarragona.com\/059924\/manolo\/garcia\/es\/mejor\/divertirse\/trabajando\/esperando\/divertirse\" target=\"_blank\">ENLACE<\/a><\/p>\n<p style=\"margin-top: 0em; margin-right: 0em; margin-bottom: 0.9em; margin-left: 0em; font-size: 1.1em; line-height: 1.25em; font-family: Verdana, Arial, Helvetica, sans-serif; color: #383539;\">\n<p style=\"margin-top: 0em; margin-right: 0em; margin-bottom: 0.9em; margin-left: 0em; font-size: 1.1em; line-height: 1.25em; font-family: Verdana, Arial, Helvetica, sans-serif; color: #383539;\"><strong>Acaba de terminar de grabar en los estudios Ocean Way de Los \u00c1ngeles su nuevo disco, \u00bfc\u00f3mo es \u00e9l?<\/strong><\/p>\n<p style=\"margin-top: 0em; margin-right: 0em; margin-bottom: 0.9em; margin-left: 0em; font-size: 1.1em; line-height: 1.25em; font-family: Verdana, Arial, Helvetica, sans-serif; color: #383539;\">Es el menos experimental y m\u00e1s rockero de mis discos y en \u00e9l me decanto especialmente por las guitarras de todo tipo. Hay tambi\u00e9n una pizca de iron\u00eda, toda la poes\u00eda que he podido meterle y una cantidad indeterminada de esp\u00edritu 15M que ya me viene de largo<\/p>\n<p style=\"margin-top: 0em; margin-right: 0em; margin-bottom: 0.9em; margin-left: 0em; font-size: 1.1em; line-height: 1.25em; font-family: Verdana, Arial, Helvetica, sans-serif; color: #383539;\"><span style=\"font-weight: bold;\">A la par, saldr\u00e1 a la venta &#8216;El fruto de la rama m\u00e1s alta&#8217;, un libro que muestra sus pinturas, su poes\u00eda, pensamientos que le definen\u00a0 \u00bfqu\u00e9 le da pie para tanto?<\/span><\/p>\n<p style=\"margin-top: 0em; margin-right: 0em; margin-bottom: 0.9em; margin-left: 0em; font-size: 1.1em; line-height: 1.25em; font-family: Verdana, Arial, Helvetica, sans-serif; color: #383539;\">La realidad que me rodea. Necesito comunicarme y compartir sensaciones. No me interesa el &#8216;t\u00fa te lo mereces&#8217;. En todo caso todos nos lo merecemos. Es una b\u00fasqueda de filias, aunque pueda sonar tonto, sensoriales y de complicidad en conceptos b\u00e1sicos. Una necesidad m\u00e1s o menos soterrada de amoralidad espiritual, de desenfreno vital<\/p>\n<p style=\"margin-top: 0em; margin-right: 0em; margin-bottom: 0.9em; margin-left: 0em; font-size: 1.1em; line-height: 1.25em; font-family: Verdana, Arial, Helvetica, sans-serif; color: #383539; font-weight: bold;\">Volviendo al disco, si &#8216;Saldremos a la lluvia&#8217; asentaba la esperanza, este nuevo \u00bfqu\u00e9 va a hacer con nosotros?<\/p>\n<p style=\"margin-top: 0em; margin-right: 0em; margin-bottom: 0.9em; margin-left: 0em; font-size: 1.1em; line-height: 1.25em; font-family: Verdana, Arial, Helvetica, sans-serif; color: #383539;\">De momento, ha asentado mi alegr\u00eda mientras lo hac\u00eda, lo cual significa que tengo alguna posibilidad de que transmita energ\u00eda a otros. Es algo que detecto porque como productor me he divertido mucho<\/p>\n<p style=\"margin-top: 0em; margin-right: 0em; margin-bottom: 0.9em; margin-left: 0em; font-size: 1.1em; line-height: 1.25em; font-family: Verdana, Arial, Helvetica, sans-serif; color: #383539; font-weight: bold;\">Eso de divertirse suena bastante bien<\/p>\n<p style=\"margin-top: 0em; margin-right: 0em; margin-bottom: 0.9em; margin-left: 0em; font-size: 1.1em; line-height: 1.25em; font-family: Verdana, Arial, Helvetica, sans-serif; color: #383539;\">Me parece que es mejor divertirse trabajando que trabajar esperando divertirse<\/p>\n<p style=\"margin-top: 0em; margin-right: 0em; margin-bottom: 0.9em; margin-left: 0em; font-size: 1.1em; line-height: 1.25em; font-family: Verdana, Arial, Helvetica, sans-serif; color: #383539; font-weight: bold;\">Como queda claro que la vanidad no le ha movido nunca, \u00bfpor qu\u00e9 le gusta tanto subirse a los escenarios?<\/p>\n<p style=\"margin-top: 0em; margin-right: 0em; margin-bottom: 0.9em; margin-left: 0em; font-size: 1.1em; line-height: 1.25em; font-family: Verdana, Arial, Helvetica, sans-serif; color: #383539;\">Tienen comunicaci\u00f3n inmediata, adrenalina bien administrada y puedes ver a la gente feliz. Eso engancha mucho<\/p>\n<p style=\"margin-top: 0em; margin-right: 0em; margin-bottom: 0.9em; margin-left: 0em; font-size: 1.1em; line-height: 1.25em; font-family: Verdana, Arial, Helvetica, sans-serif; color: #383539; font-weight: bold;\">La poes\u00eda solo puede reflejar verdades, y sus letras est\u00e1n llenas de poes\u00eda. Puestos a ello, \u00bfes su modo de contribuir a un mundo mejor, su manera de conectar ?<\/p>\n<p style=\"margin-top: 0em; margin-right: 0em; margin-bottom: 0.9em; margin-left: 0em; font-size: 1.1em; line-height: 1.25em; font-family: Verdana, Arial, Helvetica, sans-serif; color: #383539;\">Es mi manera de desconectar, en principio, pero r\u00e1pidamente les voy encontrado otras utilidades. Ya se sabe que los artistas no solucionan los problemas del mundo, pero seguro que lo hacen m\u00e1s habitable<\/p>\n<p style=\"margin-top: 0em; margin-right: 0em; margin-bottom: 0.9em; margin-left: 0em; font-size: 1.1em; line-height: 1.25em; font-family: Verdana, Arial, Helvetica, sans-serif; color: #383539;\"><span style=\"font-weight: bold;\"> Si todo lo que tiene que decir est\u00e1 en sus canciones, \u00bfqu\u00e9 cuentan sus pinturas? <\/span><\/p>\n<p style=\"margin-top: 0em; margin-right: 0em; margin-bottom: 0.9em; margin-left: 0em; font-size: 1.1em; line-height: 1.25em; font-family: Verdana, Arial, Helvetica, sans-serif; color: #383539;\">Mundos paralelos, espacios para mi 4D que alguien podr\u00e1 inventar, pero que nunca tendr\u00e9 que comprar porque tengo el m\u00edo propio, el cual puedo ofrecer libre y gratuitamente por si alguien esta interesado<\/p>\n<p style=\"margin-top: 0em; margin-right: 0em; margin-bottom: 0.9em; margin-left: 0em; font-size: 1.1em; line-height: 1.25em; font-family: Verdana, Arial, Helvetica, sans-serif; color: #383539; font-weight: bold;\">\u00abLleno momentos componiendo canciones, pintando cuadros. Si no llenas los momentos ellos te llenan a ti. Y eso a veces es peor\u00bb, escribe en su libro. \u00bfQu\u00e9 significan esos momentos en su vida?<\/p>\n<p style=\"margin-top: 0em; margin-right: 0em; margin-bottom: 0.9em; margin-left: 0em; font-size: 1.1em; line-height: 1.25em; font-family: Verdana, Arial, Helvetica, sans-serif; color: #383539;\">Esos momentos son la magia de los d\u00edas. Razones de peso para querer seguir caminando a buen paso<\/p>\n<p style=\"margin-top: 0em; margin-right: 0em; margin-bottom: 0.9em; margin-left: 0em; font-size: 1.1em; line-height: 1.25em; font-family: Verdana, Arial, Helvetica, sans-serif; color: #383539; font-weight: bold;\">Algo de magia tambi\u00e9n tiene ese retornar suyo a aquella infancia de paisajes de albercas, acequias, mulos y mares de trigo, \u00bfqu\u00e9 tienen aquellos tiempos que le hacen volver?<\/p>\n<p style=\"margin-top: 0em; margin-right: 0em; margin-bottom: 0.9em; margin-left: 0em; font-size: 1.1em; line-height: 1.25em; font-family: Verdana, Arial, Helvetica, sans-serif; color: #383539;\">La infancia es la primera piedra y, por tanto, la que sujeta el peso de la construcci\u00f3n posterior. Es la bandera vital, una marca indeleble. M\u00e1s que regresar vivo en ellos porque son parte sustancial de la inocencia, la curiosidad y la ilusi\u00f3n, elementos sin los cuales m\u00e1s que en adultos nos convertimos en ladrillos<\/p>\n<p style=\"margin-top: 0em; margin-right: 0em; margin-bottom: 0.9em; margin-left: 0em; font-size: 1.1em; line-height: 1.25em; font-family: Verdana, Arial, Helvetica, sans-serif; color: #383539; font-weight: bold;\">En su web vemos que lo de las nuevas tecnolog\u00edas no va mucho con usted \u00bfchatear sigue siendo tomar unos vinos o algo s\u00ed se ha dejado seducir por lo virtual?<\/p>\n<p style=\"margin-top: 0em; margin-right: 0em; margin-bottom: 0.9em; margin-left: 0em; font-size: 1.1em; line-height: 1.25em; font-family: Verdana, Arial, Helvetica, sans-serif; color: #383539;\">Me seduce cien millones de veces m\u00e1s un mundo real que uno virtual por muchas prestaciones que me pueda ofrecer el segundo, as\u00ed que utilizo la tecnolog\u00eda solo lo muy razonablemente necesario: c\u00e1mara de fotos, m\u00fasica<\/p>\n<p style=\"margin-top: 0em; margin-right: 0em; margin-bottom: 0.9em; margin-left: 0em; font-size: 1.1em; line-height: 1.25em; font-family: Verdana, Arial, Helvetica, sans-serif; color: #383539;\"><span style=\"font-weight: bold;\">\u00bfPor alg\u00fan motivo en especial?<\/span><\/p>\n<p style=\"margin-top: 0em; margin-right: 0em; margin-bottom: 0.9em; margin-left: 0em; font-size: 1.1em; line-height: 1.25em; font-family: Verdana, Arial, Helvetica, sans-serif; color: #383539;\">Por encima de la cuestionable necesidad de ciertos chirimbolos tecnol\u00f3gicos valoro la utilizaci\u00f3n de todos los sentidos disponibles y no cerrarme a la, pongamos por caso, bidimensionalidad. Es una cuesti\u00f3n de mesura, lo que supone gesti\u00f3n inteligente de los aparatejos a los que cada uno quiera o pueda someterse o aliarse<\/p>\n<p style=\"margin-top: 0em; margin-right: 0em; margin-bottom: 0.9em; margin-left: 0em; font-size: 1.1em; line-height: 1.25em; font-family: Verdana, Arial, Helvetica, sans-serif; color: #383539;\"><span style=\"font-weight: bold;\">Pues el mundo real no parece estar muy bien. Como buen observador que es, o como esc\u00e9ptico participativo, \u00bfc\u00f3mo lo ve? <\/span><\/p>\n<p style=\"margin-top: 0em; margin-right: 0em; margin-bottom: 0.9em; margin-left: 0em; font-size: 1.1em; line-height: 1.25em; font-family: Verdana, Arial, Helvetica, sans-serif; color: #383539;\">Pues lo veo regularcillo tirando a bastante mal. Absurdo y desquiciado. Parece que todos los que pretenden saber hacia d\u00f3nde debemos ir est\u00e1n a\u00fan m\u00e1s despistados que el resto. O algo as\u00ed<\/p>\n<p style=\"margin-top: 0em; margin-right: 0em; margin-bottom: 0.9em; margin-left: 0em; font-size: 1.1em; line-height: 1.25em; font-family: Verdana, Arial, Helvetica, sans-serif; color: #383539; font-weight: bold;\">Y a\u00fan as\u00ed, aqu\u00ed estamos, intentando ser felices. \u00bfQu\u00e9 necesita Manolo Garc\u00eda para ello?<\/p>\n<p style=\"margin-top: 0em; margin-right: 0em; margin-bottom: 0.9em; margin-left: 0em; font-size: 1.1em; line-height: 1.25em; font-family: Verdana, Arial, Helvetica, sans-serif; color: #383539;\">Lo que se ha necesitado desde hace 40.000 a\u00f1os. Amistad, camarader\u00eda, conciencia de grupo, compasi\u00f3n y generosidad<\/p>\n<p style=\"margin-top: 0em; margin-right: 0em; margin-bottom: 0.9em; margin-left: 0em; font-size: 1.1em; line-height: 1.25em; font-family: Verdana, Arial, Helvetica, sans-serif; color: #383539;\">\n<p style=\"margin-top: 0em; margin-right: 0em; margin-bottom: 0.9em; margin-left: 0em; font-size: 1.1em; line-height: 1.25em; font-family: Verdana, Arial, Helvetica, sans-serif; color: #383539;\">Fuente: <span style=\"text-transform: uppercase;\">PILAR MANZANARES (COLPISA)<\/span> | 25\/09\/2011 18:30 &#8211; Diari Tarragona &#8211; <a href=\"http:\/\/www.diaridetarragona.com\/059924\/manolo\/garcia\/es\/mejor\/divertirse\/trabajando\/esperando\/divertirse\" target=\"_blank\">ENLACE<\/a><\/p>\n<p style=\"margin-top: 0em; margin-right: 0em; margin-bottom: 0.9em; margin-left: 0em; font-size: 1.1em; line-height: 1.25em; font-family: Verdana, Arial, Helvetica, sans-serif; color: #383539;\">\n","protected":false},"excerpt":{"rendered":"<p>Acab\u00f3 la gira en 2008 de &#8216;Saldremos a la lluvia&#8217; y, hasta ahora, apenas hemos sabido de \u00e9l. Pero este mes podemos dar por finalizado el barbecho, porque con la presentaci\u00f3n la pasada semana del single &#8216;Un giro teatral&#8217; Manolo Garc\u00eda vuelve a sembrar el panorama musical, si bien tendremos que aguardar hasta octubre para<a class=\"moretag\" href=\"https:\/\/www.manologarciaycia.com\/?p=1495\" title=\"MG: \u00abEs mejor divertirse trabajando que trabajar esperando divertirse\u00bb\" target=\"_self\" rel=\"follow\"> <font face=arial size=2>[Leer m\u00e1s]<\/font> <\/a><\/p>\n","protected":false},"author":2,"featured_media":0,"comment_status":"closed","ping_status":"closed","sticky":false,"template":"","format":"standard","meta":{"footnotes":""},"categories":[1],"tags":[245],"class_list":["post-1495","post","type-post","status-publish","format-standard","hentry","category-manolo-garcia","tag-manolo-garcia-entrevista-diari-tarragona-nuevo-disco"],"_links":{"self":[{"href":"https:\/\/www.manologarciaycia.com\/index.php?rest_route=\/wp\/v2\/posts\/1495","targetHints":{"allow":["GET"]}}],"collection":[{"href":"https:\/\/www.manologarciaycia.com\/index.php?rest_route=\/wp\/v2\/posts"}],"about":[{"href":"https:\/\/www.manologarciaycia.com\/index.php?rest_route=\/wp\/v2\/types\/post"}],"author":[{"embeddable":true,"href":"https:\/\/www.manologarciaycia.com\/index.php?rest_route=\/wp\/v2\/users\/2"}],"replies":[{"embeddable":true,"href":"https:\/\/www.manologarciaycia.com\/index.php?rest_route=%2Fwp%2Fv2%2Fcomments&post=1495"}],"version-history":[{"count":3,"href":"https:\/\/www.manologarciaycia.com\/index.php?rest_route=\/wp\/v2\/posts\/1495\/revisions"}],"predecessor-version":[{"id":1497,"href":"https:\/\/www.manologarciaycia.com\/index.php?rest_route=\/wp\/v2\/posts\/1495\/revisions\/1497"}],"wp:attachment":[{"href":"https:\/\/www.manologarciaycia.com\/index.php?rest_route=%2Fwp%2Fv2%2Fmedia&parent=1495"}],"wp:term":[{"taxonomy":"category","embeddable":true,"href":"https:\/\/www.manologarciaycia.com\/index.php?rest_route=%2Fwp%2Fv2%2Fcategories&post=1495"},{"taxonomy":"post_tag","embeddable":true,"href":"https:\/\/www.manologarciaycia.com\/index.php?rest_route=%2Fwp%2Fv2%2Ftags&post=1495"}],"curies":[{"name":"wp","href":"https:\/\/api.w.org\/{rel}","templated":true}]}}