{"id":1485,"date":"2011-09-22T12:04:25","date_gmt":"2011-09-22T11:04:25","guid":{"rendered":"http:\/\/petaos.net\/?p=1485"},"modified":"2011-09-22T12:04:25","modified_gmt":"2011-09-22T11:04:25","slug":"mg-exposicion-de-pinturas-y-dibujos-en-barcelona","status":"publish","type":"post","link":"https:\/\/www.manologarciaycia.com\/?p=1485","title":{"rendered":"MG: Exposici\u00f3n de pinturas y dibujos en Barcelona"},"content":{"rendered":"<p>Dicen que no hay dos sin tres, as\u00ed que el d\u00eda 25 de octubre y coincidiendo con la publicaci\u00f3n del disco Los d\u00edas intactos y el libro El fruto de la rama m\u00e1s alta, dar\u00e1 inicio tambi\u00e9n una exposici\u00f3n de dibujos y pinturas de Manolo Garc\u00eda en el Centro Cultual de la Fundaci\u00f3n C\u00edrculo de Lectores de Barcelona.<\/p>\n<p>Esta exposici\u00f3n re\u00fane su obra m\u00e1s reciente, desde el a\u00f1o 2007 hasta los \u00faltimos dibujos hechos este verano durante la mezcla del disco y se podr\u00e1 visitar hasta el mes de diciembre. A partir de enero la muestra viajar\u00e1 a Madrid.<\/p>\n<p>Fuente: P\u00e1gina oficial Manolo Garc\u00eda (http:\/\/www.manolo-garcia.com)<\/p>\n","protected":false},"excerpt":{"rendered":"<p>Dicen que no hay dos sin tres, as\u00ed que el d\u00eda 25 de octubre y coincidiendo con la publicaci\u00f3n del disco Los d\u00edas intactos y el libro El fruto de la rama m\u00e1s alta, dar\u00e1 inicio tambi\u00e9n una exposici\u00f3n de dibujos y pinturas de Manolo Garc\u00eda en el Centro Cultual de la Fundaci\u00f3n C\u00edrculo de<a class=\"moretag\" href=\"https:\/\/www.manologarciaycia.com\/?p=1485\" title=\"MG: Exposici\u00f3n de pinturas y dibujos en Barcelona\" target=\"_self\" rel=\"follow\"> <font face=arial size=2>[Leer m\u00e1s]<\/font> <\/a><\/p>\n","protected":false},"author":2,"featured_media":0,"comment_status":"closed","ping_status":"closed","sticky":false,"template":"","format":"standard","meta":{"footnotes":""},"categories":[1],"tags":[241],"class_list":["post-1485","post","type-post","status-publish","format-standard","hentry","category-manolo-garcia","tag-manolo-garcia-exposicion-pinturas-cuadros-dibujos"],"_links":{"self":[{"href":"https:\/\/www.manologarciaycia.com\/index.php?rest_route=\/wp\/v2\/posts\/1485","targetHints":{"allow":["GET"]}}],"collection":[{"href":"https:\/\/www.manologarciaycia.com\/index.php?rest_route=\/wp\/v2\/posts"}],"about":[{"href":"https:\/\/www.manologarciaycia.com\/index.php?rest_route=\/wp\/v2\/types\/post"}],"author":[{"embeddable":true,"href":"https:\/\/www.manologarciaycia.com\/index.php?rest_route=\/wp\/v2\/users\/2"}],"replies":[{"embeddable":true,"href":"https:\/\/www.manologarciaycia.com\/index.php?rest_route=%2Fwp%2Fv2%2Fcomments&post=1485"}],"version-history":[{"count":1,"href":"https:\/\/www.manologarciaycia.com\/index.php?rest_route=\/wp\/v2\/posts\/1485\/revisions"}],"predecessor-version":[{"id":1486,"href":"https:\/\/www.manologarciaycia.com\/index.php?rest_route=\/wp\/v2\/posts\/1485\/revisions\/1486"}],"wp:attachment":[{"href":"https:\/\/www.manologarciaycia.com\/index.php?rest_route=%2Fwp%2Fv2%2Fmedia&parent=1485"}],"wp:term":[{"taxonomy":"category","embeddable":true,"href":"https:\/\/www.manologarciaycia.com\/index.php?rest_route=%2Fwp%2Fv2%2Fcategories&post=1485"},{"taxonomy":"post_tag","embeddable":true,"href":"https:\/\/www.manologarciaycia.com\/index.php?rest_route=%2Fwp%2Fv2%2Ftags&post=1485"}],"curies":[{"name":"wp","href":"https:\/\/api.w.org\/{rel}","templated":true}]}}