{"id":14692,"date":"2016-04-18T07:46:13","date_gmt":"2016-04-18T05:46:13","guid":{"rendered":"http:\/\/www.manologarciaycia.com\/?p=14692"},"modified":"2016-04-18T09:53:33","modified_gmt":"2016-04-18T07:53:33","slug":"manolo-garcia-el-respeto-y-el-carino-del-publico-son-el-mejor-premio","status":"publish","type":"post","link":"https:\/\/www.manologarciaycia.com\/?p=14692","title":{"rendered":"Manolo Garc\u00eda: \u00abEl respeto y el cari\u00f1o del p\u00fablico son el mejor premio\u00bb (V\u00eddeo)"},"content":{"rendered":"<p>Video Entrevista en Antena3. #ManoloGarc\u00eda<\/p>\n<p>El escenario es, m\u00e1s que nunca, el h\u00e1bitat de Manolo Garc\u00eda despu\u00e9s de 35 a\u00f1os componiendo. Sin embargo, el exmiembro de &#8216;El \u00faltimo de la fila&#8217; no se considera una leyenda: \u00abCuando acaba el concierto soy un tipo normal. Solo soy un m\u00fasico\u00bb.<\/p>\n<p>Tras tantos a\u00f1os actuando, no le pide m\u00e1s a la m\u00fasica que \u00abel cari\u00f1o de la gente\u00bb porque ese es \u00abel mejor premio\u00bb. \u00abCon eso me vale\u00bb, explica.  La letra de sus canciones no surge tras pasar horas sentado, sino de la vida cotidiana. \u00abSe me ocurren cuando voy por la calle y en ese momento pido un taxi y me voy zumbando para casa\u00bb.<\/p>\n<p>Adem\u00e1s de su banda habitual le acompa\u00f1ar\u00e1n m\u00fasicos de Bowie o Springsteen con los que ha grabado en Nueva York su \u00faltimo trabajo, y ya est\u00e1 pensando en el pr\u00f3ximo.<\/p>\n<p>Fuente: Antena3 &#8211; <a href=\"http:\/\/www.antena3.com\/noticias\/cultura\/manolo-garcia-respeto-carino-publico-son-mejor-premio_2016041700177.html\" target=\"_blank\">ENLACE<\/a><\/p>\n","protected":false},"excerpt":{"rendered":"<p>Video Entrevista en Antena3. #ManoloGarc\u00eda El escenario es, m\u00e1s que nunca, el h\u00e1bitat de Manolo Garc\u00eda despu\u00e9s de 35 a\u00f1os componiendo. Sin embargo, el exmiembro de &#8216;El \u00faltimo de la fila&#8217; no se considera una leyenda: \u00abCuando acaba el concierto soy un tipo normal. Solo soy un m\u00fasico\u00bb. Tras tantos a\u00f1os actuando, no le pide<a class=\"moretag\" href=\"https:\/\/www.manologarciaycia.com\/?p=14692\" title=\"Manolo Garc\u00eda: \u00abEl respeto y el cari\u00f1o del p\u00fablico son el mejor premio\u00bb (V\u00eddeo)\" target=\"_self\" rel=\"follow\"> <font face=arial size=2>[Leer m\u00e1s]<\/font> <\/a><\/p>\n","protected":false},"author":2,"featured_media":0,"comment_status":"closed","ping_status":"closed","sticky":false,"template":"","format":"video","meta":{"footnotes":""},"categories":[1],"tags":[],"class_list":["post-14692","post","type-post","status-publish","format-video","hentry","category-manolo-garcia","post_format-post-format-video"],"_links":{"self":[{"href":"https:\/\/www.manologarciaycia.com\/index.php?rest_route=\/wp\/v2\/posts\/14692","targetHints":{"allow":["GET"]}}],"collection":[{"href":"https:\/\/www.manologarciaycia.com\/index.php?rest_route=\/wp\/v2\/posts"}],"about":[{"href":"https:\/\/www.manologarciaycia.com\/index.php?rest_route=\/wp\/v2\/types\/post"}],"author":[{"embeddable":true,"href":"https:\/\/www.manologarciaycia.com\/index.php?rest_route=\/wp\/v2\/users\/2"}],"replies":[{"embeddable":true,"href":"https:\/\/www.manologarciaycia.com\/index.php?rest_route=%2Fwp%2Fv2%2Fcomments&post=14692"}],"version-history":[{"count":6,"href":"https:\/\/www.manologarciaycia.com\/index.php?rest_route=\/wp\/v2\/posts\/14692\/revisions"}],"predecessor-version":[{"id":14711,"href":"https:\/\/www.manologarciaycia.com\/index.php?rest_route=\/wp\/v2\/posts\/14692\/revisions\/14711"}],"wp:attachment":[{"href":"https:\/\/www.manologarciaycia.com\/index.php?rest_route=%2Fwp%2Fv2%2Fmedia&parent=14692"}],"wp:term":[{"taxonomy":"category","embeddable":true,"href":"https:\/\/www.manologarciaycia.com\/index.php?rest_route=%2Fwp%2Fv2%2Fcategories&post=14692"},{"taxonomy":"post_tag","embeddable":true,"href":"https:\/\/www.manologarciaycia.com\/index.php?rest_route=%2Fwp%2Fv2%2Ftags&post=14692"}],"curies":[{"name":"wp","href":"https:\/\/api.w.org\/{rel}","templated":true}]}}