{"id":14687,"date":"2016-04-17T21:20:38","date_gmt":"2016-04-17T19:20:38","guid":{"rendered":"http:\/\/www.manologarciaycia.com\/?p=14687"},"modified":"2016-04-17T21:22:04","modified_gmt":"2016-04-17T19:22:04","slug":"manolo-garcia-malaga-1642016-de-jose-angel-lucena","status":"publish","type":"post","link":"https:\/\/www.manologarciaycia.com\/?p=14687","title":{"rendered":"Manolo Garc\u00eda, M\u00e1laga 16\/4\/2016. De Jose Angel Lucena!"},"content":{"rendered":"<div class=\"\" data-block=\"true\" data-editor=\"4027c\" data-offset-key=\"e921u-0-0\">\n<div class=\"_1mf _1mj\" data-offset-key=\"e921u-0-0\"><span data-offset-key=\"e921u-0-0\"><span data-text=\"true\">Fant\u00e1stica cr\u00f3nica del concierto de Manolo Garc\u00eda en M\u00e1laga anoche, 16\/5\/2016. Por <\/span><\/span><span class=\"_5u8u\" spellcheck=\"false\" data-offset-key=\"e921u-1-0\"><span data-offset-key=\"e921u-1-0\"><span data-text=\"true\">Jose Angel Lucena G\u00f3mez<\/span><\/span><\/span><span data-offset-key=\"e921u-2-0\"><span data-text=\"true\">, gracias! <\/span><\/span><\/div>\n<\/div>\n<div class=\"\" data-block=\"true\" data-editor=\"4027c\" data-offset-key=\"6vshb-0-0\">\n<div class=\"_1mf _1mj\" data-offset-key=\"6vshb-0-0\"><span data-offset-key=\"6vshb-0-0\">\u00a0<\/span><\/div>\n<\/div>\n<div class=\"\" data-block=\"true\" data-editor=\"4027c\" data-offset-key=\"fqtci-0-0\">\n<div class=\"_1mf _1mj\" data-offset-key=\"fqtci-0-0\"><span data-offset-key=\"fqtci-0-0\"><span data-text=\"true\">\u00abM\u00e1laga bull\u00eda de expectaci\u00f3n ante el regreso de Manolo a los grandes recintos. Mucho se hab\u00eda hablado del concierto doble que iba a tener lugar esa noche, pero nada se acercar\u00eda realmente a lo aconteci\u00f3\u2026<\/span><\/span><\/div>\n<\/div>\n<div class=\"\" data-block=\"true\" data-editor=\"4027c\" data-offset-key=\"d0qni-0-0\">\n<div class=\"_1mf _1mj\" data-offset-key=\"d0qni-0-0\"><span data-offset-key=\"d0qni-0-0\">\u00a0<\/span><\/div>\n<\/div>\n<div class=\"\" data-block=\"true\" data-editor=\"4027c\" data-offset-key=\"8bicc-0-0\">\n<div class=\"_1mf _1mj\" data-offset-key=\"8bicc-0-0\"><span data-offset-key=\"8bicc-0-0\"><span data-text=\"true\">Las pantallas laterales del escenario prendieron de repente mostrando im\u00e1genes de una granja de huevos. El desconcierto, la curiosidad y la expectaci\u00f3n silenci\u00f3 de inmediato a un aforo desbordado. Un corto de una granja de gallinas en el que los huevos eran conducidos mec\u00e1nicamete en una selecci\u00f3n de tama\u00f1o, pulidos para transformarlos en un producto perfecto y brillante. Embalados, transportados, conducidos desde su inicio. Sin m\u00e1cula de impurezas. Eliminadas las diferencias\u2026 En un giro surrealista, muy del gusto del Sr. Garc\u00eda, son sometidos a todo tipo de experimentos y manipulaciones \u2026 y es que este concierto mantiene un dialogo con el espectador donde la cr\u00edtica social, la disidencia frente al rumbo de nuestros gobernantes y la m\u00fasica como tribuna desde la que lanzar una cr\u00edtica feroz se hacen patentes desde el primer momento.<\/span><\/span><\/div>\n<\/div>\n<div class=\"\" data-block=\"true\" data-editor=\"4027c\" data-offset-key=\"cdh17-0-0\">\n<div class=\"_1mf _1mj\" data-offset-key=\"cdh17-0-0\"><span data-offset-key=\"cdh17-0-0\">\u00a0<\/span><\/div>\n<\/div>\n<div class=\"\" data-block=\"true\" data-editor=\"4027c\" data-offset-key=\"d0jko-0-0\">\n<div class=\"_1mf _1mj\" data-offset-key=\"d0jko-0-0\"><span data-offset-key=\"d0jko-0-0\"><span data-text=\"true\">El escenario se ilumin\u00f3 en un estallido de potentes guitarras y una bater\u00eda alimentada por el dios del trueno. Un diorama m\u00e1gico cargado de efectos lum\u00ednicos. Un grito al retorno a la vida natural. Una turbadora visi\u00f3n del maestro que mantuvo el embeleso de los asistentes creciente, constante y consistente. <\/span><\/span><\/div>\n<\/div>\n<div class=\"\" data-block=\"true\" data-editor=\"4027c\" data-offset-key=\"4pgjf-0-0\">\n<div class=\"_1mf _1mj\" data-offset-key=\"4pgjf-0-0\"><span data-offset-key=\"4pgjf-0-0\">\u00a0<\/span><\/div>\n<\/div>\n<div class=\"\" data-block=\"true\" data-editor=\"4027c\" data-offset-key=\"5hhdg-0-0\">\n<div class=\"_1mf _1mj\" data-offset-key=\"5hhdg-0-0\"><span data-offset-key=\"5hhdg-0-0\"><span data-text=\"true\">En una exuberante selva Manolo expandi\u00f3 onda desde los primeros acordes. Arropado por una s\u00f3lida banda que se adapta a la perfecci\u00f3n a su estilo, un estilo a priori tan distinto, tan ex\u00f3tico para m\u00fasicos de otra cultura. La noche fue avanzando a medida que las canciones tej\u00edan una c\u00fapula m\u00e1gica \u201cun alma de Papel\u201d, \u201cExprimir la vida\u201d. Un emotivo \u201cesta noche he so\u00f1ado con David Bowie\u201d donde sin una referencia directa a su fallecimiento, en la palabra VIDA, en la intensidad del tono con que la declam\u00f3, hab\u00eda llanto y admiraci\u00f3n a partes iguales. La soberbia presencia de la experiencia y del plantel de m\u00fasicos que ten\u00edamos delante se hizo realmente patente con caminar\u00e9 y Campanas de Libertad, llenas de armon\u00edas y efectos de guitarra, plenas, rotundas. El gran teatro de la m\u00fasica brillaba esplendido, enardecido de pasi\u00f3n y entrega.<\/span><\/span><\/div>\n<\/div>\n<div class=\"\" data-block=\"true\" data-editor=\"4027c\" data-offset-key=\"ccssq-0-0\">\n<div class=\"_1mf _1mj\" data-offset-key=\"ccssq-0-0\"><span data-offset-key=\"ccssq-0-0\">\u00a0<\/span><\/div>\n<\/div>\n<div class=\"\" data-block=\"true\" data-editor=\"4027c\" data-offset-key=\"3s4pj-0-0\">\n<div class=\"_1mf _1mj\" data-offset-key=\"3s4pj-0-0\"><span data-offset-key=\"3s4pj-0-0\"><span data-text=\"true\">El final de la primera parte termin\u00f3 con sonidos de p\u00e1ramo helado porque nada escapa de un mensaje compacto y perfectamente dise\u00f1ado.<\/span><\/span><\/div>\n<\/div>\n<div class=\"\" data-block=\"true\" data-editor=\"4027c\" data-offset-key=\"ae93v-0-0\">\n<div class=\"_1mf _1mj\" data-offset-key=\"ae93v-0-0\"><span data-offset-key=\"ae93v-0-0\">\u00a0<\/span><\/div>\n<\/div>\n<div class=\"\" data-block=\"true\" data-editor=\"4027c\" data-offset-key=\"4fn0n-0-0\">\n<div class=\"_1mf _1mj\" data-offset-key=\"4fn0n-0-0\"><span data-offset-key=\"4fn0n-0-0\"><span data-text=\"true\">La segunda parte estuvo repleta de momentos de alma descarnada y sincera. Una preciosa versi\u00f3n de Entre el batir de los mares nos dej\u00f3 llenos de emoci\u00f3n, pero desarmados. El gran cernidor de la belleza zarandeo al p\u00fablico dejando caer todo lo bueno, todo lo aut\u00e9ntico y genuino que destila cada una de sus letras. Zapatero, tarde de sol, Carb\u00f3n y ramas secas \u2026 el cauce de los sentidos se desbordo abrumado y Manolo continuaba a lo suyo artesano concienzudo, platero de filigrana y terciopelo. <\/span><\/span><\/div>\n<\/div>\n<div class=\"\" data-block=\"true\" data-editor=\"4027c\" data-offset-key=\"bq92t-0-0\">\n<div class=\"_1mf _1mj\" data-offset-key=\"bq92t-0-0\"><span data-offset-key=\"bq92t-0-0\">\u00a0<\/span><\/div>\n<\/div>\n<div class=\"\" data-block=\"true\" data-editor=\"4027c\" data-offset-key=\"5p3mj-0-0\">\n<div class=\"_1mf _1mj\" data-offset-key=\"5p3mj-0-0\"><span data-offset-key=\"5p3mj-0-0\"><span data-text=\"true\">Pocas versiones de Vendr\u00e1n d\u00edas se han firmado con m\u00e1s ternura y sentimiento. De los dedos invisibles de una voz que acaricia entre las plantas del escenario a la furia intemporal de Levedad arrastrando sin piedad a la muchedumbre. Lo hab\u00eda conseguido de nuevo.<\/span><\/span><\/div>\n<\/div>\n<div class=\"\" data-block=\"true\" data-editor=\"4027c\" data-offset-key=\"3kv2u-0-0\">\n<div class=\"_1mf _1mj\" data-offset-key=\"3kv2u-0-0\"><span data-offset-key=\"3kv2u-0-0\">\u00a0<\/span><\/div>\n<\/div>\n<div class=\"\" data-block=\"true\" data-editor=\"4027c\" data-offset-key=\"107rh-0-0\">\n<div class=\"_1mf _1mj\" data-offset-key=\"107rh-0-0\"><span data-offset-key=\"107rh-0-0\"><span data-text=\"true\">M\u00e1s en\u00e9rgico y locuaz que de costumbre brome\u00f3 con el p\u00fablico y lo hizo c\u00f3mplice de su protesta musicada, de su disensi\u00f3n con la Espa\u00f1a que nos han impuesto. \u201cEstamos gobernados por mentes de p\u00e1ramo yermo.\u201d<\/span><\/span><\/div>\n<\/div>\n<div class=\"\" data-block=\"true\" data-editor=\"4027c\" data-offset-key=\"8lfnn-0-0\">\n<div class=\"_1mf _1mj\" data-offset-key=\"8lfnn-0-0\"><span data-offset-key=\"8lfnn-0-0\">\u00a0<\/span><\/div>\n<\/div>\n<div class=\"\" data-block=\"true\" data-editor=\"4027c\" data-offset-key=\"aphmr-0-0\">\n<div class=\"_1mf _1mj\" data-offset-key=\"aphmr-0-0\"><span data-offset-key=\"aphmr-0-0\"><span data-text=\"true\">Peque\u00f1as paradas a la espera de la nueva r\u00e9plica. Garc\u00eda siempre arremete varias veces como el mar constante, lamiendo los sentimientos con sus mareas, con un vaiv\u00e9n de acordes y letras que atraviesan lo invisible. <\/span><\/span><\/div>\n<\/div>\n<div class=\"\" data-block=\"true\" data-editor=\"4027c\" data-offset-key=\"6i4qe-0-0\">\n<div class=\"_1mf _1mj\" data-offset-key=\"6i4qe-0-0\"><span data-offset-key=\"6i4qe-0-0\">\u00a0<\/span><\/div>\n<\/div>\n<div class=\"\" data-block=\"true\" data-editor=\"4027c\" data-offset-key=\"9sj4g-0-0\">\n<div class=\"_1mf _1mj\" data-offset-key=\"9sj4g-0-0\"><span data-offset-key=\"9sj4g-0-0\"><span data-text=\"true\">La \u00faltima parte estuvo plena de temas m\u00e1s antiguos, pero no menos presentes. Canciones donde el tiempo pierde su absurda cordura y los relojes dan marcha atr\u00e1s, a lugares, a momentos ya vividos. Un \u201cUva de la vieja parra\u201d que licuo m\u00e1s de una voluntad y ya toda entereza, toda resistencia cayo desmoron\u00e1ndose, liberando almas. <\/span><\/span><\/div>\n<\/div>\n<div class=\"\" data-block=\"true\" data-editor=\"4027c\" data-offset-key=\"2aq3t-0-0\">\n<div class=\"_1mf _1mj\" data-offset-key=\"2aq3t-0-0\"><span data-offset-key=\"2aq3t-0-0\">\u00a0<\/span><\/div>\n<\/div>\n<div class=\"\" data-block=\"true\" data-editor=\"4027c\" data-offset-key=\"1g774-0-0\">\n<div class=\"_1mf _1mj\" data-offset-key=\"1g774-0-0\"><span data-offset-key=\"1g774-0-0\"><span data-text=\"true\">Dejo a la imaginaci\u00f3n otras sorpresas que aguardar\u00e1n a los que asistan al siguiente milagro. Ese que s\u00f3lo un m\u00fasico con vocaci\u00f3n de humanista es capaz de realizar. Un espacio sin tiempo ni sombra donde levanta su devastado jard\u00edn.<\/span><\/span><\/div>\n<\/div>\n<div class=\"\" data-block=\"true\" data-editor=\"4027c\" data-offset-key=\"7ok6b-0-0\">\n<div class=\"_1mf _1mj\" data-offset-key=\"7ok6b-0-0\"><span data-offset-key=\"7ok6b-0-0\">\u00a0<\/span><\/div>\n<\/div>\n<div class=\"\" data-block=\"true\" data-editor=\"4027c\" data-offset-key=\"4lknk-0-0\">\n<div class=\"_1mf _1mj\" data-offset-key=\"4lknk-0-0\"><span data-offset-key=\"4lknk-0-0\"><span data-text=\"true\">Prendo en mi pecho esta maravillosa experiencia y guardo en la caja de las cosas bonitas un Manolo deshecho en agradecimiento y entrega, agradecimiento al p\u00fablico y entrega desdibujando los l\u00edmites de lo razonable (33 canciones, tres horas de belleza absoluta). Llevo el escenario entre los parpados y el anhelo. <\/span><\/span><\/div>\n<\/div>\n<div class=\"\" data-block=\"true\" data-editor=\"4027c\" data-offset-key=\"dps5u-0-0\">\n<div class=\"_1mf _1mj\" data-offset-key=\"dps5u-0-0\"><span data-offset-key=\"dps5u-0-0\">\u00a0<\/span><\/div>\n<\/div>\n<div class=\"\" data-block=\"true\" data-editor=\"4027c\" data-offset-key=\"c2su1-0-0\">\n<div class=\"_1mf _1mj\" data-offset-key=\"c2su1-0-0\"><span data-offset-key=\"c2su1-0-0\"><span data-text=\"true\">Inmenso Garc\u00eda. Gracias por ese soplo de VIDA.\u00bb<\/span><\/span><\/div>\n<\/div>\n<div class=\"\" data-block=\"true\" data-editor=\"4027c\" data-offset-key=\"8qobv-0-0\">\n<div class=\"_1mf _1mj\" data-offset-key=\"8qobv-0-0\"><span data-offset-key=\"8qobv-0-0\">\u00a0<\/span><\/div>\n<\/div>\n<div class=\"\" data-block=\"true\" data-editor=\"4027c\" data-offset-key=\"54vrt-0-0\">\n<div class=\"_1mf _1mj\" data-offset-key=\"54vrt-0-0\"><span data-offset-key=\"54vrt-0-0\"><span data-text=\"true\">Foto de CarminaHaceFotos &#8211; <\/span><\/span><span class=\"_5u8n\" spellcheck=\"false\" data-offset-key=\"54vrt-1-0\"><span data-offset-key=\"54vrt-1-0\"><span data-text=\"true\">#ManoloGarc\u00eda<\/span><\/span><\/span> <span class=\"_5u8n\" spellcheck=\"false\" data-offset-key=\"54vrt-3-0\"><span data-offset-key=\"54vrt-3-0\"><span data-text=\"true\">#Malaga<\/span><\/span><\/span> <span class=\"_5u8n\" spellcheck=\"false\" data-offset-key=\"54vrt-5-0\"><span data-offset-key=\"54vrt-5-0\"><span data-text=\"true\">#Gira2016<\/span><\/span><\/span>\u00a0#<span class=\"_5u8n\" spellcheck=\"false\" data-offset-key=\"54vrt-7-0\"><span data-offset-key=\"54vrt-7-0\"><span data-text=\"true\">TodoEsAhora<\/span><\/span><\/span><\/div>\n<\/div>\n","protected":false},"excerpt":{"rendered":"<p>Fant\u00e1stica cr\u00f3nica del concierto de Manolo Garc\u00eda en M\u00e1laga anoche, 16\/5\/2016. Por Jose Angel Lucena G\u00f3mez, gracias! \u00a0 \u00abM\u00e1laga bull\u00eda de expectaci\u00f3n ante el regreso de Manolo a los grandes recintos. Mucho se hab\u00eda hablado del concierto doble que iba a tener lugar esa noche, pero nada se acercar\u00eda realmente a lo aconteci\u00f3\u2026 \u00a0 Las<a class=\"moretag\" href=\"https:\/\/www.manologarciaycia.com\/?p=14687\" title=\"Manolo Garc\u00eda, M\u00e1laga 16\/4\/2016. De Jose Angel Lucena!\" target=\"_self\" rel=\"follow\"> <font face=arial size=2>[Leer m\u00e1s]<\/font> <\/a><\/p>\n","protected":false},"author":2,"featured_media":14688,"comment_status":"closed","ping_status":"closed","sticky":false,"template":"","format":"standard","meta":{"footnotes":""},"categories":[1],"tags":[],"class_list":["post-14687","post","type-post","status-publish","format-standard","has-post-thumbnail","hentry","category-manolo-garcia"],"_links":{"self":[{"href":"https:\/\/www.manologarciaycia.com\/index.php?rest_route=\/wp\/v2\/posts\/14687","targetHints":{"allow":["GET"]}}],"collection":[{"href":"https:\/\/www.manologarciaycia.com\/index.php?rest_route=\/wp\/v2\/posts"}],"about":[{"href":"https:\/\/www.manologarciaycia.com\/index.php?rest_route=\/wp\/v2\/types\/post"}],"author":[{"embeddable":true,"href":"https:\/\/www.manologarciaycia.com\/index.php?rest_route=\/wp\/v2\/users\/2"}],"replies":[{"embeddable":true,"href":"https:\/\/www.manologarciaycia.com\/index.php?rest_route=%2Fwp%2Fv2%2Fcomments&post=14687"}],"version-history":[{"count":2,"href":"https:\/\/www.manologarciaycia.com\/index.php?rest_route=\/wp\/v2\/posts\/14687\/revisions"}],"predecessor-version":[{"id":14690,"href":"https:\/\/www.manologarciaycia.com\/index.php?rest_route=\/wp\/v2\/posts\/14687\/revisions\/14690"}],"wp:featuredmedia":[{"embeddable":true,"href":"https:\/\/www.manologarciaycia.com\/index.php?rest_route=\/wp\/v2\/media\/14688"}],"wp:attachment":[{"href":"https:\/\/www.manologarciaycia.com\/index.php?rest_route=%2Fwp%2Fv2%2Fmedia&parent=14687"}],"wp:term":[{"taxonomy":"category","embeddable":true,"href":"https:\/\/www.manologarciaycia.com\/index.php?rest_route=%2Fwp%2Fv2%2Fcategories&post=14687"},{"taxonomy":"post_tag","embeddable":true,"href":"https:\/\/www.manologarciaycia.com\/index.php?rest_route=%2Fwp%2Fv2%2Ftags&post=14687"}],"curies":[{"name":"wp","href":"https:\/\/api.w.org\/{rel}","templated":true}]}}