{"id":14651,"date":"2016-04-17T08:15:15","date_gmt":"2016-04-17T06:15:15","guid":{"rendered":"http:\/\/www.manologarciaycia.com\/?p=14651"},"modified":"2016-04-17T08:17:53","modified_gmt":"2016-04-17T06:17:53","slug":"manolo-garcia-derrocha-energia-y-talento-en-el-arranque-de-la-gira-en-malaga","status":"publish","type":"post","link":"https:\/\/www.manologarciaycia.com\/?p=14651","title":{"rendered":"Manolo Garc\u00eda derrocha energ\u00eda y talento en el arranque de la gira en M\u00e1laga"},"content":{"rendered":"<h2>El cantante inaugura su espect\u00e1culo \u2018Todo es ahora\u2019 en un concierto redondo y que dej\u00f3 sin localidades el Auditorio municipal<\/h2>\n<p>Comenzar puede ser duro. Para muchos, el primer paso es el m\u00e1s largo. Sin embargo, Manolo Garc\u00eda demostr\u00f3 ayer que no todos los mortales est\u00e1n hechos de la misma pasta. El Auditorio Municipal sirvi\u00f3 de trampol\u00edn para que la gira \u2018Todo es Ahora\u2019 diera el pistoletazo de salida, dispuesta a recorrer Espa\u00f1a hasta finales de Julio. A pesar de su veteran\u00eda, el barcelon\u00e9s empez\u00f3 el concierto con la misma energ\u00eda que derrochaba al final. \u00abMuch\u00edsimas gracias, \u00a1no fall\u00e1is nunca!\u00bb, dijo para comprobar el estado de \u00e1nimo de un recinto pr\u00e1cticamente abarrotado.<\/p>\n<p>No fue un show normal: en el primer pase Garc\u00eda toc\u00f3 con los m\u00fasicos internacionales con los que grab\u00f3 su nuevo repertorio \u2013una banda que ha trabajado para David Bowie\u2013, y un segundo pase con sus compa\u00f1eros de siempre, una combinaci\u00f3n que hizo de la noche una velada inolvidable para sus numerosos seguidores.<\/p>\n<p><a href=\"http:\/\/www.manologarciaycia.com\/wp-content\/uploads\/2016\/04\/ds_1.jpg\"><img loading=\"lazy\" decoding=\"async\" class=\"aligncenter size-medium wp-image-14654\" src=\"http:\/\/www.manologarciaycia.com\/wp-content\/uploads\/2016\/04\/ds_1-500x303.jpg\" alt=\"ds_1\" width=\"500\" height=\"303\" srcset=\"https:\/\/www.manologarciaycia.com\/wp-content\/uploads\/2016\/04\/ds_1-500x303.jpg 500w, https:\/\/www.manologarciaycia.com\/wp-content\/uploads\/2016\/04\/ds_1.jpg 660w\" sizes=\"auto, (max-width: 500px) 100vw, 500px\" \/><\/a><\/p>\n<p><a href=\"http:\/\/www.manologarciaycia.com\/wp-content\/uploads\/2016\/04\/ds_2.jpg\"><img loading=\"lazy\" decoding=\"async\" class=\"aligncenter size-medium wp-image-14655\" src=\"http:\/\/www.manologarciaycia.com\/wp-content\/uploads\/2016\/04\/ds_2.jpg\" alt=\"ds_2\" width=\"320\" height=\"320\" srcset=\"https:\/\/www.manologarciaycia.com\/wp-content\/uploads\/2016\/04\/ds_2.jpg 320w, https:\/\/www.manologarciaycia.com\/wp-content\/uploads\/2016\/04\/ds_2-150x150.jpg 150w\" sizes=\"auto, (max-width: 320px) 100vw, 320px\" \/><\/a><\/p>\n<p><a href=\"http:\/\/www.manologarciaycia.com\/wp-content\/uploads\/2016\/04\/ds_3.jpg\"><img loading=\"lazy\" decoding=\"async\" class=\"aligncenter size-medium wp-image-14656\" src=\"http:\/\/www.manologarciaycia.com\/wp-content\/uploads\/2016\/04\/ds_3.jpg\" alt=\"ds_3\" width=\"320\" height=\"320\" srcset=\"https:\/\/www.manologarciaycia.com\/wp-content\/uploads\/2016\/04\/ds_3.jpg 320w, https:\/\/www.manologarciaycia.com\/wp-content\/uploads\/2016\/04\/ds_3-150x150.jpg 150w\" sizes=\"auto, (max-width: 320px) 100vw, 320px\" \/><\/a><\/p>\n<p>Minutos antes de empezar, en el exterior del recinto, seguidores del artista de procedencias y estilos m\u00e1s que dispares \u2013rockeros y flamencos se disputaron la noche\u2013, hac\u00edan cola para conseguir una buena localidad. Las luces finalmente se apagaron y el espect\u00e1culo comenz\u00f3. Una imponente guitarra el\u00e9ctrica repleta de efectos sirvi\u00f3 de alfombra roja para Garc\u00eda, que encar\u00f3 el micro con la mirada perdida. En la pista, un mar de pantallas de tel\u00e9fono observaba, indiscreto, el nacimiento de un universo nuevo.<\/p>\n<p>El contundente sonido de la primera banda transport\u00f3 el estudio de Nueva York a M\u00e1laga. \u2018Exprimir la vida\u2019 llev\u00f3 a Garc\u00eda de un lado a otro del escenario \u2013transformado para la ocasi\u00f3n en un jard\u00edn tropical\u2013. \u00abCuando vengo a Andaluc\u00eda me siento andaluz\u00bb, confes\u00f3 el artista catal\u00e1n para arrancar la complicidad del p\u00fablico, que se dej\u00f3 embaucar en todo momento.<\/p>\n<p>\u2018Sombra de la sombra de tu sombrero\u2019 sac\u00f3 el lado m\u00e1s m\u00edstico y latino a la banda americana, y con \u2018Caminar\u00e9\u2019 demostr\u00f3 que sus cuerdas vocales siguen en plena forma. El cantante se baj\u00f3 del escenario para cantar junto al p\u00fablico \u2018Un giro teatral\u2019: \u00ab\u00bfQu\u00e9 culpa tengo de que seas tan fiera?\u00bb son\u00f3 fuerte en el auditorio. Se despidi\u00f3 as\u00ed la primera banda, y dio paso a la de toda la vida, encargada de hacer tronar todos los cl\u00e1sicos del barcelon\u00e9s: \u2018A San Fernando\u2019 y \u2018P\u00e1jaros de barro\u2019 marcaron el nivel de la segunda parte del espect\u00e1culo, que culmin\u00f3 con una sonrisa en el rostro de los m\u00fasicos, la sonrisa del que estrena algo nuevo.<\/p>\n<p>Fuente: Diario SUR &#8211; Fernando Torres \/ Hugo Cortes &#8211;\u00a0<a href=\"http:\/\/www.diariosur.es\/culturas\/musica\/201604\/17\/manolo-garcia-concierto-malaga-20160416235946.html\" target=\"_blank\">ENLACE<\/a><\/p>\n","protected":false},"excerpt":{"rendered":"<p>El cantante inaugura su espect\u00e1culo \u2018Todo es ahora\u2019 en un concierto redondo y que dej\u00f3 sin localidades el Auditorio municipal Comenzar puede ser duro. Para muchos, el primer paso es el m\u00e1s largo. Sin embargo, Manolo Garc\u00eda demostr\u00f3 ayer que no todos los mortales est\u00e1n hechos de la misma pasta. El Auditorio Municipal sirvi\u00f3 de<a class=\"moretag\" href=\"https:\/\/www.manologarciaycia.com\/?p=14651\" title=\"Manolo Garc\u00eda derrocha energ\u00eda y talento en el arranque de la gira en M\u00e1laga\" target=\"_self\" rel=\"follow\"> <font face=arial size=2>[Leer m\u00e1s]<\/font> <\/a><\/p>\n","protected":false},"author":2,"featured_media":14652,"comment_status":"closed","ping_status":"closed","sticky":false,"template":"","format":"standard","meta":{"footnotes":""},"categories":[1],"tags":[],"class_list":["post-14651","post","type-post","status-publish","format-standard","has-post-thumbnail","hentry","category-manolo-garcia"],"_links":{"self":[{"href":"https:\/\/www.manologarciaycia.com\/index.php?rest_route=\/wp\/v2\/posts\/14651","targetHints":{"allow":["GET"]}}],"collection":[{"href":"https:\/\/www.manologarciaycia.com\/index.php?rest_route=\/wp\/v2\/posts"}],"about":[{"href":"https:\/\/www.manologarciaycia.com\/index.php?rest_route=\/wp\/v2\/types\/post"}],"author":[{"embeddable":true,"href":"https:\/\/www.manologarciaycia.com\/index.php?rest_route=\/wp\/v2\/users\/2"}],"replies":[{"embeddable":true,"href":"https:\/\/www.manologarciaycia.com\/index.php?rest_route=%2Fwp%2Fv2%2Fcomments&post=14651"}],"version-history":[{"count":2,"href":"https:\/\/www.manologarciaycia.com\/index.php?rest_route=\/wp\/v2\/posts\/14651\/revisions"}],"predecessor-version":[{"id":14657,"href":"https:\/\/www.manologarciaycia.com\/index.php?rest_route=\/wp\/v2\/posts\/14651\/revisions\/14657"}],"wp:featuredmedia":[{"embeddable":true,"href":"https:\/\/www.manologarciaycia.com\/index.php?rest_route=\/wp\/v2\/media\/14652"}],"wp:attachment":[{"href":"https:\/\/www.manologarciaycia.com\/index.php?rest_route=%2Fwp%2Fv2%2Fmedia&parent=14651"}],"wp:term":[{"taxonomy":"category","embeddable":true,"href":"https:\/\/www.manologarciaycia.com\/index.php?rest_route=%2Fwp%2Fv2%2Fcategories&post=14651"},{"taxonomy":"post_tag","embeddable":true,"href":"https:\/\/www.manologarciaycia.com\/index.php?rest_route=%2Fwp%2Fv2%2Ftags&post=14651"}],"curies":[{"name":"wp","href":"https:\/\/api.w.org\/{rel}","templated":true}]}}