{"id":14649,"date":"2016-04-17T08:05:43","date_gmt":"2016-04-17T06:05:43","guid":{"rendered":"http:\/\/www.manologarciaycia.com\/?p=14649"},"modified":"2016-04-17T08:05:43","modified_gmt":"2016-04-17T06:05:43","slug":"manolo-garcia-se-reinventa-ante-su-publico-en-un-concierto-a-lo-grande","status":"publish","type":"post","link":"https:\/\/www.manologarciaycia.com\/?p=14649","title":{"rendered":"Manolo Garc\u00eda se reinventa ante su p\u00fablico en un concierto a lo grande"},"content":{"rendered":"<p>El m\u00fasico abri\u00f3 ayer en M\u00e1laga la gira de presentaci\u00f3n de su nuevo disco, &#8216;Todo es ahora&#8217;<\/p>\n<p>Parec\u00eda que hab\u00eda pasado mucho m\u00e1s tiempo, pero en todo caso el p\u00fablico demostr\u00f3 que llevaba mucho m\u00e1s esper\u00e1ndolo. Manolo Garc\u00eda regres\u00f3 ayer a M\u00e1laga para empezar en el Auditorio Municipal la gira de presentaci\u00f3n de su nuevo disco,<i> Todo es ahora<\/i>, con un concierto en el que revis\u00f3 igualmente su ya amplio repertorio previo y en el que jug\u00f3 a reinventarse, regresado a los grandes formatos cuyo dominio, tal y como demostr\u00f3, conserva intacto. El que fuera mitad de El \u00daltimo de la Fila compareci\u00f3 con una descomunal banda, en la que conviv\u00edan algunos de sus m\u00fasicos de m\u00e1s largo recorrido (Ricardo Mar\u00edn, Juan Carlos Garc\u00eda, Albert Serrano, I\u00f1igo Goldaracena) con algunos de los instrumentistas reclutados para la grabaci\u00f3n del \u00e1lbum en EEUU. Una noche, otra m\u00e1s, inolvidable.<\/p>\n<p>Fuente: M\u00e1laga Hoy &#8211; <a href=\"http:\/\/www.malagahoy.es\/article\/ocio\/2264840\/manolo\/garcia\/se\/reinventa\/ante\/su\/publico\/concierto\/lo\/grande.html\" target=\"_blank\">ENLACE<\/a><\/p>\n","protected":false},"excerpt":{"rendered":"<p>El m\u00fasico abri\u00f3 ayer en M\u00e1laga la gira de presentaci\u00f3n de su nuevo disco, &#8216;Todo es ahora&#8217; Parec\u00eda que hab\u00eda pasado mucho m\u00e1s tiempo, pero en todo caso el p\u00fablico demostr\u00f3 que llevaba mucho m\u00e1s esper\u00e1ndolo. Manolo Garc\u00eda regres\u00f3 ayer a M\u00e1laga para empezar en el Auditorio Municipal la gira de presentaci\u00f3n de su nuevo<a class=\"moretag\" href=\"https:\/\/www.manologarciaycia.com\/?p=14649\" title=\"Manolo Garc\u00eda se reinventa ante su p\u00fablico en un concierto a lo grande\" target=\"_self\" rel=\"follow\"> <font face=arial size=2>[Leer m\u00e1s]<\/font> <\/a><\/p>\n","protected":false},"author":2,"featured_media":0,"comment_status":"closed","ping_status":"closed","sticky":false,"template":"","format":"standard","meta":{"footnotes":""},"categories":[1],"tags":[],"class_list":["post-14649","post","type-post","status-publish","format-standard","hentry","category-manolo-garcia"],"_links":{"self":[{"href":"https:\/\/www.manologarciaycia.com\/index.php?rest_route=\/wp\/v2\/posts\/14649","targetHints":{"allow":["GET"]}}],"collection":[{"href":"https:\/\/www.manologarciaycia.com\/index.php?rest_route=\/wp\/v2\/posts"}],"about":[{"href":"https:\/\/www.manologarciaycia.com\/index.php?rest_route=\/wp\/v2\/types\/post"}],"author":[{"embeddable":true,"href":"https:\/\/www.manologarciaycia.com\/index.php?rest_route=\/wp\/v2\/users\/2"}],"replies":[{"embeddable":true,"href":"https:\/\/www.manologarciaycia.com\/index.php?rest_route=%2Fwp%2Fv2%2Fcomments&post=14649"}],"version-history":[{"count":1,"href":"https:\/\/www.manologarciaycia.com\/index.php?rest_route=\/wp\/v2\/posts\/14649\/revisions"}],"predecessor-version":[{"id":14650,"href":"https:\/\/www.manologarciaycia.com\/index.php?rest_route=\/wp\/v2\/posts\/14649\/revisions\/14650"}],"wp:attachment":[{"href":"https:\/\/www.manologarciaycia.com\/index.php?rest_route=%2Fwp%2Fv2%2Fmedia&parent=14649"}],"wp:term":[{"taxonomy":"category","embeddable":true,"href":"https:\/\/www.manologarciaycia.com\/index.php?rest_route=%2Fwp%2Fv2%2Fcategories&post=14649"},{"taxonomy":"post_tag","embeddable":true,"href":"https:\/\/www.manologarciaycia.com\/index.php?rest_route=%2Fwp%2Fv2%2Ftags&post=14649"}],"curies":[{"name":"wp","href":"https:\/\/api.w.org\/{rel}","templated":true}]}}