{"id":14613,"date":"2016-04-16T08:34:35","date_gmt":"2016-04-16T06:34:35","guid":{"rendered":"http:\/\/www.manologarciaycia.com\/?p=14613"},"modified":"2016-04-16T08:38:03","modified_gmt":"2016-04-16T06:38:03","slug":"manolo-garcia-no-tengo-whatsapp-ni-estoy-en-redes-sociales-quiero-ser-libre","status":"publish","type":"post","link":"https:\/\/www.manologarciaycia.com\/?p=14613","title":{"rendered":"Manolo Garc\u00eda: \u00abNo tengo &#8216;whatsapp&#8217; ni estoy en redes sociales, quiero ser libre\u00bb"},"content":{"rendered":"<ul class=\"unstyled subhead\">\n<li>\n<h2>Manolo Garc\u00eda, cantante. Dosifica sus conciertos para no cansarse ni cansar, pero ya est\u00e1 de vuelta. El exl\u00edder de El \u00daltimo de la Fila abre hoy en M\u00e1laga la gira &#8216;Todo es ahora&#8217;<\/h2>\n<\/li>\n<\/ul>\n<div class=\"byline\"><\/div>\n<div class=\"byline\">\n<p>Ha pasado la ma\u00f1ana de visita en el Thyssen y en el Museo Picasso, por la tarde toca poner a punto la maquinaria. M\u00e1laga es hoy la primera parada de su gira \u2018Todo es ahora\u2019 (Auditorio Municipal, 22.00 h.), un tour que le devuelve a los grandes escenarios donde se forj\u00f3 un nombre con El \u00daltimo de la Fila. A 24 horas del concierto, supervisa el montaje \u2013con un escenario transformado en jard\u00edn con decenas de plantas por todas partes\u2013, prueba el sonido y atiende a este peri\u00f3dico en la trastienda con amabilidad y sin mirar el reloj. Manolo Garc\u00eda es un caballero del rock que vive sin prisas, ajeno a la dictadura de las tecnolog\u00edas, del tuit al segundo y del \u2018no me has contestado al whatsapp\u2019. No puede hacerlo con su m\u00f3vil, el primero que tiene, comprado hace tres a\u00f1os en el chino por 25 euros.<\/p>\n<p>Cuando no act\u00faa ni compone, lo mismo pinta con Triana de fondo que lee en castellano antiguo \u2013\u00abme encanta\u00bb\u2013; pero ahora es el momento de la m\u00fasica. En tres horas de concierto, primero presentar\u00e1 su nuevo repertorio con los m\u00fasicos americanos que grabaron el disco, los mismos que hicieron el \u00faltimo \u00e1lbum de David Bowie; y despu\u00e9s se recrear\u00e1 en sus \u00e9xitos con su banda de toda la vida. Manolo Garc\u00eda al completo y en tres dimensiones, sin pantallas de m\u00f3viles por medio.<\/p>\n<p>\u2013Faltan horas para que aqu\u00ed arranque la gira. \u00bfEs un d\u00eda cualquiera?<\/p>\n<p>\u2013No, siempre impone, le tengo much\u00edsimo respeto al escenario y al p\u00fablico. Pasan los a\u00f1os y parece que uno tenga que ir super\u00e1ndolo, pero no. Yo hasta ayer llevaba una vida normal, pero ya cuando llego aqu\u00ed y empiezo a o\u00edr el sonido, a ver el montaje&#8230; Ya la vida es de otra manera.<\/p>\n<p>LAS CLAVESInternet<\/p>\n<p>\u00abHe pedido que me quiten de Wikipedia, pero no lo he conseguido. Nadie me ha pedido permiso para estar\u00bb<\/p>\n<p>Clase pol\u00edtica<\/p>\n<p>Odian la cultura estos se\u00f1ores. Son mentes de p\u00e1ramo g\u00e9lido porque tienen hielo en el cerebro\u00bb<\/p>\n<p>Vida privada<\/p>\n<p>\u00abNo entro en el terreno del cotilleo, del morbo f\u00e1cil y de las elucubraciones. Estoy aqu\u00ed para cantar\u00bb<\/p>\n<p>\u2013Hubo a\u00f1os en los que hizo m\u00e1s de 200 conciertos, pero parece que ya no est\u00e1 dispuesto a dejarse la vida en giras maratonianas.<\/p>\n<p>\u2013Son otras circunstancias, otras edades y otro tiempo. Yo sigo siendo un m\u00fasico de carretera, es una alegr\u00eda ver al p\u00fablico contento en los conciertos. Ahora bien, hay que vivir tambi\u00e9n. Y dime lo que m\u00e1s te gusta y te dir\u00e9 lo que vas a odiar si abusas de ello. No quiero agotarme ni agotar a nadie. Fr\u00edamente, pienso que ya llevo unos a\u00f1os trabajando en Espa\u00f1a y la gente me ha visto por debajo, por encima, por delante y por detr\u00e1s. Tengo que ir dosific\u00e1ndome para intentar que sigan queri\u00e9ndome.<\/p>\n<p>\u2013Da la sensaci\u00f3n de que vive sin la presi\u00f3n de tener que ser el n\u00famero uno: saca discos cuando quiere y hace giras como quiere. \u00bfEs as\u00ed?<\/p>\n<p>\u2013Tal cual lo est\u00e1s diciendo. Cuando eres un artista nuevo, como fuimos El \u00daltimo de la Fila en los ochenta o como ahora lo puede ser Pablo Albor\u00e1n, hay un momento de euforia por ese artista que tiene la varita m\u00e1gica. Se convierte en un fen\u00f3meno no solo musical sino medi\u00e1tico. Am\u00ed ese tiempo ya se me pas\u00f3, ahora por suerte convoco a la gente que quiere escuchar mi m\u00fasica, no porque est\u00e9 de moda.Ahora disfruto el tiempo del m\u00fasico, puede que con una cierta popularidad, pero tampoco soy una persona muy famosa medi\u00e1ticamente hablando, no aparezco demasiado en televisi\u00f3n, no me presto demasiado.<\/p>\n<p>Cosas personales<\/p>\n<p>\u2013\u00bfQu\u00e9 es lo que no le gusta del mundo del espect\u00e1culo?<\/p>\n<p>\u2013No me interesa demasiado salirme de los l\u00edmites musicales ni ir a programas donde haya que hablar de cosas personales. Todos somos iguales y yo no tengo m\u00e1s inter\u00e9s que otro, y no quiero entrar en ese terreno del cotilleo, del morbo f\u00e1cil, de las elucubraciones. Estoy aqu\u00ed para cantar.<\/p>\n<p>\u2013F\u00edjese que eso que dice aparece incluso en su Wikipedia: \u00abSu vida privada y todo lo alejado de lo estrictamente art\u00edstico queda fuera del conocimiento popular\u00bb.<\/p>\n<p>\u2013Mira, yo si pudiera me quitaba de Wikipedia. Lo he pedido, pero no lo he conseguido. Es una situaci\u00f3n estramb\u00f3tica porque a m\u00ed nadie me ha pedido permiso ni me han preguntado qu\u00e9 quiero que ponga sobre m\u00ed. Es una falta de respeto, un atentado a mi intimidad.<\/p>\n<p>\u2013Hoy hay que estar en Internet para ser alguien.<\/p>\n<p>\u2013Yo no quiero estar, a m\u00ed me gustar\u00eda borrarme de las redes. No tengo Twitter ni Facebook, ni pienso tener jam\u00e1s. No me interesa nada, me interesa ir a comer sardinas espetadas en la playa de M\u00e1laga, pasear, darme un ba\u00f1o&#8230; Me interesa vivir en tres dimensiones y no en una pantalla. Ese dar por supuesto que todos los artistas queremos estar en Spotify, en Youtube&#8230; pues no.<\/p>\n<p>\u2013Pero no se le pueden poner puertas al campo.<\/p>\n<p>\u2013No lo pretendo, s\u00e9 que es imposible. Y respeto que haya gente que disfrute con las redes; pero si me preguntan, que hagan la fiesta sin m\u00ed. Me interesa un mundo espiritualmente m\u00e1s apacible y menos estresante. No soy capaz de estar con una maquinita atendiendo a 200 amigos y mirando el \u2018whatsapp\u2019.<\/p>\n<p>\u2013\u00a1No tiene \u2018whatsapp\u2019!<\/p>\n<p>\u2013\u00a1No! Te voy a ense\u00f1ar el m\u00f3vil que tengo (se levanta y rebusca en su mochila). Hasta hace tres a\u00f1os no ten\u00eda y ahora me he rendido y me compr\u00e9 este en un chino por 25 euros, es un cacharro del Paleol\u00edtico (y ense\u00f1a un min\u00fasculo m\u00f3vil pre-smartphone de los que tienen tapadera). Con esto yo funciono por el mundo. \u00bfPor qu\u00e9? Porque quiero ser libre, es lo m\u00e1s importante de la vida. Es que, sin ofender a nadie, Internet tiene algo de opio del pueblo, \u2018panem et circenses\u2019.<\/p>\n<p>\u00abNos est\u00e1n chuleando\u00bb<\/p>\n<p>\u2013En una de sus canciones hay una forma muy original de definir a la clase pol\u00edtica:\u00abDerviches con mentes de p\u00e1ramo g\u00e9lido\u00bb. Ah\u00ed llevan.<\/p>\n<p>\u2013Y a las pruebas me remito. Una buena parte de la poblaci\u00f3n est\u00e1 realmente pas\u00e1ndolo mal y lo que ellos hacen es intentar posicionarse. Unos maquill\u00e1ndolo con un tipo de ideolog\u00eda, otros con m\u00e1s descaro. Pero da la sensaci\u00f3n de que les da igual que la gente pase a\u00f1os en el paro, las leyes laborales, las privatizaciones de hospitales, que las humanidades salgan de los estudios. \u00bfQu\u00e9 tipo de pa\u00eds quieren?, \u00bfun pa\u00eds inculto? Odian la cultura estos se\u00f1ores, parece que es un estorbo para ellos. Son mentes de p\u00e1ramo g\u00e9lido porque tienen hielo en el cerebro, no tienen calor humano. Y corto me quedo, nos est\u00e1n chuleando.<\/p>\n<p>\u2013\u00bfY no parece que tambi\u00e9n a nosotros nos da igual? Islandia y Reino Unido se han manifestado por los \u2018papeles de Panam\u00e1\u2019. Aqu\u00ed no.<\/p>\n<p>\u2013Somos incapaces de manifestarnos, de coordinar un movimiento de repulsa, de exigir justicia y un cambio real. Se est\u00e1 viendo la pol\u00edtica que ha hecho el Gobierno en contra del trabajador, y muchos trabajadores le siguen votando. No lo entiendo.<\/p>\n<p>\u2013\u00bfConf\u00eda en la \u2018nueva pol\u00edtica\u2019?<\/p>\n<p>\u2013Es que si no tenemos una peque\u00f1a esperanza, apaga y v\u00e1monos. Pero tengo tambi\u00e9n muy claro que si la ciudadan\u00eda en bloque y en masa no cogemos el tim\u00f3n y obligamos a la clase pol\u00edtica a encauzar las cosas de la manera correcta, ellos no lo van a hacer. Una vez que est\u00e1n ah\u00ed se pierden en los vericuetos de los egos, en la er\u00f3tica del poder.<\/p>\n<p>\u2013En otra de sus canciones dice algo as\u00ed: \u00abQuer\u00edas comerte el mundo y ahora luchas porque el mundo no te coma\u00bb. \u00bfEn qu\u00e9 punto est\u00e1 usted?<\/p>\n<p>\u2013Observo al mundo. Me defino como un esc\u00e9ptico participativo. Soy una hormiga m\u00e1s en este gran disloque planetario, pero me creo muy pocas cosas. Mi punto actual es vivir y dejar vivir. Y participar, si hay nuevas elecciones voy a ir a votar.<\/p>\n<\/div>\n<div class=\"byline\"><\/div>\n<div class=\"byline\">Fuente: Diario Sur &#8211; Regina Sotorrio &#8211; <a href=\"http:\/\/www.diariosur.es\/culturas\/musica\/201604\/16\/tengo-whatsapp-manolo-garcia-20160415221949.html\" target=\"_blank\">ENLACE<\/a><\/div>\n","protected":false},"excerpt":{"rendered":"<p>Manolo Garc\u00eda, cantante. Dosifica sus conciertos para no cansarse ni cansar, pero ya est\u00e1 de vuelta. El exl\u00edder de El \u00daltimo de la Fila abre hoy en M\u00e1laga la gira &#8216;Todo es ahora&#8217; Ha pasado la ma\u00f1ana de visita en el Thyssen y en el Museo Picasso, por la tarde toca poner a punto la<a class=\"moretag\" href=\"https:\/\/www.manologarciaycia.com\/?p=14613\" title=\"Manolo Garc\u00eda: \u00abNo tengo &#8216;whatsapp&#8217; ni estoy en redes sociales, quiero ser libre\u00bb\" target=\"_self\" rel=\"follow\"> <font face=arial size=2>[Leer m\u00e1s]<\/font> <\/a><\/p>\n","protected":false},"author":2,"featured_media":14614,"comment_status":"closed","ping_status":"closed","sticky":false,"template":"","format":"standard","meta":{"footnotes":""},"categories":[1],"tags":[],"class_list":["post-14613","post","type-post","status-publish","format-standard","has-post-thumbnail","hentry","category-manolo-garcia"],"_links":{"self":[{"href":"https:\/\/www.manologarciaycia.com\/index.php?rest_route=\/wp\/v2\/posts\/14613","targetHints":{"allow":["GET"]}}],"collection":[{"href":"https:\/\/www.manologarciaycia.com\/index.php?rest_route=\/wp\/v2\/posts"}],"about":[{"href":"https:\/\/www.manologarciaycia.com\/index.php?rest_route=\/wp\/v2\/types\/post"}],"author":[{"embeddable":true,"href":"https:\/\/www.manologarciaycia.com\/index.php?rest_route=\/wp\/v2\/users\/2"}],"replies":[{"embeddable":true,"href":"https:\/\/www.manologarciaycia.com\/index.php?rest_route=%2Fwp%2Fv2%2Fcomments&post=14613"}],"version-history":[{"count":2,"href":"https:\/\/www.manologarciaycia.com\/index.php?rest_route=\/wp\/v2\/posts\/14613\/revisions"}],"predecessor-version":[{"id":14616,"href":"https:\/\/www.manologarciaycia.com\/index.php?rest_route=\/wp\/v2\/posts\/14613\/revisions\/14616"}],"wp:featuredmedia":[{"embeddable":true,"href":"https:\/\/www.manologarciaycia.com\/index.php?rest_route=\/wp\/v2\/media\/14614"}],"wp:attachment":[{"href":"https:\/\/www.manologarciaycia.com\/index.php?rest_route=%2Fwp%2Fv2%2Fmedia&parent=14613"}],"wp:term":[{"taxonomy":"category","embeddable":true,"href":"https:\/\/www.manologarciaycia.com\/index.php?rest_route=%2Fwp%2Fv2%2Fcategories&post=14613"},{"taxonomy":"post_tag","embeddable":true,"href":"https:\/\/www.manologarciaycia.com\/index.php?rest_route=%2Fwp%2Fv2%2Ftags&post=14613"}],"curies":[{"name":"wp","href":"https:\/\/api.w.org\/{rel}","templated":true}]}}