{"id":14610,"date":"2016-04-15T12:45:51","date_gmt":"2016-04-15T10:45:51","guid":{"rendered":"http:\/\/www.manologarciaycia.com\/?p=14610"},"modified":"2016-04-15T12:45:51","modified_gmt":"2016-04-15T10:45:51","slug":"asi-sera-todo-es-ahora-la-nueva-gira-de-manolo-garcia-atencion-spoilers","status":"publish","type":"post","link":"https:\/\/www.manologarciaycia.com\/?p=14610","title":{"rendered":"As\u00ed ser\u00e1 \u201cTodo es ahora\u201d, la nueva gira de Manolo Garc\u00eda (Atenci\u00f3n SPOILERS)"},"content":{"rendered":"<p>Si sigues leyendo descubrir\u00e1s detalles de la gira que a lo mejor deseas descubrir in-situ tu mism@ el d\u00eda del concierto&#8230; sigue leyendo s\u00f3lo si deseas descubrir algunos detalles del concierto\/escenario.<\/p>\n<header id=\"cb-standard-featured\">\n<div class=\"cb-entry-header cb-style-standard\">\n<div class=\"cb-byline\">\n<div class=\"cb-author cb-byline-element\">Ma\u00f1ana arranca en M\u00e1laga <strong><em>Todo es ahora<\/em><\/strong>, la gira en la que <strong>Manolo Garc\u00eda<\/strong> presentar\u00e1 su m\u00e1s reciente \u00e1lbum, llamado tambi\u00e9n <em>Todo es ahora<\/em> (2014), y que supondr\u00e1 su<strong> retorno a los escenarios multitudinarios<\/strong> tras una par\u00e9ntesis sostenido desde 2009. <strong>Apmusicales<\/strong> estuvo presente en el <strong>ensayo final<\/strong> de este tour que, ya puede decirse, <strong>ser\u00e1 el m\u00e1s colosal<\/strong> en la carrera del artista catal\u00e1n,<strong> a modo de celebraci\u00f3n de sus 35 a\u00f1os en la m\u00fasica.<\/strong><br \/>\n<i class=\"fa fa-user\"><\/i><\/div>\n<\/div>\n<\/div>\n<\/header>\n<section class=\"entry-content clearfix\">Destaca sobre todo la <strong>masiva presencia de cuerdas<\/strong>, con <strong>dos bandas<\/strong> que lo acompa\u00f1ar\u00e1n sobre el escenario, sumando un total de <strong>15 m\u00fasicos<\/strong> que, en alg\u00fan momento puntual como en la interpretaci\u00f3n de <strong><em>San Fernando, un ratito a pie y otro caminando<\/em><\/strong>, coincidir\u00e1n al completo sobre el escenario, provocando un efecto sonoro apabullante.<\/p>\n<p>Garc\u00eda ha querido que entre esos m\u00fasicos se contaran los que le permitieron grabar <em>Todo es ahora<\/em> en Nueva York, profesionales de reconocido talento que han acompa\u00f1ado previamente a artistas de la talla de <strong>Bruce Springsteen,\u00a0\u00a0David Bowie o Lenny Kravitz<\/strong>. Hablamos de <strong>Gerry Leonard a las guitarras, Zachary Alford a la bater\u00eda y Jack Daley al bajo, adem\u00e1s de Mark Goldenberg.<\/strong><\/p>\n<p>Y es que Garc\u00eda, que hace solo unas semanas ha culminado su reencuentro ef\u00edmero con sus primeras bandas,<strong> Los R\u00e1pidos y Los Burros<\/strong>, est\u00e1 pre\u00f1ado de <strong>rock<\/strong>. Eso se sigue percibiendo en esta gira, que intenta conectar con la energ\u00eda de esos primeros temas de juventud, al igual que con el power-pop que, en su opini\u00f3n, practicaba en<strong><em> Arena en los bolsillos<\/em><\/strong> (1998), su triunfal primer LP en solitario. De este sonar\u00e1n varios cortes, como el citado <em>San Fernando<\/em>o <strong><em>Un a\u00f1o y otro a\u00f1o<\/em><\/strong>, con un sorprendente coleo final de rock casi progresivo.<\/p>\n<p>Ser\u00e1n <strong>no menos de dos horas y media de m\u00fasica<\/strong> (\u201cy no ser\u00eda raro que nos fu\u00e9ramos a m\u00e1s\u201d, confesaba el propio artista), divididas en dos partes, en las que por supuesto tocar\u00e1 tambi\u00e9n sus temas nuevos, a destacar <strong><em>Caminar\u00e9<\/em> <\/strong>(la que fuera el primer sencillo de Todo es ahora) o <strong><em>Subo escalas, bajo escalas<\/em><\/strong>.<\/p>\n<p>En cuanto a la <strong>escenograf\u00eda<\/strong>, un inmenso escenario con un <strong>pantall\u00f3n horizontal<\/strong> de fondo recibir\u00e1n a los espectadores casi ocultos tras una<strong> selva de plantas<\/strong> artificiales que, seg\u00fan ha explicado el tambi\u00e9n pintor, intenta evocar en nuestras conciencias un <strong>mensaje de respeto por el Medio Ambiente<\/strong>.\u00a0 \u201cEs ese jard\u00edn que estamos hoyando y pisoteando tan brutalmente en nuestra desenfrenada y equivocada idea de progreso\u201d, cuenta.<\/p>\n<p><strong>Tras su primer concierto en el Auditorio Municipal de M\u00e1laga de este s\u00e1bado, la gira viajar\u00e1 a Bilbao (23 de abril, Bilbao Arena Miribilla), a Zaragoza (29 de abril, Pabell\u00f3n Pr\u00edncipe Felipe), Gij\u00f3n (7 de mayo, Palacio de Deportes) y, tras Barcelona (Parc del F\u00f3rum, 14 de mayo) y Madrid (Barclaycard Center, 21 de mayo), a Valencia (26 de mayo, plaza de toros) y a Sevilla (28 de mayo, Auditorio Roc\u00edo Jurado).<\/strong><\/p>\n<p><strong>Ya en junio visitar\u00e1 Mallorca (18, Son Fusteret), Badajoz (25, Auditorio del Recinto Ferial) y Tenerife (30, Pabell\u00f3n Santiago Mart\u00edn) y, para concluir, en julio actuar\u00e1 en el municipio grancanario de Telde (2, Parque San Juan), en A Coru\u00f1a (Palacio de la \u00d3pera), Murcia (15, Cuartel de Artiller\u00eda) y en el Festival Porta Ferrada de Sant Feliu de Gu\u00edxols el d\u00eda 23.<\/strong><\/p>\n<p>Fuente: APMusicales &#8211; Javier Herrero &#8211; <a href=\"http:\/\/www.apmusicales.com\/asi-sera-todo-es-ahora-la-nueva-gira-de-manolo-garcia\/\" target=\"_blank\">ENLACE<\/a><\/p>\n<\/section>\n","protected":false},"excerpt":{"rendered":"<p>Si sigues leyendo descubrir\u00e1s detalles de la gira que a lo mejor deseas descubrir in-situ tu mism@ el d\u00eda del concierto&#8230; sigue leyendo s\u00f3lo si deseas descubrir algunos detalles del concierto\/escenario. Ma\u00f1ana arranca en M\u00e1laga Todo es ahora, la gira en la que Manolo Garc\u00eda presentar\u00e1 su m\u00e1s reciente \u00e1lbum, llamado tambi\u00e9n Todo es ahora<a class=\"moretag\" href=\"https:\/\/www.manologarciaycia.com\/?p=14610\" title=\"As\u00ed ser\u00e1 \u201cTodo es ahora\u201d, la nueva gira de Manolo Garc\u00eda (Atenci\u00f3n SPOILERS)\" target=\"_self\" rel=\"follow\"> <font face=arial size=2>[Leer m\u00e1s]<\/font> <\/a><\/p>\n","protected":false},"author":2,"featured_media":14611,"comment_status":"closed","ping_status":"closed","sticky":false,"template":"","format":"standard","meta":{"footnotes":""},"categories":[1],"tags":[],"class_list":["post-14610","post","type-post","status-publish","format-standard","has-post-thumbnail","hentry","category-manolo-garcia"],"_links":{"self":[{"href":"https:\/\/www.manologarciaycia.com\/index.php?rest_route=\/wp\/v2\/posts\/14610","targetHints":{"allow":["GET"]}}],"collection":[{"href":"https:\/\/www.manologarciaycia.com\/index.php?rest_route=\/wp\/v2\/posts"}],"about":[{"href":"https:\/\/www.manologarciaycia.com\/index.php?rest_route=\/wp\/v2\/types\/post"}],"author":[{"embeddable":true,"href":"https:\/\/www.manologarciaycia.com\/index.php?rest_route=\/wp\/v2\/users\/2"}],"replies":[{"embeddable":true,"href":"https:\/\/www.manologarciaycia.com\/index.php?rest_route=%2Fwp%2Fv2%2Fcomments&post=14610"}],"version-history":[{"count":1,"href":"https:\/\/www.manologarciaycia.com\/index.php?rest_route=\/wp\/v2\/posts\/14610\/revisions"}],"predecessor-version":[{"id":14612,"href":"https:\/\/www.manologarciaycia.com\/index.php?rest_route=\/wp\/v2\/posts\/14610\/revisions\/14612"}],"wp:featuredmedia":[{"embeddable":true,"href":"https:\/\/www.manologarciaycia.com\/index.php?rest_route=\/wp\/v2\/media\/14611"}],"wp:attachment":[{"href":"https:\/\/www.manologarciaycia.com\/index.php?rest_route=%2Fwp%2Fv2%2Fmedia&parent=14610"}],"wp:term":[{"taxonomy":"category","embeddable":true,"href":"https:\/\/www.manologarciaycia.com\/index.php?rest_route=%2Fwp%2Fv2%2Fcategories&post=14610"},{"taxonomy":"post_tag","embeddable":true,"href":"https:\/\/www.manologarciaycia.com\/index.php?rest_route=%2Fwp%2Fv2%2Ftags&post=14610"}],"curies":[{"name":"wp","href":"https:\/\/api.w.org\/{rel}","templated":true}]}}