{"id":14602,"date":"2016-04-15T11:32:54","date_gmt":"2016-04-15T09:32:54","guid":{"rendered":"http:\/\/www.manologarciaycia.com\/?p=14602"},"modified":"2016-04-15T11:32:54","modified_gmt":"2016-04-15T09:32:54","slug":"manolo-garcia-inicia-una-gira-en-la-que-cambia-los-teatros-por-grandes-aforos","status":"publish","type":"post","link":"https:\/\/www.manologarciaycia.com\/?p=14602","title":{"rendered":"Manolo Garc\u00eda inicia una gira en la que cambia los teatros por grandes aforos"},"content":{"rendered":"<h1>\u00a0\u00abRecuperar El \u00daltimo de la Fila ser\u00eda mancillarlo\u00bb<\/h1>\n<div class=\"cuerpo_noticia\">\n<p class=\"entradilla\">Le acompa\u00f1an dos bandas: una americana y otra espa\u00f1ola.<\/p>\n<p>\u00abEn absoluto, no hay posibilidad de un retorno de El \u00daltimo de la Fila\u00bb, sentencia Manolo Garc\u00eda, reci\u00e9n cerrado su reencuentro con su excompa\u00f1ero Quimi Portet por la revitalizaci\u00f3n ef\u00edmera de Los Burros y Los R\u00e1pidos, y a punto de iniciar plet\u00f3rico una nueva gira en solitario por todo lo alto. A falta de una, en ese tour le acompa\u00f1ar\u00e1n dos bandas, una espa\u00f1ola y otra norteamericana que grab\u00f3 en Nueva York su \u00faltimo disco, Todo es ahora (2014), hasta sumar 15 m\u00fasicos sobre el escenario, conformando momentos apote\u00f3sicos en los que acaricia incluso el rock progresivo.<\/p>\n<div class=\"adm-intext\">\u00abPara m\u00ed todas las giras son de lujo, porque disfruto mucho en los conciertos, pero desde luego que esta es un peque\u00f1o premio que me he dado a m\u00ed mismo, en celebraci\u00f3n por los 35 a\u00f1os que han pasado desde que grabara mi primer disco\u00bb, confiesa durante el ensayo final, antes de guardar los b\u00e1rtulos y poner rumbo a M\u00e1laga, donde debutar\u00e1 el s\u00e1bado.<\/div>\n<p>Ser\u00e1 un tour con menos fechas y en grandes escenarios, algo que no hac\u00eda desde 2009, recalando en espacios como el Parc del F\u00f3rum de Barcelona el 14 de mayo y el Barclaycard Center de Madrid el 21 de mayo, curiosamente los mismos d\u00edas que actuar\u00e1 en esas ciudades Bruce Springsteen. \u00ab\u00a1Me ha copiado el d\u00eda!\u00bb, dice en tono de broma, aparentemente poco preocupado por la competencia. \u00abPara m\u00ed lo importante es renovar la propuesta. Siempre digo que si yo me divierto, tengo la posibilidad de hacer felices tambi\u00e9n a los dem\u00e1s con mi m\u00fasica. Lo importante es ser un so\u00f1ador y siempre lo ser\u00e9\u00bb, alega Garc\u00eda ante el cambio de formato, tras sus \u00faltimas giras por teatros. Garc\u00eda suena ahora m\u00e1s rock, con gran abundancia de cuerdas (m\u00e1s de seis en algunos momentos) y explica que, puestos a so\u00f1ar, en su cabeza bull\u00edan aquellas reuniones m\u00edticas de \u00abguitarristas interplanetarios como Eric Clapton o Mark Knopfler, realizando pasajes magistrales todos juntos\u00bb y que se dijo: \u00ab\u00a1Qu\u00e9 leche! Yo tambi\u00e9n lo hago!\u00bb.<\/p>\n<p>Por ello llam\u00f3 a los m\u00fasicos que dieron vida a su \u00faltimo disco: Gerry Leonard a las guitarras, Zachary Alford a la bater\u00eda y Jack Daley al bajo, adem\u00e1s de Mark Goldenberg, gente que ha acompa\u00f1ado a leyendas como David Bowie, Lenny Kravitz, el propio Springsteen o John Lennon.<\/p>\n<p>Cuenta que, despu\u00e9s de a\u00f1os en los que prob\u00f3 \u00abmestizajes\u00bb con m\u00fasicos griegos y brasile\u00f1os y en los que trabaj\u00f3 sus canciones \u00abde una manera m\u00e1s dulce\u00bb, en sus \u00faltimos discos le entraron ganas de recuperar el pulso de sus inicios con los citados Los Burros y Los R\u00e1pidos.<\/p>\n<p>Durante cuatro noches de febrero, en las que agot\u00f3 entradas, volvi\u00f3 a reencontrarse con ellos, incluido Quimi Portet, con quien luego forjar\u00eda uno de los d\u00faos m\u00edticos del pop-rock espa\u00f1ol, El \u00daltimo de la Fila, y algunas de sus canciones volvieron a sonar en vivo ante un p\u00fablico que vibr\u00f3 como anta\u00f1o. \u00abNo hay posibilidad de un retorno de El \u00daltimo de la Fila. Lo hemos repetido Quimi y yo hasta la saciedad. Hubo algo m\u00e1gico y la gente a\u00fan me lo dice. Volver ser\u00eda mancillarlo. A estas edades, adem\u00e1s, cada uno tiene su discurso. \u00c9l y yo somos en el fondo cazadores solitarios, aunque tengamos una amistad excelente\u00bb, afirma, cerrando puertas a las esperanzas de muchos seguidores.<\/p><\/div>\n<div class=\"cuerpo_noticia\"><\/div>\n<div class=\"cuerpo_noticia\">Fuente: La Informaci\u00f3n &#8211;\u00a0<span class=\"autor_sup\">JAVIER HERRERO MADRID\/EFE <\/span><span class=\"fecha_hora\">14.04.2016 &#8211; <a href=\"http:\/\/www.diarioinformacion.com\/cultura\/2016\/04\/14\/recuperar-ultimo-fila-seria-mancillarlo\/1749602.html\" target=\"_blank\">ENLACE<\/a><\/span><\/div>\n","protected":false},"excerpt":{"rendered":"<p>\u00a0\u00abRecuperar El \u00daltimo de la Fila ser\u00eda mancillarlo\u00bb Le acompa\u00f1an dos bandas: una americana y otra espa\u00f1ola. \u00abEn absoluto, no hay posibilidad de un retorno de El \u00daltimo de la Fila\u00bb, sentencia Manolo Garc\u00eda, reci\u00e9n cerrado su reencuentro con su excompa\u00f1ero Quimi Portet por la revitalizaci\u00f3n ef\u00edmera de Los Burros y Los R\u00e1pidos, y a<a class=\"moretag\" href=\"https:\/\/www.manologarciaycia.com\/?p=14602\" title=\"Manolo Garc\u00eda inicia una gira en la que cambia los teatros por grandes aforos\" target=\"_self\" rel=\"follow\"> <font face=arial size=2>[Leer m\u00e1s]<\/font> <\/a><\/p>\n","protected":false},"author":2,"featured_media":14603,"comment_status":"closed","ping_status":"closed","sticky":false,"template":"","format":"standard","meta":{"footnotes":""},"categories":[1],"tags":[],"class_list":["post-14602","post","type-post","status-publish","format-standard","has-post-thumbnail","hentry","category-manolo-garcia"],"_links":{"self":[{"href":"https:\/\/www.manologarciaycia.com\/index.php?rest_route=\/wp\/v2\/posts\/14602","targetHints":{"allow":["GET"]}}],"collection":[{"href":"https:\/\/www.manologarciaycia.com\/index.php?rest_route=\/wp\/v2\/posts"}],"about":[{"href":"https:\/\/www.manologarciaycia.com\/index.php?rest_route=\/wp\/v2\/types\/post"}],"author":[{"embeddable":true,"href":"https:\/\/www.manologarciaycia.com\/index.php?rest_route=\/wp\/v2\/users\/2"}],"replies":[{"embeddable":true,"href":"https:\/\/www.manologarciaycia.com\/index.php?rest_route=%2Fwp%2Fv2%2Fcomments&post=14602"}],"version-history":[{"count":1,"href":"https:\/\/www.manologarciaycia.com\/index.php?rest_route=\/wp\/v2\/posts\/14602\/revisions"}],"predecessor-version":[{"id":14604,"href":"https:\/\/www.manologarciaycia.com\/index.php?rest_route=\/wp\/v2\/posts\/14602\/revisions\/14604"}],"wp:featuredmedia":[{"embeddable":true,"href":"https:\/\/www.manologarciaycia.com\/index.php?rest_route=\/wp\/v2\/media\/14603"}],"wp:attachment":[{"href":"https:\/\/www.manologarciaycia.com\/index.php?rest_route=%2Fwp%2Fv2%2Fmedia&parent=14602"}],"wp:term":[{"taxonomy":"category","embeddable":true,"href":"https:\/\/www.manologarciaycia.com\/index.php?rest_route=%2Fwp%2Fv2%2Fcategories&post=14602"},{"taxonomy":"post_tag","embeddable":true,"href":"https:\/\/www.manologarciaycia.com\/index.php?rest_route=%2Fwp%2Fv2%2Ftags&post=14602"}],"curies":[{"name":"wp","href":"https:\/\/api.w.org\/{rel}","templated":true}]}}