{"id":14583,"date":"2016-04-15T08:44:20","date_gmt":"2016-04-15T06:44:20","guid":{"rendered":"http:\/\/www.manologarciaycia.com\/?p=14583"},"modified":"2016-04-15T08:52:27","modified_gmt":"2016-04-15T06:52:27","slug":"manolo-garcia-es-un-momento-excelente-para-la-cancion-politica","status":"publish","type":"post","link":"https:\/\/www.manologarciaycia.com\/?p=14583","title":{"rendered":"Manolo Garc\u00eda: \u00abEs un momento excelente para la canci\u00f3n pol\u00edtica"},"content":{"rendered":"<p>El artista catal\u00e1n combina la sensibilidad del poeta con la indignaci\u00f3n por la situaci\u00f3n pol\u00edtica: \u00abLo m\u00e1s importante es entender la situaci\u00f3n de la gente\u00bb<\/p>\n<p><object id=\"flashObj\" width=\"640\" height=\"360\" classid=\"clsid:D27CDB6E-AE6D-11cf-96B8-444553540000\" codebase=\"http:\/\/download.macromedia.com\/pub\/shockwave\/cabs\/flash\/swflash.cab#version=9,0,47,0\"><param name=\"movie\" value=\"http:\/\/c.brightcove.com\/services\/viewer\/federated_f9?isVid=1&amp;isUI=1\" \/><param name=\"bgcolor\" value=\"#FFFFFF\" \/><param name=\"flashVars\" value=\"web=externos&amp;videoId=4845784180001&amp;playerID=86420195001&amp;playerKey=AQ%2E%2E,AAAADP7KBSE%2E,NP37tnwPKWHJKQRgZyNX5lcPWsrTmeMq&amp;domain=embed&amp;dynamicStreaming=true\" \/><param name=\"base\" value=\"http:\/\/admin.brightcove.com\" \/><param name=\"wmode\" value=\"transparent\" \/><param name=\"seamlesstabbing\" value=\"false\" \/><param name=\"allowFullScreen\" value=\"true\" \/><param name=\"swLiveConnect\" value=\"true\" \/><param name=\"allowScriptAccess\" value=\"always\" \/><embed src=\"http:\/\/c.brightcove.com\/services\/viewer\/federated_f9?isVid=1&amp;isUI=1\" wmode=\"transparent\" bgcolor=\"#FFFFFF\" flashvars=\"web=externos&amp;videoId=4845784180001&amp;playerID=86420195001&amp;playerKey=AQ%2E%2E,AAAADP7KBSE%2E,NP37tnwPKWHJKQRgZyNX5lcPWsrTmeMq&amp;domain=embed&amp;dynamicStreaming=true\" base=\"http:\/\/admin.brightcove.com\" name=\"flashObj\" width=\"640\" height=\"360\" seamlesstabbing=\"false\" type=\"application\/x-shockwave-flash\" allowfullscreen=\"allowfullscreen\" allowscriptaccess=\"always\" swliveconnect=\"true\" pluginspage=\"http:\/\/www.macromedia.com\/shockwave\/download\/index.cgi?P1_Prod_Version=ShockwaveFlash\" \/><\/object><\/p>\n<p>Alma de poeta, esp\u00edritu de roquero, sensibilidad de pintor&#8230; <a href=\"http:\/\/www.abc.es\/cultura\/musica\/abci-manolo-garcia-ejercicio-nostalgia-201602190406_noticia.html\">Manolo Garc\u00eda<\/a>(Barcelona, 1955) es m\u00e1s que el \u00abcompositor de canciones de m\u00fasica popular\u00bb que dice ser. En su enjuta figura se concentran los fragmentos de quien trata de construir todo lo que le rodea a partir de lo que habita en \u00e9l. Quiz\u00e1 por eso asume que le har\u00eda feliz, pese a que no tiene \u00ednfulas, que alguien dijera que ha logrado ser \u00ab<strong>un poeta, incluso un poeta menor<\/strong>\u00bb. \u00abAl fin y al cabo hay una pretensi\u00f3n l\u00edrica en mis canciones\u00bb, se excusa. Tambi\u00e9n por eso reconoce que dedica mucho tiempo a ponerse delante del lienzo en blanco. \u00abPintar me eleva de mi mismo y me distrae\u00bb, dice citando al escritor<strong>Robert Walser<\/strong>. Lo \u00fanico seguro es que todos esos fragmentos que concentra son indudablemente suyos. Todos son \u00ab<strong>manolescos<\/strong>\u00bb.<\/p>\n<p>Inmerso en la preparaci\u00f3n de su nueva gira, antes del pen\u00faltimo ensayo general, recibe a ABC. Es mi\u00e9rcoles por la ma\u00f1ana, y tras interpretar los dos primeros temas que tocar\u00e1 en la serie de <strong>16 conciertos que tiene programados hasta el 23 de julio<\/strong>, comenta entre risas: \u00abTener que cantar a estas horas de la ma\u00f1ana es un poco mala leche\u00bb. Y cuando lo dice a\u00fan le quedan por delante cuatro horas para ajustar y perfeccionar el funcionamiento de la doble banda que ha reunido: el grupo de m\u00fasicos americanos con los que grab\u00f3 en Nueva York \u00ab<a href=\"http:\/\/www.abc.es\/cultura\/musica\/20141123\/abci-entrevista-manolo-garcia-201411221726.html\">Todo es ahora<\/a>\u00bb, su \u00faltimo trabajo, y su banda habitual de directo. Es su faceta m\u00e1s prosaica, en la que se muestra como un director de \u00f3pera: a mitad del tema que est\u00e1 ensayando se va del escenario, se sit\u00faa en el lugar de los t\u00e9cnicos y observa con los ojos de un espectador. Cuando acaba el tema, se acerca a sus m\u00fasicos y perfila correcciones. <a href=\"http:\/\/www.abc.es\/cultura\/musica\/20141123\/abci-entrevista-manolo-garcia-201411221726.html\">Da la orden y comienza una nueva canci\u00f3n<\/a>. Y vuelta al ritual hasta lograr que todo se armonice a su gusto.<\/p>\n<p>Desde esos rasgos \u00abmanolescos\u00bb, como \u00e9l mismo ha acu\u00f1ado, conforma su particular visi\u00f3n del mundo. Y su mundo empieza en la m\u00fasica, su medida de todo: \u00abEs m\u00e1s f\u00e1cil que yo me ponga de acuerdo con mis bandas que los pol\u00edticos entre ellos, porque <strong>lo que perseguimos es ser felices, no ser poderosos o amasar fortunas<\/strong>\u00bb. En la cr\u00edtica a la inestabilidad pol\u00edtica, a la crisis de refugiados, a los para\u00edsos fiscales\u2026 tambi\u00e9n acaba llegando a la m\u00fasica: \u00abEs un momento excelente para la canci\u00f3n pol\u00edtica. <strong>Un momento de denuncia para que el artista que quiera y que pueda <\/strong>haga canci\u00f3n social. Creo que va a empezar pronto, si no ha empezado ya, un movimiento en este sentido porque la situaci\u00f3n mundial lo merece\u00bb, reivindica.<\/p>\n<h2>Pagar religiosamente<\/h2>\n<blockquote class=\"azul-ultra-oscuro literal\"><p>\u00abLos pol\u00edticos pugnan por mandar, por obtener esca\u00f1os\u2026 tendr\u00edan que disimular un poco\u00bb<\/p><\/blockquote>\n<p>\u00abLo m\u00e1s importante es entender la situaci\u00f3n de la gente\u00bb, repite como un altavoz Manolo Garc\u00eda. Lo dice refiri\u00e9ndose a los pol\u00edticos, pero tambi\u00e9n a su m\u00fasica. \u00abMi banda y yo pretendemos disfrutar con cada canci\u00f3n, con cada concierto. Hacemos un frente com\u00fan para hacer felices al p\u00fablico; sumamos para dar felicidad a los dem\u00e1s. El cuerpo pol\u00edtico, por contra, pugna por mandar uno sobre otro, por derribar al contrario, por obtener esca\u00f1os\u2026 tendr\u00edan que disimular un poco\u00bb, protesta. \u00abEl \u00fanico pol\u00edtico que me ha emocionado al escucharle y que me he cre\u00eddo es <a href=\"http:\/\/www.abc.es\/internacional\/abci-para-como-ateo-papa-sido-hallazgo-y-espero-siga-cambiando-iglesia-201510262307_noticia.html\">Pepe Mujica<\/a>. Tambi\u00e9n me gusta escuchar, como persona mesurada y tranquila a pesar de que es joven, a Garz\u00f3n.<strong>Cuando le oigo no siento desaz\u00f3n, no apago la televisi\u00f3n<\/strong>. Al resto hace ya tiempo que la apago cuando empiezan a hablar. No me creo nada\u00bb.<\/p>\n<blockquote class=\"azul-ultra-oscuro literal\"><p>\u00abLa mayor\u00eda de ciudadanos de este pa\u00eds, de mejor o peor talante, incluido yo, cuando nos toca pagar impuestos, pagamos. \u00bfY qu\u00e9 se hace con nuestro dinero\u2026?\u00bb<\/p><\/blockquote>\n<p>Imbuido en la actualidad pol\u00edtica, critica los esc\u00e1ndalos de <a href=\"http:\/\/www.abc.es\/economia\/abci-mario-conde-conde-afronta-ingreso-prision-cabreado-pero-tranquilo-201604141627_noticia.html\">Mario Conde<\/a> o <a href=\"http:\/\/www.abc.es\/economia\/abci-bankia-blindo-rato-salario-superior-27-millones-anuales-201602221932_noticia.html\">Rodrigo Rato<\/a>. \u00abLa mayor\u00eda de ciudadanos de este pa\u00eds, de mejor o peor talante, incluido yo, cuando nos toca pagar impuestos, pagamos. ?Y qu\u00e9 se hace con nuestro dinero\u2026?\u00bb, cuestiona para analizar: \u00abEstamos llegando a un punto donde <strong>la poblaci\u00f3n est\u00e1 asqueada de todo esto porque los papeles se han invertido<\/strong>. No son nuestros jefes. Ustedes no pueden actuar con esa prepotencia y ese desd\u00e9n. Es un insulto. Y estamos siendo muy majos, muy buenas personas con ustedes\u00bb.<\/p>\n<h2>El presente de la m\u00fasica<\/h2>\n<p>Manolo Garc\u00eda presume, orgulloso, de la forma en la que comienza el proceso creativo de un nuevo disco: \u00abNo estoy obsesionado con hacer canciones. Las hago cuando lo necesito an\u00edmicamente hablando, no cuando me piden un disco. <strong>Mi compa\u00f1\u00eda de discos no me lo exige, porque eso es imposible, no me pueden exigir nada<\/strong>: el acto creativo es pura apetencia. Es un intentar hacerlo\u00bb, explica. Quiz\u00e1 por eso, en el momento en el que por primera vez en Espa\u00f1a la <a href=\"http:\/\/www.abc.es\/cultura\/musica\/20150727\/abci-mercado-musica-digital-supera-201507271319.html\">venta de m\u00fasica digital superaba al formato f\u00edsico<\/a>, defiende la calidad:. \u00abYo personalmente prefiero de todas a todas los vinilos y los CD. Evidentemente tengo mi aparato en el que llevo un mont\u00f3n de discos con mucha menos calidad de sonido, <strong>pero si me das a elegir, prefiero vinilos<\/strong>\u00bb.<\/p>\n<blockquote class=\"azul-ultra-oscuro literal\"><p>\u00abNo estoy obsesionado con hacer canciones. Las hago cuando lo necesito an\u00edmicamente\u00bb<\/p><\/blockquote>\n<p>De la misma manera compara los tiempos pasados a los de ahora, la forma en la que llevaba su vida y c\u00f3mo concilia la faceta musical con la personal. \u00abYo he hecho giras muy largas, de salir de casa en mayo y volver a finales de octubre. <strong>Pasaba meses en Am\u00e9rica con \u2018El \u00faltimo de la fila\u2019 y daba 100 conciertos<\/strong>. Ahora es diferente: concentro la tarea, ahora por ejemplo voy a hacer 16 conciertos, 8 en recintos mayores y 8 en m\u00e1s peque\u00f1os, y ya est\u00e1\u00bb.<\/p>\n<p>Habla con la experiencia del m\u00fasico que decidi\u00f3 que ser\u00eda cantante viendo con sus t\u00edos una pel\u00edcula de Raphael cuando era ni\u00f1o. Que sabe c\u00f3mo hacer las cosas para que la vida no se le escape. \u00abEsta gira la he organizado de manera muy racional. Me tomo mis tiempos. Ahora har\u00e9 un concierto por semana, para estar como mucho dos d\u00edas en carretera y <strong>el resto poder estar componiendo nuevas canciones, pasear, relaj\u00e1ndome\u2026<\/strong>\u00bb. Y sentencia: \u00abLa clave es no apelotonarse, no querer comerse el mundo porque si no corres peligro de que el mundo te coma a ti\u00bb.<\/p>\n<h2 class=\"gris-ultra-oscuro\">Galer\u00eda de Im\u00e1genes<\/h2>\n<div id='gallery-1' class='gallery galleryid-14583 gallery-columns-3 gallery-size-thumbnail'><dl class='gallery-item'>\n\t\t\t<dt class='gallery-icon landscape'>\n\t\t\t\t<a class='swipebox' href='https:\/\/www.manologarciaycia.com\/wp-content\/uploads\/2016\/04\/MG_e1.jpg'><img loading=\"lazy\" decoding=\"async\" width=\"150\" height=\"150\" src=\"https:\/\/www.manologarciaycia.com\/wp-content\/uploads\/2016\/04\/MG_e1-150x150.jpg\" class=\"attachment-thumbnail size-thumbnail\" alt=\"\" \/><\/a>\n\t\t\t<\/dt><\/dl><dl class='gallery-item'>\n\t\t\t<dt class='gallery-icon landscape'>\n\t\t\t\t<a class='swipebox' href='https:\/\/www.manologarciaycia.com\/wp-content\/uploads\/2016\/04\/MG_e2.jpg'><img loading=\"lazy\" decoding=\"async\" width=\"150\" height=\"150\" src=\"https:\/\/www.manologarciaycia.com\/wp-content\/uploads\/2016\/04\/MG_e2-150x150.jpg\" class=\"attachment-thumbnail size-thumbnail\" alt=\"\" \/><\/a>\n\t\t\t<\/dt><\/dl><dl class='gallery-item'>\n\t\t\t<dt class='gallery-icon landscape'>\n\t\t\t\t<a class='swipebox' href='https:\/\/www.manologarciaycia.com\/wp-content\/uploads\/2016\/04\/MG_e3.jpg'><img loading=\"lazy\" decoding=\"async\" width=\"150\" height=\"150\" src=\"https:\/\/www.manologarciaycia.com\/wp-content\/uploads\/2016\/04\/MG_e3-150x150.jpg\" class=\"attachment-thumbnail size-thumbnail\" alt=\"\" \/><\/a>\n\t\t\t<\/dt><\/dl><br style=\"clear: both\" \/><dl class='gallery-item'>\n\t\t\t<dt class='gallery-icon landscape'>\n\t\t\t\t<a class='swipebox' href='https:\/\/www.manologarciaycia.com\/wp-content\/uploads\/2016\/04\/MG_e4.jpg'><img loading=\"lazy\" decoding=\"async\" width=\"150\" height=\"150\" src=\"https:\/\/www.manologarciaycia.com\/wp-content\/uploads\/2016\/04\/MG_e4-150x150.jpg\" class=\"attachment-thumbnail size-thumbnail\" alt=\"\" \/><\/a>\n\t\t\t<\/dt><\/dl><dl class='gallery-item'>\n\t\t\t<dt class='gallery-icon landscape'>\n\t\t\t\t<a class='swipebox' href='https:\/\/www.manologarciaycia.com\/wp-content\/uploads\/2016\/04\/MG_e5.jpg'><img loading=\"lazy\" decoding=\"async\" width=\"150\" height=\"150\" src=\"https:\/\/www.manologarciaycia.com\/wp-content\/uploads\/2016\/04\/MG_e5-150x150.jpg\" class=\"attachment-thumbnail size-thumbnail\" alt=\"\" \/><\/a>\n\t\t\t<\/dt><\/dl><dl class='gallery-item'>\n\t\t\t<dt class='gallery-icon landscape'>\n\t\t\t\t<a class='swipebox' href='https:\/\/www.manologarciaycia.com\/wp-content\/uploads\/2016\/04\/MG_e6.jpg'><img loading=\"lazy\" decoding=\"async\" width=\"150\" height=\"150\" src=\"https:\/\/www.manologarciaycia.com\/wp-content\/uploads\/2016\/04\/MG_e6-150x150.jpg\" class=\"attachment-thumbnail size-thumbnail\" alt=\"\" \/><\/a>\n\t\t\t<\/dt><\/dl><br style=\"clear: both\" \/><dl class='gallery-item'>\n\t\t\t<dt class='gallery-icon landscape'>\n\t\t\t\t<a class='swipebox' href='https:\/\/www.manologarciaycia.com\/wp-content\/uploads\/2016\/04\/MG_e7.jpg'><img loading=\"lazy\" decoding=\"async\" width=\"150\" height=\"150\" src=\"https:\/\/www.manologarciaycia.com\/wp-content\/uploads\/2016\/04\/MG_e7-150x150.jpg\" class=\"attachment-thumbnail size-thumbnail\" alt=\"\" \/><\/a>\n\t\t\t<\/dt><\/dl><dl class='gallery-item'>\n\t\t\t<dt class='gallery-icon landscape'>\n\t\t\t\t<a class='swipebox' href='https:\/\/www.manologarciaycia.com\/wp-content\/uploads\/2016\/04\/MG_e8.jpg'><img loading=\"lazy\" decoding=\"async\" width=\"150\" height=\"150\" src=\"https:\/\/www.manologarciaycia.com\/wp-content\/uploads\/2016\/04\/MG_e8-150x150.jpg\" class=\"attachment-thumbnail size-thumbnail\" alt=\"\" \/><\/a>\n\t\t\t<\/dt><\/dl><dl class='gallery-item'>\n\t\t\t<dt class='gallery-icon landscape'>\n\t\t\t\t<a class='swipebox' href='https:\/\/www.manologarciaycia.com\/wp-content\/uploads\/2016\/04\/MG_e9.jpg'><img loading=\"lazy\" decoding=\"async\" width=\"150\" height=\"150\" src=\"https:\/\/www.manologarciaycia.com\/wp-content\/uploads\/2016\/04\/MG_e9-150x150.jpg\" class=\"attachment-thumbnail size-thumbnail\" alt=\"\" \/><\/a>\n\t\t\t<\/dt><\/dl><br style=\"clear: both\" \/><dl class='gallery-item'>\n\t\t\t<dt class='gallery-icon landscape'>\n\t\t\t\t<a class='swipebox' href='https:\/\/www.manologarciaycia.com\/wp-content\/uploads\/2016\/04\/MG_e10.jpg'><img loading=\"lazy\" decoding=\"async\" width=\"150\" height=\"150\" src=\"https:\/\/www.manologarciaycia.com\/wp-content\/uploads\/2016\/04\/MG_e10-150x150.jpg\" class=\"attachment-thumbnail size-thumbnail\" alt=\"\" \/><\/a>\n\t\t\t<\/dt><\/dl><dl class='gallery-item'>\n\t\t\t<dt class='gallery-icon landscape'>\n\t\t\t\t<a class='swipebox' href='https:\/\/www.manologarciaycia.com\/wp-content\/uploads\/2016\/04\/MG_e11.jpg'><img loading=\"lazy\" decoding=\"async\" width=\"150\" height=\"150\" src=\"https:\/\/www.manologarciaycia.com\/wp-content\/uploads\/2016\/04\/MG_e11-150x150.jpg\" class=\"attachment-thumbnail size-thumbnail\" alt=\"\" \/><\/a>\n\t\t\t<\/dt><\/dl><dl class='gallery-item'>\n\t\t\t<dt class='gallery-icon landscape'>\n\t\t\t\t<a class='swipebox' href='https:\/\/www.manologarciaycia.com\/wp-content\/uploads\/2016\/04\/MG_e12.jpg'><img loading=\"lazy\" decoding=\"async\" width=\"150\" height=\"150\" src=\"https:\/\/www.manologarciaycia.com\/wp-content\/uploads\/2016\/04\/MG_e12-150x150.jpg\" class=\"attachment-thumbnail size-thumbnail\" alt=\"\" \/><\/a>\n\t\t\t<\/dt><\/dl><br style=\"clear: both\" \/><dl class='gallery-item'>\n\t\t\t<dt class='gallery-icon landscape'>\n\t\t\t\t<a class='swipebox' href='https:\/\/www.manologarciaycia.com\/wp-content\/uploads\/2016\/04\/MG_e13.jpg'><img loading=\"lazy\" decoding=\"async\" width=\"150\" height=\"150\" src=\"https:\/\/www.manologarciaycia.com\/wp-content\/uploads\/2016\/04\/MG_e13-150x150.jpg\" class=\"attachment-thumbnail size-thumbnail\" alt=\"\" \/><\/a>\n\t\t\t<\/dt><\/dl><dl class='gallery-item'>\n\t\t\t<dt class='gallery-icon landscape'>\n\t\t\t\t<a class='swipebox' href='https:\/\/www.manologarciaycia.com\/wp-content\/uploads\/2016\/04\/MG_e14.jpg'><img loading=\"lazy\" decoding=\"async\" width=\"150\" height=\"150\" src=\"https:\/\/www.manologarciaycia.com\/wp-content\/uploads\/2016\/04\/MG_e14-150x150.jpg\" class=\"attachment-thumbnail size-thumbnail\" alt=\"\" \/><\/a>\n\t\t\t<\/dt><\/dl>\n\t\t\t<br style='clear: both' \/>\n\t\t<\/div>\n\n<aside class=\"despiece bg-gris-ultra-claro gris-oscuro\">\n<h1 class=\"gris-ultra-oscuro\">Gira Todo es ahora<\/h1>\n<p>Primera parte (en grandes recintos):<\/p>\n<p>M\u00e1laga, 16 abril, Auditorio Municipal<\/p>\n<p>Bilbao, 23 abril, Bilbao Arena Miribilla<\/p>\n<p>Zaragoza, 29 abril, Pabell\u00f3n Pr\u00edncipe Felipe<\/p>\n<p>Gij\u00f3n, 7 mayo, Palacio de deportes<\/p>\n<p>Barcelona, 14 mayo, Parc del F\u00f2rum \u00faltimas entradas<\/p>\n<p>Madrid, 21 mayo, Barclaycard Center, entradas agotadas<\/p>\n<p>Valencia, 26 mayo, Plaza de toros \u00faltimas entradas<\/p>\n<p>Sevilla, 28 mayo, Auditorio Roc\u00edo Jurado entradas agotadas<\/p>\n<p><strong>Segunda parte<\/strong>:<\/p>\n<p>Mallorca, 18 junio, Son Fusteret<\/p>\n<p>Badajoz, 25 junio, Auditorio Recinto Ferial<\/p>\n<p>Tenerife, 30 junio, Pabell\u00f3n Santiago Mart\u00edn Laguna<\/p>\n<p>Telde, 2 junio, Auditorio Parque San Juan<\/p>\n<p>A Coru\u00f1a, 8 julio, Palacio de la \u00d3pera<\/p>\n<p>Murcia, 15 julio, Cuartel de Artiller\u00eda<\/p>\n<p>Sant Feliu de Guixols, Festival Portaferrada, 23 julio, Espai Port<\/p>\n<p>Fuente: ABC &#8211; <a href=\"http:\/\/www.abc.es\/cultura\/musica\/abci-manolo-garcia-momento-excelente-para-cancion-politica-201604150650_noticia.html\" target=\"_blank\">ENLACE<\/a><\/p>\n<\/aside>\n","protected":false},"excerpt":{"rendered":"<p>El artista catal\u00e1n combina la sensibilidad del poeta con la indignaci\u00f3n por la situaci\u00f3n pol\u00edtica: \u00abLo m\u00e1s importante es entender la situaci\u00f3n de la gente\u00bb Alma de poeta, esp\u00edritu de roquero, sensibilidad de pintor&#8230; Manolo Garc\u00eda(Barcelona, 1955) es m\u00e1s que el \u00abcompositor de canciones de m\u00fasica popular\u00bb que dice ser. En su enjuta figura se<a class=\"moretag\" href=\"https:\/\/www.manologarciaycia.com\/?p=14583\" title=\"Manolo Garc\u00eda: \u00abEs un momento excelente para la canci\u00f3n pol\u00edtica\" target=\"_self\" rel=\"follow\"> <font face=arial size=2>[Leer m\u00e1s]<\/font> <\/a><\/p>\n","protected":false},"author":2,"featured_media":14600,"comment_status":"closed","ping_status":"closed","sticky":false,"template":"","format":"standard","meta":{"footnotes":""},"categories":[1],"tags":[],"class_list":["post-14583","post","type-post","status-publish","format-standard","has-post-thumbnail","hentry","category-manolo-garcia"],"_links":{"self":[{"href":"https:\/\/www.manologarciaycia.com\/index.php?rest_route=\/wp\/v2\/posts\/14583","targetHints":{"allow":["GET"]}}],"collection":[{"href":"https:\/\/www.manologarciaycia.com\/index.php?rest_route=\/wp\/v2\/posts"}],"about":[{"href":"https:\/\/www.manologarciaycia.com\/index.php?rest_route=\/wp\/v2\/types\/post"}],"author":[{"embeddable":true,"href":"https:\/\/www.manologarciaycia.com\/index.php?rest_route=\/wp\/v2\/users\/2"}],"replies":[{"embeddable":true,"href":"https:\/\/www.manologarciaycia.com\/index.php?rest_route=%2Fwp%2Fv2%2Fcomments&post=14583"}],"version-history":[{"count":3,"href":"https:\/\/www.manologarciaycia.com\/index.php?rest_route=\/wp\/v2\/posts\/14583\/revisions"}],"predecessor-version":[{"id":14601,"href":"https:\/\/www.manologarciaycia.com\/index.php?rest_route=\/wp\/v2\/posts\/14583\/revisions\/14601"}],"wp:featuredmedia":[{"embeddable":true,"href":"https:\/\/www.manologarciaycia.com\/index.php?rest_route=\/wp\/v2\/media\/14600"}],"wp:attachment":[{"href":"https:\/\/www.manologarciaycia.com\/index.php?rest_route=%2Fwp%2Fv2%2Fmedia&parent=14583"}],"wp:term":[{"taxonomy":"category","embeddable":true,"href":"https:\/\/www.manologarciaycia.com\/index.php?rest_route=%2Fwp%2Fv2%2Fcategories&post=14583"},{"taxonomy":"post_tag","embeddable":true,"href":"https:\/\/www.manologarciaycia.com\/index.php?rest_route=%2Fwp%2Fv2%2Ftags&post=14583"}],"curies":[{"name":"wp","href":"https:\/\/api.w.org\/{rel}","templated":true}]}}