{"id":14580,"date":"2016-04-15T08:39:51","date_gmt":"2016-04-15T06:39:51","guid":{"rendered":"http:\/\/www.manologarciaycia.com\/?p=14580"},"modified":"2016-04-15T08:39:51","modified_gmt":"2016-04-15T06:39:51","slug":"manolo-garcia-comienza-su-gira-todo-es-ahora-en-el-auditorio-municipal-de-malaga","status":"publish","type":"post","link":"https:\/\/www.manologarciaycia.com\/?p=14580","title":{"rendered":"Manolo Garc\u00eda comienza su gira \u201cTodo es ahora\u201d en el Auditorio Municipal de M\u00e1laga"},"content":{"rendered":"<p>El artista presenta su \u00faltimo trabajo con los m\u00fasicos americanos que participaron en la grabaci\u00f3n, en una gira corta y de grandes recintos<\/p>\n<p>M\u00e1laga, Bilbao, Zaragoza, Gij\u00f3n, Barcelona, Madrid, Valencia y Sevilla ser\u00e1n las ciudades donde se podr\u00e1 disfrutar de \u00e9ste magn\u00edfico directo. El artista presenta su \u00faltimo trabajo con los m\u00fasicos americanos que participaron en la grabaci\u00f3n, en una gira corta y de grandes recintos.<\/p>\n<h2>Manolo Garc\u00eda vuelve a los grandes escenarios<\/h2>\n<p>Despu\u00e9s de sus dos \u00faltimas giras, en las que pase\u00f3 sus canciones por teatros y auditorios, el artista regresa a los recintos de gran tama\u00f1o, en los que se presentar\u00e1 con doble banda: Adem\u00e1s de su habitual equipo de directo, formado por <strong>Ricardo Mar\u00edn, Juan Carlos Garc\u00eda, Albert Serrano, I\u00f1igo Goldaracena, Charly Sard\u00e0<\/strong> y<strong> Alvaro Gandul<\/strong>, en esta ocasi\u00f3n le acompa\u00f1ar\u00e1n tambi\u00e9n los m\u00fasicos de la escena neoyorquina con los que grab\u00f3 su \u00faltimo disco:<strong> Gerry Leonard<\/strong> a las guitarras, <strong>Zachary Alford<\/strong> a la bater\u00eda y <strong>Jack Dale<\/strong>y al bajo y tambi\u00e9n con <strong>Mark Goldenberg<\/strong>, guitarrista californiano que colabor\u00f3 en su pen\u00faltimo disco Los d\u00edas intactos; m\u00fasicos que cuentan en sus curr\u00edculums con nombres como David Bowie, Lenny Kravitz, Bruce Springsteen o John Lennon, toda una garant\u00eda y un lujo para este nuevo tour.<\/p>\n<p>Con este lujoso y extenso elenco de m\u00fasicos, el concierto se vertebrar\u00e1 en dos partes deferentes. En la primera, los m\u00fasicos americanos le acompa\u00f1ar\u00e1n en las canciones de sus dos \u00faltimos discos, Todo es ahora y Los d\u00edas intactos, ambos grabados con artistas estadounidenses. Ya en la segunda parte del espect\u00e1culo, su banda habitual interpretar\u00e1 canciones de sus anteriores trabajos en solitario.<\/p>\n<p><iframe loading=\"lazy\" src=\"https:\/\/www.youtube.com\/embed\/VwyilSQod18?rel=0&amp;showinfo=0\" width=\"853\" height=\"480\" frameborder=\"0\" allowfullscreen=\"allowfullscreen\"><\/iframe><\/p>\n<p>Tras esta gira, Manolo Garc\u00eda se volcar\u00e1 ya en la composici\u00f3n y grabaci\u00f3n de su pr\u00f3ximo trabajo de estudio, que tomar\u00e1 el relevo de \u201cTodo es ahora\u201d. Publicado el pasado oto\u00f1o, \u201cTodo es ahora\u201d es b\u00e1sicamente un disco de rock, aunque rebosante de esas emociones que Manolo Garc\u00eda sabe transmitir como muy pocos artistas en nuestro pa\u00eds.<\/p>\n<p>Desde el mismo momento de su publicaci\u00f3n, el \u00e1lbum se instal\u00f3 entre los \u00e1lbumes m\u00e1s vendidos en Espa\u00f1a. El p\u00fablico lo catapult\u00f3 r\u00e1pidamente hasta el doble disco de platino, un merecido reconocimiento para un artista honesto y talentoso en absoluta plenitud.<\/p>\n<p>Las entradas para el concierto, disponibles desde el pasado mes de noviembre, pueden conseguirse a trav\u00e9s de M\u00e1laga Entradas, Ticketmaster y Taquilla Mediaset.<\/p>\n<p>Fuente: El \u00c1gora de Alahurin &#8211; <a href=\"http:\/\/www.elagoradealhaurin.com\/articulo\/cultura\/manolo-garcia-comienza-gira-todo-ahora-auditorio-municipal-malaga\/20160413164007004559.html\" target=\"_blank\">ENLACE<\/a><\/p>\n","protected":false},"excerpt":{"rendered":"<p>El artista presenta su \u00faltimo trabajo con los m\u00fasicos americanos que participaron en la grabaci\u00f3n, en una gira corta y de grandes recintos M\u00e1laga, Bilbao, Zaragoza, Gij\u00f3n, Barcelona, Madrid, Valencia y Sevilla ser\u00e1n las ciudades donde se podr\u00e1 disfrutar de \u00e9ste magn\u00edfico directo. El artista presenta su \u00faltimo trabajo con los m\u00fasicos americanos que participaron<a class=\"moretag\" href=\"https:\/\/www.manologarciaycia.com\/?p=14580\" title=\"Manolo Garc\u00eda comienza su gira \u201cTodo es ahora\u201d en el Auditorio Municipal de M\u00e1laga\" target=\"_self\" rel=\"follow\"> <font face=arial size=2>[Leer m\u00e1s]<\/font> <\/a><\/p>\n","protected":false},"author":2,"featured_media":14581,"comment_status":"closed","ping_status":"closed","sticky":false,"template":"","format":"standard","meta":{"footnotes":""},"categories":[1],"tags":[],"class_list":["post-14580","post","type-post","status-publish","format-standard","has-post-thumbnail","hentry","category-manolo-garcia"],"_links":{"self":[{"href":"https:\/\/www.manologarciaycia.com\/index.php?rest_route=\/wp\/v2\/posts\/14580","targetHints":{"allow":["GET"]}}],"collection":[{"href":"https:\/\/www.manologarciaycia.com\/index.php?rest_route=\/wp\/v2\/posts"}],"about":[{"href":"https:\/\/www.manologarciaycia.com\/index.php?rest_route=\/wp\/v2\/types\/post"}],"author":[{"embeddable":true,"href":"https:\/\/www.manologarciaycia.com\/index.php?rest_route=\/wp\/v2\/users\/2"}],"replies":[{"embeddable":true,"href":"https:\/\/www.manologarciaycia.com\/index.php?rest_route=%2Fwp%2Fv2%2Fcomments&post=14580"}],"version-history":[{"count":1,"href":"https:\/\/www.manologarciaycia.com\/index.php?rest_route=\/wp\/v2\/posts\/14580\/revisions"}],"predecessor-version":[{"id":14582,"href":"https:\/\/www.manologarciaycia.com\/index.php?rest_route=\/wp\/v2\/posts\/14580\/revisions\/14582"}],"wp:featuredmedia":[{"embeddable":true,"href":"https:\/\/www.manologarciaycia.com\/index.php?rest_route=\/wp\/v2\/media\/14581"}],"wp:attachment":[{"href":"https:\/\/www.manologarciaycia.com\/index.php?rest_route=%2Fwp%2Fv2%2Fmedia&parent=14580"}],"wp:term":[{"taxonomy":"category","embeddable":true,"href":"https:\/\/www.manologarciaycia.com\/index.php?rest_route=%2Fwp%2Fv2%2Fcategories&post=14580"},{"taxonomy":"post_tag","embeddable":true,"href":"https:\/\/www.manologarciaycia.com\/index.php?rest_route=%2Fwp%2Fv2%2Ftags&post=14580"}],"curies":[{"name":"wp","href":"https:\/\/api.w.org\/{rel}","templated":true}]}}